{"id":6752,"date":"2017-10-05T08:49:23","date_gmt":"2017-10-05T08:49:23","guid":{"rendered":"http:\/\/www.turismocaravaca.com\/blog\/?p=6752"},"modified":"2017-10-05T08:49:23","modified_gmt":"2017-10-05T08:49:23","slug":"castillo-de-poyos-de-celda","status":"publish","type":"post","link":"https:\/\/www.turismocaravaca.com\/blog\/castillo-de-poyos-de-celda\/","title":{"rendered":"Castillo de Poyos de Celda"},"content":{"rendered":"<p style=\"text-align: justify;\">La fortificaci\u00f3n se encuentra enclavada en la pedan\u00eda caravaque\u00f1a de Los Royos, muy cerca de las llamadas Casas de La Capellan\u00eda, y sobre una estrat\u00e9gica elevaci\u00f3n que controla los campos circundantes y un importante alumbramiento de agua (la fuente de La Capellan\u00eda).<\/p>\n<p><img loading=\"lazy\" decoding=\"async\" class=\"aligncenter wp-image-6753 size-full\" src=\"https:\/\/www.turismocaravaca.com\/blog\/wp-content\/uploads\/2017\/10\/Flanco-del-torreon-lateral.jpg\" alt=\"\" width=\"720\" height=\"540\" srcset=\"https:\/\/www.turismocaravaca.com\/blog\/wp-content\/uploads\/2017\/10\/Flanco-del-torreon-lateral.jpg 720w, https:\/\/www.turismocaravaca.com\/blog\/wp-content\/uploads\/2017\/10\/Flanco-del-torreon-lateral-300x225.jpg 300w\" sizes=\"(max-width: 720px) 100vw, 720px\" \/><\/p>\n<p>&nbsp;<\/p>\n<p style=\"text-align: justify;\"><strong><span style=\"color: maroon;\">Su acontecer hist\u00f3rico<\/span><\/strong><\/p>\n<p style=\"text-align: justify;\">Los or\u00edgenes del castillo se remontan a \u00e9poca isl\u00e1mica, al igual que un relevante poblamiento asociado a la fortificaci\u00f3n, que se sit\u00faa en la fachada oeste del cerro. Incluso algunos autores han identificado estos restos monumentales con el castillo de Yayttilla, mencionado por el ge\u00f3grafo musulm\u00e1n al-Udri a mediados del siglo XI. No obstante, es ya en \u00e9poca cristiana, a partir de la segunda mitad del siglo XIII, cuando las noticias referentes al castillo comienzan a ser m\u00e1s reveladoras. Gracias a ellas sabemos su final dependencia de la Orden de Santiago y su probable abandono y destrucci\u00f3n hacia el siglo XVI.<\/p>\n<p>&nbsp;<\/p>\n<p><img loading=\"lazy\" decoding=\"async\" class=\"aligncenter wp-image-6754 size-full\" src=\"https:\/\/www.turismocaravaca.com\/blog\/wp-content\/uploads\/2017\/10\/DSCN0333.jpg\" alt=\"\" width=\"720\" height=\"540\" srcset=\"https:\/\/www.turismocaravaca.com\/blog\/wp-content\/uploads\/2017\/10\/DSCN0333.jpg 720w, https:\/\/www.turismocaravaca.com\/blog\/wp-content\/uploads\/2017\/10\/DSCN0333-300x225.jpg 300w\" sizes=\"(max-width: 720px) 100vw, 720px\" \/><\/p>\n<p>&nbsp;<\/p>\n<p>En la actualidad, podemos contemplar las ruinas de una fortificaci\u00f3n adaptada a la cumbre del cerro, con planta casi rectangular y flanqueada por seis torreones bien distribuidos y adosados a sus lados mayores (los situados al oeste son los peores conservados), con unas dimensiones medias de unos 55 m. en sentido norte sur y 20 m. de este a oeste, en cuyo interior se conservan a\u00fan varios aljibes. Hacia la ladera oriental se situ\u00f3 el poblamiento, cuyos restos son apenas perceptibles. Todas estas estructuras constructivas se encuentran declaradas <strong>BIC<\/strong>.<\/p>\n<p><img loading=\"lazy\" decoding=\"async\" class=\"aligncenter wp-image-6755 size-full\" src=\"https:\/\/www.turismocaravaca.com\/blog\/wp-content\/uploads\/2017\/10\/Frente-de-la-fortaleza.jpg\" alt=\"\" width=\"720\" height=\"540\" srcset=\"https:\/\/www.turismocaravaca.com\/blog\/wp-content\/uploads\/2017\/10\/Frente-de-la-fortaleza.jpg 720w, https:\/\/www.turismocaravaca.com\/blog\/wp-content\/uploads\/2017\/10\/Frente-de-la-fortaleza-300x225.jpg 300w\" sizes=\"(max-width: 720px) 100vw, 720px\" \/><\/p>\n<p>&nbsp;<\/p>\n<p style=\"text-align: justify;\">Excavado un peque\u00f1o sector exterior en la mitad meridional, los muros relevaron estar enlucidos y surgi\u00f3 un peque\u00f1o acceso en parte tallado en la roca. En su interior, hacia el sector sureste, se encuentran varios aljibes, de los cuales uno a\u00fan conserva bien su b\u00f3veda de medio ca\u00f1\u00f3n. Mientras, por el norte, parece que hacia el exterior, se le ados\u00f3 otro recinto fortificado, de mucha menor entidad, que quiz\u00e1 sirviese como redil o peque\u00f1o albacar.<\/p>\n<p>&nbsp;<\/p>\n<p><img loading=\"lazy\" decoding=\"async\" class=\"aligncenter wp-image-6756 size-full\" src=\"https:\/\/www.turismocaravaca.com\/blog\/wp-content\/uploads\/2017\/10\/Poterna-bajo-los-aljibes.jpg\" alt=\"\" width=\"720\" height=\"540\" srcset=\"https:\/\/www.turismocaravaca.com\/blog\/wp-content\/uploads\/2017\/10\/Poterna-bajo-los-aljibes.jpg 720w, https:\/\/www.turismocaravaca.com\/blog\/wp-content\/uploads\/2017\/10\/Poterna-bajo-los-aljibes-300x225.jpg 300w\" sizes=\"(max-width: 720px) 100vw, 720px\" \/><\/p>\n<p>&nbsp;<\/p>\n<p style=\"text-align: justify;\">Los muros de la fortaleza fueron construidos mediante tapiales, utilizando, junto a la argamasa de cal, piedras de gruesa factura, lo que ha contribuido tambi\u00e9n al mal estado de conservaci\u00f3n que presenta en la actualidad.<\/p>\n<p>&nbsp;<\/p>\n<p><img loading=\"lazy\" decoding=\"async\" class=\"aligncenter wp-image-6757 size-full\" src=\"https:\/\/www.turismocaravaca.com\/blog\/wp-content\/uploads\/2017\/10\/Torreon-desde-el-interior.jpg\" alt=\"\" width=\"720\" height=\"540\" srcset=\"https:\/\/www.turismocaravaca.com\/blog\/wp-content\/uploads\/2017\/10\/Torreon-desde-el-interior.jpg 720w, https:\/\/www.turismocaravaca.com\/blog\/wp-content\/uploads\/2017\/10\/Torreon-desde-el-interior-300x225.jpg 300w\" sizes=\"(max-width: 720px) 100vw, 720px\" \/><\/p>\n<p>&nbsp;<\/p>\n<p>Fuente: www.regmurcia.com<\/p>\n","protected":false},"excerpt":{"rendered":"<p>La fortificaci\u00f3n se encuentra enclavada en la pedan\u00eda caravaque\u00f1a de Los Royos, muy cerca de las llamadas Casas de La Capellan\u00eda, y sobre una estrat\u00e9gica elevaci\u00f3n que controla los campos circundantes y un importante alumbramiento de agua (la fuente de La Capellan\u00eda). &nbsp; Su acontecer hist\u00f3rico Los or\u00edgenes del castillo se remontan a \u00e9poca isl\u00e1mica, [&hellip;]<\/p>\n","protected":false},"author":2,"featured_media":0,"comment_status":"open","ping_status":"open","sticky":false,"template":"","format":"standard","meta":{"footnotes":""},"categories":[8,2126],"tags":[2133],"class_list":["post-6752","post","type-post","status-publish","format-standard","hentry","category-castillos","category-espanol","tag-castillo-de-poyos-de-celda"],"_links":{"self":[{"href":"https:\/\/www.turismocaravaca.com\/blog\/wp-json\/wp\/v2\/posts\/6752"}],"collection":[{"href":"https:\/\/www.turismocaravaca.com\/blog\/wp-json\/wp\/v2\/posts"}],"about":[{"href":"https:\/\/www.turismocaravaca.com\/blog\/wp-json\/wp\/v2\/types\/post"}],"author":[{"embeddable":true,"href":"https:\/\/www.turismocaravaca.com\/blog\/wp-json\/wp\/v2\/users\/2"}],"replies":[{"embeddable":true,"href":"https:\/\/www.turismocaravaca.com\/blog\/wp-json\/wp\/v2\/comments?post=6752"}],"version-history":[{"count":1,"href":"https:\/\/www.turismocaravaca.com\/blog\/wp-json\/wp\/v2\/posts\/6752\/revisions"}],"predecessor-version":[{"id":6758,"href":"https:\/\/www.turismocaravaca.com\/blog\/wp-json\/wp\/v2\/posts\/6752\/revisions\/6758"}],"wp:attachment":[{"href":"https:\/\/www.turismocaravaca.com\/blog\/wp-json\/wp\/v2\/media?parent=6752"}],"wp:term":[{"taxonomy":"category","embeddable":true,"href":"https:\/\/www.turismocaravaca.com\/blog\/wp-json\/wp\/v2\/categories?post=6752"},{"taxonomy":"post_tag","embeddable":true,"href":"https:\/\/www.turismocaravaca.com\/blog\/wp-json\/wp\/v2\/tags?post=6752"}],"curies":[{"name":"wp","href":"https:\/\/api.w.org\/{rel}","templated":true}]}}