{"id":6799,"date":"2017-10-31T10:05:23","date_gmt":"2017-10-31T10:05:23","guid":{"rendered":"http:\/\/www.turismocaravaca.com\/blog\/?p=6799"},"modified":"2017-11-01T12:15:55","modified_gmt":"2017-11-01T12:15:55","slug":"la-salerito-de-las-mieles-del-exito-al-olvido","status":"publish","type":"post","link":"https:\/\/www.turismocaravaca.com\/blog\/la-salerito-de-las-mieles-del-exito-al-olvido\/","title":{"rendered":"La Salerito, de las mieles del \u00e9xito al olvido"},"content":{"rendered":"<p><img loading=\"lazy\" decoding=\"async\" class=\" wp-image-6800 alignleft\" src=\"https:\/\/www.turismocaravaca.com\/blog\/wp-content\/uploads\/2017\/10\/la-salerito-en-1912-150x150.jpg\" alt=\"\" width=\"290\" height=\"290\" \/><\/p>\n<p><strong>Antonia Mart\u00ednez Burruezo<\/strong>, m\u00e1s conocida como La Salerito, fue una cantante caravaque\u00f1a \u00a0que sabore\u00f3 las mieles del \u00e9xito a principios del siglo XX. Naci\u00f3 en Caravaca\u00a0 el 23 de julio de 1881. Decidi\u00f3 trasladarse a Madrid persiguiendo el sue\u00f1o de convertirse en una estrella y lo logr\u00f3.<\/p>\n<p>Precisamente en la capital espa\u00f1ola consigui\u00f3 un contrato para actuar en el <strong>Petit Palais<\/strong> en la compa\u00f1\u00eda Rafael Arcos, y comenz\u00f3 a cultivar <strong>el cupl\u00e9 y el flamenco<\/strong>. M\u00e1s tarde, su carrera art\u00edstica la llevar\u00eda a triunfar en\u00a0 Andaluc\u00eda, pasando por Sevilla,\u00a0 por el Teatro Mora de Huelva y por el Sal\u00f3n Venus de Gibraltar. Asimismo, grab\u00f3 una serie de canciones para Columbia, como <em>Canci\u00f3n Canaria, Garrot\u00edn y las Cartageneras y Murcianas.<\/em><\/p>\n<p>&nbsp;<\/p>\n<p>La artista caravaque\u00f1a no se limit\u00f3 solo a la Pen\u00ednsula Ib\u00e9rica, sino que viaj\u00f3 a Am\u00e9rica Latina donde recibi\u00f3 el cari\u00f1o y el fervor del p\u00fablico. En 1911 actu\u00f3 en <strong>La Habana <\/strong>en los teatros Variedades y Actualidades. Adem\u00e1s, actu\u00f3 en M\u00e9xico, Venezuela y Brasil, entre otras naciones de Hispanoam\u00e9rica. Siguiendo con su paso por el extranjero, hay que subrayar sus actuaciones en Portugal, especialmente en el Sal\u00f3n Trinidad de Lisboa.<\/p>\n<p>Tras cosechar \u00e9xitos y buenas cr\u00edticas en el continente americano, regres\u00f3 a su pueblo natal para realizar el 15 de agosto de 1911 una actuaci\u00f3n en el <strong>Teatro Thuiller<\/strong> a beneficio de la Sant\u00edsima Vera Cruz. Su trayectoria art\u00edstica recorri\u00f3 el territorio nacional: en el Sal\u00f3n Novedades en Valencia, en el Teatro Principal de Castell\u00f3n y en el Teatro Gayarre de Barcelona, entre otros.<\/p>\n<p><img loading=\"lazy\" decoding=\"async\" class=\"aligncenter wp-image-6801\" src=\"https:\/\/www.turismocaravaca.com\/blog\/wp-content\/uploads\/2017\/10\/publicidad-de-la-actuacic3b3n-de-la-salerito-en-el-salc3b3n-llorens-de-sevilla-150x150.jpg\" alt=\"\" width=\"373\" height=\"336\" srcset=\"https:\/\/www.turismocaravaca.com\/blog\/wp-content\/uploads\/2017\/10\/publicidad-de-la-actuacic3b3n-de-la-salerito-en-el-salc3b3n-llorens-de-sevilla-300x270.jpg 300w, https:\/\/www.turismocaravaca.com\/blog\/wp-content\/uploads\/2017\/10\/publicidad-de-la-actuacic3b3n-de-la-salerito-en-el-salc3b3n-llorens-de-sevilla.jpg 640w\" sizes=\"(max-width: 373px) 100vw, 373px\" \/><\/p>\n<p>Por otro lado, la Salerito estren\u00f3 su <strong>faceta de empresaria<\/strong> abriendo un caf\u00e9 teatro en Melilla en la d\u00e9cada de los a\u00f1os veinte. Sin embargo, aquella aventura acab\u00f3 en un rotundo fracaso cuando su negocio se incendi\u00f3 por un accidente. A esto hay que a\u00f1adir que la Salerito fue <strong>acusada de robarle un collar a una artista<\/strong> con la que compart\u00eda cartel en un teatro de Oran. Finalmente, esta acusaci\u00f3n se deb\u00eda a una venganza personal y la artista fue puesta en libertad.<\/p>\n<p>Con el paso de los a\u00f1os, el esplendor de la Salerito se qued\u00f3 en el olvido, y del furor del \u00e9xito descendi\u00f3 a los infiernos.\u00a0 El 30 de agosto de 1959, el peri\u00f3dico ABC informaba que la caravaque\u00f1a <strong>falleci\u00f3 a los 78 a\u00f1os de edad en la pobreza<\/strong>. El mismo diario dec\u00eda que Sara Montiel estaba organizando una funci\u00f3n en beneficio de la artista murciana.<\/p>\n<p><img loading=\"lazy\" decoding=\"async\" class=\"aligncenter wp-image-6803\" src=\"https:\/\/www.turismocaravaca.com\/blog\/wp-content\/uploads\/2017\/10\/LaSalerito-150x150.jpg\" alt=\"\" width=\"270\" height=\"416\" srcset=\"https:\/\/www.turismocaravaca.com\/blog\/wp-content\/uploads\/2017\/10\/LaSalerito-195x300.jpg 195w, https:\/\/www.turismocaravaca.com\/blog\/wp-content\/uploads\/2017\/10\/LaSalerito-768x1184.jpg 768w, https:\/\/www.turismocaravaca.com\/blog\/wp-content\/uploads\/2017\/10\/LaSalerito-664x1024.jpg 664w, https:\/\/www.turismocaravaca.com\/blog\/wp-content\/uploads\/2017\/10\/LaSalerito.jpg 811w\" sizes=\"(max-width: 270px) 100vw, 270px\" \/><\/p>\n<p><strong>Fuentes:<\/strong><\/p>\n<p>www.regmurcia.com\/<\/p>\n<p>latribunadelnoroeste.wordpress.com\/<\/p>\n<p>hemeroteca.abc.es\/<\/p>\n","protected":false},"excerpt":{"rendered":"<p>Antonia Mart\u00ednez Burruezo, m\u00e1s conocida como La Salerito, fue una cantante caravaque\u00f1a \u00a0que sabore\u00f3 las mieles del \u00e9xito a principios del siglo XX. Naci\u00f3 en Caravaca\u00a0 el 23 de julio de 1881. Decidi\u00f3 trasladarse a Madrid persiguiendo el sue\u00f1o de convertirse en una estrella y lo logr\u00f3. Precisamente en la capital espa\u00f1ola consigui\u00f3 un contrato [&hellip;]<\/p>\n","protected":false},"author":2,"featured_media":0,"comment_status":"open","ping_status":"open","sticky":false,"template":"","format":"standard","meta":{"footnotes":""},"categories":[4,2126,2138,1],"tags":[2140,2141],"class_list":["post-6799","post","type-post","status-publish","format-standard","hentry","category-arte","category-espanol","category-musica","category-sin-categoria","tag-cantante","tag-la-salerito"],"_links":{"self":[{"href":"https:\/\/www.turismocaravaca.com\/blog\/wp-json\/wp\/v2\/posts\/6799"}],"collection":[{"href":"https:\/\/www.turismocaravaca.com\/blog\/wp-json\/wp\/v2\/posts"}],"about":[{"href":"https:\/\/www.turismocaravaca.com\/blog\/wp-json\/wp\/v2\/types\/post"}],"author":[{"embeddable":true,"href":"https:\/\/www.turismocaravaca.com\/blog\/wp-json\/wp\/v2\/users\/2"}],"replies":[{"embeddable":true,"href":"https:\/\/www.turismocaravaca.com\/blog\/wp-json\/wp\/v2\/comments?post=6799"}],"version-history":[{"count":5,"href":"https:\/\/www.turismocaravaca.com\/blog\/wp-json\/wp\/v2\/posts\/6799\/revisions"}],"predecessor-version":[{"id":6809,"href":"https:\/\/www.turismocaravaca.com\/blog\/wp-json\/wp\/v2\/posts\/6799\/revisions\/6809"}],"wp:attachment":[{"href":"https:\/\/www.turismocaravaca.com\/blog\/wp-json\/wp\/v2\/media?parent=6799"}],"wp:term":[{"taxonomy":"category","embeddable":true,"href":"https:\/\/www.turismocaravaca.com\/blog\/wp-json\/wp\/v2\/categories?post=6799"},{"taxonomy":"post_tag","embeddable":true,"href":"https:\/\/www.turismocaravaca.com\/blog\/wp-json\/wp\/v2\/tags?post=6799"}],"curies":[{"name":"wp","href":"https:\/\/api.w.org\/{rel}","templated":true}]}}