{"id":6862,"date":"2017-11-28T17:45:54","date_gmt":"2017-11-28T17:45:54","guid":{"rendered":"http:\/\/www.turismocaravaca.com\/blog\/?p=6862"},"modified":"2017-11-28T17:45:54","modified_gmt":"2017-11-28T17:45:54","slug":"visita-de-los-reyes-de-espana-a-caravaca-de-la-cruz","status":"publish","type":"post","link":"https:\/\/www.turismocaravaca.com\/blog\/visita-de-los-reyes-de-espana-a-caravaca-de-la-cruz\/","title":{"rendered":"Visita de los Reyes de Espa\u00f1a a Caravaca de la Cruz"},"content":{"rendered":"<p><img loading=\"lazy\" decoding=\"async\" class=\"wp-image-6864  aligncenter\" src=\"https:\/\/www.turismocaravaca.com\/blog\/wp-content\/uploads\/2017\/11\/los-reyes-y-la-cruz.jpg\" alt=\"\" width=\"750\" height=\"499\" srcset=\"https:\/\/www.turismocaravaca.com\/blog\/wp-content\/uploads\/2017\/11\/los-reyes-y-la-cruz.jpg 960w, https:\/\/www.turismocaravaca.com\/blog\/wp-content\/uploads\/2017\/11\/los-reyes-y-la-cruz-300x200.jpg 300w, https:\/\/www.turismocaravaca.com\/blog\/wp-content\/uploads\/2017\/11\/los-reyes-y-la-cruz-768x511.jpg 768w\" sizes=\"(max-width: 750px) 100vw, 750px\" \/><\/p>\n<p>Hac\u00eda nada m\u00e1s y nada menos que <strong>\u00a137 a\u00f1os!, el 6 de marzo de 1980<\/strong>, que <strong>SS.MM los Reyes de Espa\u00f1a<\/strong> no visitaban la Ciudad de <strong>Caravaca de la Cruz<\/strong>. Es cierto que <strong>Don Felipe VI<\/strong>, en calidad de <strong>Pr\u00edncipe de Asturias<\/strong>, ya nos conoc\u00eda despu\u00e9s de haber venido en el a\u00f1o 2001 y en el A\u00f1o Jubilar de 2003, pero no ha sido hasta hoy que lo ha hecho en calidad de Rey junto a su esposa <strong>La Reina Do\u00f1a Letizia.<\/strong><\/p>\n<p>Completaban as\u00ed\u00a0 su visita a los 3 lugares santos de Espa\u00f1a: <strong>Santiago de Compostela<\/strong>, <strong>Santo Toribio de Li\u00e9bana<\/strong> en Cantabria y hoy, <strong>Caravaca de la Cruz.<\/strong><\/p>\n<p><img loading=\"lazy\" decoding=\"async\" class=\"aligncenter wp-image-6868 size-full\" src=\"https:\/\/www.turismocaravaca.com\/blog\/wp-content\/uploads\/2017\/11\/Explanada.jpg\" alt=\"\" width=\"600\" height=\"450\" srcset=\"https:\/\/www.turismocaravaca.com\/blog\/wp-content\/uploads\/2017\/11\/Explanada.jpg 600w, https:\/\/www.turismocaravaca.com\/blog\/wp-content\/uploads\/2017\/11\/Explanada-300x225.jpg 300w\" sizes=\"(max-width: 600px) 100vw, 600px\" \/><\/p>\n<p>El presidente de la Comunidad, <strong>Fernando L\u00f3pez Miras<\/strong>, ha acompa\u00f1ado a los Reyes durante la visita a la <strong>Ciudad Santa<\/strong>, meses despu\u00e9s de que fueran oficialmente invitados durante una audiencia en el <strong>Palacio de la Zarzuela<\/strong> en la que se habl\u00f3 con el Monarca sobre proyectos estrat\u00e9gicos en la <strong>Regi\u00f3n de Murcia<\/strong>, incluyendo el <strong>A\u00f1o Jubilar 2017<\/strong> de Caravaca de la Cruz.<\/p>\n<p><img loading=\"lazy\" decoding=\"async\" class=\"aligncenter wp-image-6869 size-full\" src=\"https:\/\/www.turismocaravaca.com\/blog\/wp-content\/uploads\/2017\/11\/reyes-en-la-basilica-con-el-libro.jpg\" alt=\"\" width=\"960\" height=\"540\" srcset=\"https:\/\/www.turismocaravaca.com\/blog\/wp-content\/uploads\/2017\/11\/reyes-en-la-basilica-con-el-libro.jpg 960w, https:\/\/www.turismocaravaca.com\/blog\/wp-content\/uploads\/2017\/11\/reyes-en-la-basilica-con-el-libro-300x169.jpg 300w, https:\/\/www.turismocaravaca.com\/blog\/wp-content\/uploads\/2017\/11\/reyes-en-la-basilica-con-el-libro-768x432.jpg 768w\" sizes=\"(max-width: 960px) 100vw, 960px\" \/><\/p>\n<p>&nbsp;<\/p>\n<p>Han sido recibidos por una poblaci\u00f3n entusiasmada que hoy se ha saltado todos sus quehaceres para dar la bienvenida a <strong>SS.MM<\/strong> en las calles por las que la comitiva ha transcurrido y en la explanada del <strong>Castillo-Santuario de la Vera Cruz<\/strong>. En representaci\u00f3n de la Ciudad les ha acogido El Alcalde, <strong>Don Jos\u00e9 Moreno y la Hermana Mayor de la Cofrad\u00eda Do\u00f1a Elisa Mar\u00eda Gim\u00e9nez Gir\u00f3n.<\/strong><\/p>\n<p><img loading=\"lazy\" decoding=\"async\" class=\"wp-image-6871 size-medium alignleft\" src=\"https:\/\/www.turismocaravaca.com\/blog\/wp-content\/uploads\/2017\/11\/rey-saludando-300x200.jpg\" alt=\"\" width=\"300\" height=\"200\" srcset=\"https:\/\/www.turismocaravaca.com\/blog\/wp-content\/uploads\/2017\/11\/rey-saludando-300x200.jpg 300w, https:\/\/www.turismocaravaca.com\/blog\/wp-content\/uploads\/2017\/11\/rey-saludando-768x511.jpg 768w, https:\/\/www.turismocaravaca.com\/blog\/wp-content\/uploads\/2017\/11\/rey-saludando.jpg 960w\" sizes=\"(max-width: 300px) 100vw, 300px\" \/><img loading=\"lazy\" decoding=\"async\" class=\"wp-image-6870 size-medium alignright\" src=\"https:\/\/www.turismocaravaca.com\/blog\/wp-content\/uploads\/2017\/11\/letizia-con-los-ni\u00f1os-300x200.jpg\" alt=\"\" width=\"300\" height=\"200\" srcset=\"https:\/\/www.turismocaravaca.com\/blog\/wp-content\/uploads\/2017\/11\/letizia-con-los-ni\u00f1os-300x200.jpg 300w, https:\/\/www.turismocaravaca.com\/blog\/wp-content\/uploads\/2017\/11\/letizia-con-los-ni\u00f1os-768x511.jpg 768w, https:\/\/www.turismocaravaca.com\/blog\/wp-content\/uploads\/2017\/11\/letizia-con-los-ni\u00f1os.jpg 960w\" sizes=\"(max-width: 300px) 100vw, 300px\" \/><\/p>\n<p>&nbsp;<\/p>\n<p>&nbsp;<\/p>\n<p>&nbsp;<\/p>\n<p>&nbsp;<\/p>\n<p>&nbsp;<\/p>\n<p>&nbsp;<\/p>\n<p>En el Santuario, de la mano del <strong>Obispo de la Di\u00f3cesis, Don Jos\u00e9 Manuel Lorca Planes<\/strong> han podido adorar y contemplar la reliquia <strong>de La Vera Cruz<\/strong>, de la que Don Felipe es <strong>Hermano Honorario<\/strong>, firmando ambos en el <strong>Libro de Honor de la Bas\u00edlica<\/strong>. M\u00e1s tarde se han acercado hasta la antigua <strong>Iglesia de la Compa\u00f1\u00eda de Jes\u00fas<\/strong> para clausurar la exposici\u00f3n <strong>\u201cSignum\u201d<\/strong>, que ha recibido miles de visitantes durante los \u00faltimos meses de este A\u00f1o Jubilar 2017.<\/p>\n<p><img loading=\"lazy\" decoding=\"async\" class=\"alignleft wp-image-6865 size-full\" src=\"https:\/\/www.turismocaravaca.com\/blog\/wp-content\/uploads\/2017\/11\/reyes-en-signum-con-el-libro.jpg\" alt=\"\" width=\"960\" height=\"720\" srcset=\"https:\/\/www.turismocaravaca.com\/blog\/wp-content\/uploads\/2017\/11\/reyes-en-signum-con-el-libro.jpg 960w, https:\/\/www.turismocaravaca.com\/blog\/wp-content\/uploads\/2017\/11\/reyes-en-signum-con-el-libro-300x225.jpg 300w, https:\/\/www.turismocaravaca.com\/blog\/wp-content\/uploads\/2017\/11\/reyes-en-signum-con-el-libro-768x576.jpg 768w\" sizes=\"(max-width: 960px) 100vw, 960px\" \/><\/p>\n<p>&nbsp;<\/p>\n<p>&nbsp;<\/p>\n<p>&nbsp;<\/p>\n<p>&nbsp;<\/p>\n<p>&nbsp;<\/p>\n<p>&nbsp;<\/p>\n<p>&nbsp;<\/p>\n<p>Un d\u00eda muy especial para nuestra Ciudad Santa, que permanecer\u00e1 en el recuerdo de todos los que hemos podido disfrutar durante unas horas de la <strong>simpat\u00eda y cercan\u00eda<\/strong> de Los Reyes de Espa\u00f1a.<\/p>\n<div style=\"width: 768px;\" class=\"wp-video\"><!--[if lt IE 9]><script>document.createElement('video');<\/script><![endif]-->\n<video class=\"wp-video-shortcode\" id=\"video-6862-1\" width=\"768\" height=\"435\" preload=\"metadata\" controls=\"controls\"><source type=\"video\/mp4\" src=\"https:\/\/www.turismocaravaca.com\/blog\/wp-content\/uploads\/2017\/11\/video-cruz-reyes.mp4?_=1\" \/><a href=\"https:\/\/www.turismocaravaca.com\/blog\/wp-content\/uploads\/2017\/11\/video-cruz-reyes.mp4\">https:\/\/www.turismocaravaca.com\/blog\/wp-content\/uploads\/2017\/11\/video-cruz-reyes.mp4<\/a><\/video><\/div>\n<p>&nbsp;<\/p>\n<p>&nbsp;<\/p>\n<p>&nbsp;<\/p>\n<p>&nbsp;<\/p>\n<p>&nbsp;<\/p>\n<p>&nbsp;<\/p>\n","protected":false},"excerpt":{"rendered":"<p>Hac\u00eda nada m\u00e1s y nada menos que \u00a137 a\u00f1os!, el 6 de marzo de 1980, que SS.MM los Reyes de Espa\u00f1a no visitaban la Ciudad de Caravaca de la Cruz. Es cierto que Don Felipe VI, en calidad de Pr\u00edncipe de Asturias, ya nos conoc\u00eda despu\u00e9s de haber venido en el a\u00f1o 2001 y en [&hellip;]<\/p>\n","protected":false},"author":2,"featured_media":0,"comment_status":"open","ping_status":"open","sticky":false,"template":"","format":"standard","meta":{"footnotes":""},"categories":[2,6,2136,2117,2126,14],"tags":[364,442,2183,2180,2179,2182,2178,2181,2177],"class_list":["post-6862","post","type-post","status-publish","format-standard","hentry","category-ano-jubilar","category-basilicas","category-cronicas","category-cruz-de-caravaca","category-espanol","category-eventos","tag-caravaca-de-la-cruz","tag-castillo","tag-explanada","tag-felipe-vi","tag-fernando-lopez-miras","tag-jose-manuel-lorca-planes","tag-jose-moreno","tag-letizia","tag-reyes-de-espana"],"_links":{"self":[{"href":"https:\/\/www.turismocaravaca.com\/blog\/wp-json\/wp\/v2\/posts\/6862"}],"collection":[{"href":"https:\/\/www.turismocaravaca.com\/blog\/wp-json\/wp\/v2\/posts"}],"about":[{"href":"https:\/\/www.turismocaravaca.com\/blog\/wp-json\/wp\/v2\/types\/post"}],"author":[{"embeddable":true,"href":"https:\/\/www.turismocaravaca.com\/blog\/wp-json\/wp\/v2\/users\/2"}],"replies":[{"embeddable":true,"href":"https:\/\/www.turismocaravaca.com\/blog\/wp-json\/wp\/v2\/comments?post=6862"}],"version-history":[{"count":1,"href":"https:\/\/www.turismocaravaca.com\/blog\/wp-json\/wp\/v2\/posts\/6862\/revisions"}],"predecessor-version":[{"id":6873,"href":"https:\/\/www.turismocaravaca.com\/blog\/wp-json\/wp\/v2\/posts\/6862\/revisions\/6873"}],"wp:attachment":[{"href":"https:\/\/www.turismocaravaca.com\/blog\/wp-json\/wp\/v2\/media?parent=6862"}],"wp:term":[{"taxonomy":"category","embeddable":true,"href":"https:\/\/www.turismocaravaca.com\/blog\/wp-json\/wp\/v2\/categories?post=6862"},{"taxonomy":"post_tag","embeddable":true,"href":"https:\/\/www.turismocaravaca.com\/blog\/wp-json\/wp\/v2\/tags?post=6862"}],"curies":[{"name":"wp","href":"https:\/\/api.w.org\/{rel}","templated":true}]}}