{"id":6887,"date":"2017-12-07T15:37:00","date_gmt":"2017-12-07T15:37:00","guid":{"rendered":"http:\/\/www.turismocaravaca.com\/blog\/?p=6887"},"modified":"2017-12-07T15:37:00","modified_gmt":"2017-12-07T15:37:00","slug":"el-origen-de-las-ferias-medievales","status":"publish","type":"post","link":"https:\/\/www.turismocaravaca.com\/blog\/el-origen-de-las-ferias-medievales\/","title":{"rendered":"El origen de las ferias medievales"},"content":{"rendered":"<p>Si bien en nuestra <a href=\"http:\/\/bit.ly\/2klPkQb\">\u00faltima entrada<\/a> hablamos sobre los contenidos que trae este a\u00f1o consigo el XIV Mercado Medieval de Caravaca de la Cruz, en esta ocasi\u00f3n vamos a remontarnos atr\u00e1s en el tiempo para analizar el <strong>origen<\/strong> de estas ferias medievales.<\/p>\n<p><img loading=\"lazy\" decoding=\"async\" class=\"aligncenter size-full wp-image-6888\" src=\"https:\/\/www.turismocaravaca.com\/blog\/wp-content\/uploads\/2017\/12\/Ferias-medievales.png\" alt=\"\" width=\"398\" height=\"402\" srcset=\"https:\/\/www.turismocaravaca.com\/blog\/wp-content\/uploads\/2017\/12\/Ferias-medievales.png 398w, https:\/\/www.turismocaravaca.com\/blog\/wp-content\/uploads\/2017\/12\/Ferias-medievales-297x300.png 297w\" sizes=\"(max-width: 398px) 100vw, 398px\" \/><\/p>\n<p>Etimol\u00f3gicamente, <em>feria <\/em>procede del lat\u00edn <strong><em>feria<\/em><\/strong>, es decir, <em>solemnidad, fiesta<\/em>. Tambi\u00e9n se ha propuesto como antecedente el t\u00e9rmino <strong><em>forum<\/em><\/strong><em>, <\/em>que remite igualmente a <em>solemnidad <\/em>o <em>peregrinaci\u00f3n.<\/em> El concepto de feria unido al significado de la fiesta por la fiesta, de car\u00e1cter exclusivamente l\u00fadico, es algo muy contempor\u00e1neo que no exist\u00eda en otros tiempos.<\/p>\n<p>El <strong>Foro<\/strong> en Roma era la plaza del mercado y el centro de los negocios, all\u00e1 donde la gente se reun\u00eda los d\u00edas de mercado, de fiesta religiosa, o siempre que ocurriese alg\u00fan hecho de relevancia social. Por ello, los mercados, entendidos como el lugar f\u00edsico donde intercambiar bienes, existen desde que el comercio es una actividad humana.<\/p>\n<p>El concepto de feria, as\u00ed como los elementos que la componen, han evolucionado a lo largo de la historia. Las ferias, con sus tenderetes m\u00f3viles, sus mercanc\u00edas variadas y sofisticadas y sus espect\u00e1culos se han reducido en determinadas \u00e9pocas a un medio de acercar a distintos pueblos las mercanc\u00edas que no estaban a su alcance.<\/p>\n<p>Durante la <strong>Edad Media<\/strong>, las ferias se convirtieron en lugares de reuni\u00f3n de gentes de todos los pa\u00edses que acud\u00edan en caravanas. Esto fue debido a que las comunicaciones entre pueblos eran dif\u00edciles y peligrosas, y las ciudades en las cuales se pod\u00edan encontrar art\u00edculos de lujo o de primera necesidad eran escasas y estaban muy alejadas entre s\u00ed.<\/p>\n<p>Por ello, las ferias adquirieron un marcado sentido de <strong>aprovisionamiento<\/strong> y fueron cada vez expandi\u00e9ndose y floreciendo, pues eran el \u00fanico lugar donde adquirir art\u00edculos de pa\u00edses lejanos u otros art\u00edculos de primera necesidad que escaseaban en los alrededores. Estos eventos eran conocidos y esperados por toda la poblaci\u00f3n y permitidos y vigilados por el poder pol\u00edtico, que incluso aprovechaba la ocasi\u00f3n para recaudar impuestos en las mismas.<\/p>\n<p>Una feria pod\u00eda durar un mes o m\u00e1s y su organizaci\u00f3n estaba regulada al detalle. Una vez montadas las casetas, se dedicaban unos d\u00edas a la transacci\u00f3n de los pa\u00f1os. Otros, al <strong>cordob\u00e1n<\/strong> \u2013 piel curtida de cabra que toma su nombre de la ciudad de C\u00f3rdoba, de donde eran los m\u00e1s afamados \u2013 y al <strong>guadamec\u00ed<\/strong> \u2013 cuero adobado y adornado con dibujos de pintura o relieve, hecho con piel de vaca y procedente de la ciudad libia de Gadames -. El resto de las jornadas se dedicaban a la venta de otros tipos de art\u00edculos y los \u00faltimos d\u00edas a hacer el balance final.<\/p>\n<p>Hay noticias sobre ferias celebradas en Francia en <strong>el siglo V<\/strong>, y doscientos a\u00f1os m\u00e1s tarde, en los alrededores de Par\u00eds, se celebraba la m\u00e1s concurrida en la <strong>Abad\u00eda de Saint Denis<\/strong>. All\u00ed se surt\u00eda de vino y la miel a las ciudades del norte que por razones clim\u00e1ticas carec\u00edan de estos productos.<\/p>\n<p>En el siglo XII son muy afamadas las grandes ferias de <strong>Saint Ives, Winchester, Northamptom,<\/strong> <strong>Boston y Champa\u00f1a<\/strong>. En todas ellas, los mercaderes italianos comercian con productos adquiridos en los pa\u00edses del mediterr\u00e1neo y a su vez compran productos de la Europa del Norte, como pa\u00f1os y lana que eran muy apreciados en las ciudades del sur. Sobre estas ferias se basa el <strong>comercio internacional del Medioevo<\/strong> y permiten la <strong>profesionalizaci\u00f3n<\/strong> del comercio y las finanzas (aparecen el cr\u00e9dito y la compensaci\u00f3n, as\u00ed como el intercambio en funci\u00f3n del metal de acu\u00f1aci\u00f3n de las monedas o las tarjas, una media ca\u00f1a con muescas que permit\u00eda registrar las deudas).<\/p>\n<p>En <strong>Espa\u00f1a<\/strong> tenemos un ejemplo muy arquet\u00edpico en <strong>la Feria de Medina del Campo<\/strong>, donde en <strong>1491<\/strong> los Reyes Cat\u00f3licos le otorgaron la consideraci\u00f3n de Feria General del Reino, debido a su excepcional ubicaci\u00f3n. Esta feria era el punto natural de reuni\u00f3n de los mercaderes itinerantes que ven\u00edan a comprar y vender, pues era un cruce de caminos procedentes de Burgos, Toledo y Portugal.<\/p>\n<p>El crecimiento de la econom\u00eda de Castellana, en el curso del siglo XV, contribuy\u00f3 excepcionalmente a potenciar las ferias medinenses, que con una frecuencia bianual alcanzaron una duraci\u00f3n de hasta 50 d\u00edas. En esta feria se expon\u00edan vinos, aceites, condimentos, perlas, telas, brocados\u2026 pero si Medina del Campo destacaba en algo, incluso a nivel internacional, era en la contrataci\u00f3n de lanas.<\/p>\n<p>&nbsp;<\/p>\n<p><img loading=\"lazy\" decoding=\"async\" class=\"aligncenter size-large wp-image-6889\" src=\"https:\/\/www.turismocaravaca.com\/blog\/wp-content\/uploads\/2017\/12\/Mercado-Medieval-Barrio-Carmen.jpg\" alt=\"\" width=\"611\" height=\"422\" srcset=\"https:\/\/www.turismocaravaca.com\/blog\/wp-content\/uploads\/2017\/12\/Mercado-Medieval-Barrio-Carmen.jpg 611w, https:\/\/www.turismocaravaca.com\/blog\/wp-content\/uploads\/2017\/12\/Mercado-Medieval-Barrio-Carmen-300x207.jpg 300w\" sizes=\"(max-width: 611px) 100vw, 611px\" \/><\/p>\n<p>&nbsp;<\/p>\n<p>&nbsp;<\/p>\n<p><strong>Fuentes:<\/strong><\/p>\n<p><em>CU\u00c9LLAR, M.C. y PARRA, C. (2001). Las ferias medievales, origen de documentos de comercio\u00a0(<\/em><em>pp.103-117<\/em><em>). <\/em><em>En, Ecrire, traduire et repr\u00e9senter la f\u00eate, E. Real, D. Jim\u00e9nez, D. Pujante y A.\u00a0Cortijo (Eds.). V\u00e0lencia: Universitat de V\u00e0lencia.<\/em><\/p>\n<p>elmaslargoviaje.wordpress.com<\/p>\n<p>desolmedina.com<\/p>\n","protected":false},"excerpt":{"rendered":"<p>Si bien en nuestra \u00faltima entrada hablamos sobre los contenidos que trae este a\u00f1o consigo el XIV Mercado Medieval de Caravaca de la Cruz, en esta ocasi\u00f3n vamos a remontarnos atr\u00e1s en el tiempo para analizar el origen de estas ferias medievales. Etimol\u00f3gicamente, feria procede del lat\u00edn feria, es decir, solemnidad, fiesta. Tambi\u00e9n se ha [&hellip;]<\/p>\n","protected":false},"author":2,"featured_media":0,"comment_status":"open","ping_status":"open","sticky":false,"template":"","format":"standard","meta":{"footnotes":""},"categories":[2126,14,17,23,33],"tags":[912,2189,1333,2188],"class_list":["post-6887","post","type-post","status-publish","format-standard","hentry","category-espanol","category-eventos","category-ferias","category-mercado-2","category-torneo-medieval","tag-feria","tag-medieval","tag-mercado-medieval","tag-origen"],"_links":{"self":[{"href":"https:\/\/www.turismocaravaca.com\/blog\/wp-json\/wp\/v2\/posts\/6887"}],"collection":[{"href":"https:\/\/www.turismocaravaca.com\/blog\/wp-json\/wp\/v2\/posts"}],"about":[{"href":"https:\/\/www.turismocaravaca.com\/blog\/wp-json\/wp\/v2\/types\/post"}],"author":[{"embeddable":true,"href":"https:\/\/www.turismocaravaca.com\/blog\/wp-json\/wp\/v2\/users\/2"}],"replies":[{"embeddable":true,"href":"https:\/\/www.turismocaravaca.com\/blog\/wp-json\/wp\/v2\/comments?post=6887"}],"version-history":[{"count":1,"href":"https:\/\/www.turismocaravaca.com\/blog\/wp-json\/wp\/v2\/posts\/6887\/revisions"}],"predecessor-version":[{"id":6890,"href":"https:\/\/www.turismocaravaca.com\/blog\/wp-json\/wp\/v2\/posts\/6887\/revisions\/6890"}],"wp:attachment":[{"href":"https:\/\/www.turismocaravaca.com\/blog\/wp-json\/wp\/v2\/media?parent=6887"}],"wp:term":[{"taxonomy":"category","embeddable":true,"href":"https:\/\/www.turismocaravaca.com\/blog\/wp-json\/wp\/v2\/categories?post=6887"},{"taxonomy":"post_tag","embeddable":true,"href":"https:\/\/www.turismocaravaca.com\/blog\/wp-json\/wp\/v2\/tags?post=6887"}],"curies":[{"name":"wp","href":"https:\/\/api.w.org\/{rel}","templated":true}]}}