{"id":697,"date":"2012-08-31T12:05:44","date_gmt":"2012-08-31T12:05:44","guid":{"rendered":"http:\/\/turismocaravaca.wordpress.com\/?p=697"},"modified":"2017-09-04T16:38:23","modified_gmt":"2017-09-04T16:38:23","slug":"ya-tenemos-la-nueva-cartelera-para-el-domingo-y-el-lunes-en-caravaca-de-la-cruz","status":"publish","type":"post","link":"https:\/\/www.turismocaravaca.com\/blog\/ya-tenemos-la-nueva-cartelera-para-el-domingo-y-el-lunes-en-caravaca-de-la-cruz\/","title":{"rendered":"Ya tenemos la nueva cartelera para el domingo y el lunes en Caravaca de la Cruz"},"content":{"rendered":"<p style=\"text-align:justify;\"><img loading=\"lazy\" decoding=\"async\" class=\"alignleft  wp-image-624\" title=\"Logo Cine\" src=\"http:\/\/localhost:81\/turismo\/blog\/wp-content\/uploads\/2012\/08\/logo-cine.jpg?w=128\" alt=\"\" width=\"64\" height=\"69\" \/>\u00a0\u00a0\u00a0\u00a0 Esta semana contamos con <strong>dos d\u00edas de cine<\/strong>. Si no pudiste ver la \u00faltima pel\u00edcula de Disney, ahora tienes una nueva oportunidad, porque el pr\u00f3ximo <strong>domingo d\u00eda 2 de septiembre a las 20:30 horas <\/strong>en el<strong> Teatro Thuillier<\/strong> se proyectar\u00e1 la divertid\u00edsima pel\u00edcula \u201c<strong>Brave (Intocable)\u201d<\/strong>, as\u00ed que no os la pod\u00e9is perder en esta ocasi\u00f3n. <a href=\"http:\/\/localhost:81\/turismo\/blog\/wp-content\/uploads\/2012\/08\/brave-indomable-cartel-1.jpg\"><img loading=\"lazy\" decoding=\"async\" class=\"aligncenter  wp-image-647\" title=\"brave-indomable-cartel-1\" src=\"http:\/\/localhost:81\/turismo\/blog\/wp-content\/uploads\/2012\/08\/brave-indomable-cartel-1.jpg?w=211\" alt=\"\" width=\"152\" height=\"223\" \/><\/a>\u00a0\u00a0\u00a0\u00a0 \u00a0Al d\u00eda siguiente, <strong>lunes 3 de septiembre a las 20:30 horas <\/strong>y en el mismo sitio, contaremos con el reciente estreno de<strong>\u201d<\/strong><strong>Abraham Lincoln: Cazador de Vampiros\u201d<\/strong><strong>, <\/strong>una pel\u00edcula de fantas\u00eda y terror no recomendada para menores de\u00a0 16 a\u00f1os, que est\u00e1 basada en una novela de ficci\u00f3n de Seth Grahame-Smith.\u00a0\u00a0<\/p>\n<p style=\"text-align:justify;\"><a href=\"http:\/\/localhost:81\/turismo\/blog\/wp-content\/uploads\/2012\/08\/imagescaxsr4wo.jpg\"><img loading=\"lazy\" decoding=\"async\" class=\"aligncenter size-full wp-image-698\" title=\"imagesCAXSR4WO\" src=\"http:\/\/localhost:81\/turismo\/blog\/wp-content\/uploads\/2012\/08\/imagescaxsr4wo.jpg\" alt=\"\" width=\"184\" height=\"273\" \/><\/a><\/p>\n<p style=\"text-align:justify;\">\u00a0\u00a0\u00a0\u00a0 Esta pel\u00edcula, nos cuenta la vida oculta de Abraham Lincoln, quien adem\u00e1s de ser Presidente de los Estados Unidos tambi\u00e9n fue\u00a0un cazador de vampiros tras enterarse de que su madre muri\u00f3 asesinada por u<a href=\"http:\/\/localhost:81\/turismo\/blog\/wp-content\/uploads\/2012\/08\/imagesca0owwwt.jpg\"><img loading=\"lazy\" decoding=\"async\" class=\"alignright size-thumbnail wp-image-699\" title=\"imagesCA0OWWWT\" src=\"http:\/\/localhost:81\/turismo\/blog\/wp-content\/uploads\/2012\/08\/imagesca0owwwt.jpg?w=150\" alt=\"\" width=\"150\" height=\"131\" \/><\/a>na de esas criaturas, dando pie as\u00ed a una visi\u00f3n fresca y visceral de las sangrientas tradiciones vamp\u00edricas, imaginando a Lincoln como el m\u00e1s grande cazador de\u00a0no-muertos de la Historia.\u00a0\u00a0<\/p>\n<p style=\"text-align:justify;\">\u00a0<\/p>\n<p align=\"center\"><strong>\u00a1\u00a1\u00a1No lo olvides y no te las pierdas!!!<\/strong><\/p>\n<p align=\"center\"><strong>El domingo d\u00eda 2 \u201cBrave\u201d y el lunes d\u00eda 3, \u201cAbraham Lincoln: Cazador de Vampiros\u201d, a las 20:30h. en el Teatro Thuillier de Caravaca de la Cruz.<\/strong><\/p>\n","protected":false},"excerpt":{"rendered":"<p>\u00a0\u00a0\u00a0\u00a0 Esta semana contamos con dos d\u00edas de cine. Si no pudiste ver la \u00faltima pel\u00edcula de Disney, ahora tienes una nueva oportunidad, porque el pr\u00f3ximo domingo d\u00eda 2 de septiembre a las 20:30 horas en el Teatro Thuillier se proyectar\u00e1 la divertid\u00edsima pel\u00edcula \u201cBrave (Intocable)\u201d, as\u00ed que no os la pod\u00e9is perder en esta [&hellip;]<\/p>\n","protected":false},"author":2,"featured_media":0,"comment_status":"open","ping_status":"open","sticky":false,"template":"","format":"standard","meta":{"footnotes":""},"categories":[3,2126],"tags":[92,93,304,356,364,426,445,475,1918],"class_list":["post-697","post","type-post","status-publish","format-standard","hentry","category-actividades","category-espanol","tag-abraham","tag-abraham-lincoln","tag-brave","tag-caravaca","tag-caravaca-de-la-cruz","tag-cartelera","tag-cazador-de-vampiros","tag-cine","tag-teatro-thuillier"],"_links":{"self":[{"href":"https:\/\/www.turismocaravaca.com\/blog\/wp-json\/wp\/v2\/posts\/697"}],"collection":[{"href":"https:\/\/www.turismocaravaca.com\/blog\/wp-json\/wp\/v2\/posts"}],"about":[{"href":"https:\/\/www.turismocaravaca.com\/blog\/wp-json\/wp\/v2\/types\/post"}],"author":[{"embeddable":true,"href":"https:\/\/www.turismocaravaca.com\/blog\/wp-json\/wp\/v2\/users\/2"}],"replies":[{"embeddable":true,"href":"https:\/\/www.turismocaravaca.com\/blog\/wp-json\/wp\/v2\/comments?post=697"}],"version-history":[{"count":1,"href":"https:\/\/www.turismocaravaca.com\/blog\/wp-json\/wp\/v2\/posts\/697\/revisions"}],"predecessor-version":[{"id":6226,"href":"https:\/\/www.turismocaravaca.com\/blog\/wp-json\/wp\/v2\/posts\/697\/revisions\/6226"}],"wp:attachment":[{"href":"https:\/\/www.turismocaravaca.com\/blog\/wp-json\/wp\/v2\/media?parent=697"}],"wp:term":[{"taxonomy":"category","embeddable":true,"href":"https:\/\/www.turismocaravaca.com\/blog\/wp-json\/wp\/v2\/categories?post=697"},{"taxonomy":"post_tag","embeddable":true,"href":"https:\/\/www.turismocaravaca.com\/blog\/wp-json\/wp\/v2\/tags?post=697"}],"curies":[{"name":"wp","href":"https:\/\/api.w.org\/{rel}","templated":true}]}}