{"id":702,"date":"2012-09-06T13:23:34","date_gmt":"2012-09-06T13:23:34","guid":{"rendered":"http:\/\/turismocaravaca.wordpress.com\/?p=702"},"modified":"2017-09-04T16:38:23","modified_gmt":"2017-09-04T16:38:23","slug":"continuamos-con-el-cine-para-los-peques-de-la-casa","status":"publish","type":"post","link":"https:\/\/www.turismocaravaca.com\/blog\/continuamos-con-el-cine-para-los-peques-de-la-casa\/","title":{"rendered":"Continuamos con el cine para los peques de la casa!!"},"content":{"rendered":"<p style=\"text-align:justify;\">\u00a0\u00a0\u00a0\u00a0 Este domingo la cartelera de cine es para los peques y que <a href=\"http:\/\/localhost:81\/turismo\/blog\/wp-content\/uploads\/2012\/08\/logo-cine.jpg\"><img loading=\"lazy\" decoding=\"async\" class=\"alignright  wp-image-624\" title=\"Logo Cine\" src=\"http:\/\/localhost:81\/turismo\/blog\/wp-content\/uploads\/2012\/08\/logo-cine.jpg?w=128\" alt=\"\" width=\"69\" height=\"97\" \/><\/a>puedan disfrutar de sus \u00faltimos d\u00edas de vacaciones.<\/p>\n<p style=\"text-align:justify;\">\u00a0<\/p>\n<p style=\"text-align:justify;\">\u00a0\u00a0\u00a0\u00a0 En esta ocasi\u00f3n la sesi\u00f3n de cine ser\u00e1 el <strong>domingo d\u00eda 9, dos pases, a las 19 y 21 horas<\/strong>, con la divertid\u00edsima pel\u00edcula <strong>\u201cLas Aventuras de Tadeo Jones\u201d<\/strong>.<\/p>\n<p style=\"text-align:justify;\">\u00a0\u00a0\u00a0\u00a0 Una pel\u00edcula de animaci\u00f3n y aventuras, espa\u00f1ola y muy influida por los tebeos, con las divertidas voces de Jos\u00e9 Mota y Jos\u00e9 Corbacho.<\/p>\n<p style=\"text-align:justify;\"><a href=\"http:\/\/localhost:81\/turismo\/blog\/wp-content\/uploads\/2012\/09\/images1.jpg\"><img loading=\"lazy\" decoding=\"async\" class=\"aligncenter size-full wp-image-703\" title=\"images[1]\" src=\"http:\/\/localhost:81\/turismo\/blog\/wp-content\/uploads\/2012\/09\/images1.jpg\" alt=\"\" width=\"184\" height=\"274\" \/><\/a><\/p>\n<p style=\"text-align:justify;\">\u00a0\u00a0\u00a0\u00a0 El gui\u00f3n de esta pel\u00edcula nos cuenta que debido a una confusi\u00f3n, Tadeo, un alba\u00f1il so\u00f1ador, ser\u00e1 tomado por un famoso arque\u00f3logo y enviado a una expedici\u00f3n a Per\u00fa. Con la ayuda de su fiel perro Jeff, una intr\u00e9pida profesora, un loro y un buscavidas, intentar\u00e1n salvar la m\u00edtica ciudad perdida de los incas de una malvada corporaci\u00f3n de cazatesoros.<\/p>\n<p style=\"text-align:justify;\"><a href=\"http:\/\/localhost:81\/turismo\/blog\/wp-content\/uploads\/2012\/09\/images4.jpg\"><img loading=\"lazy\" decoding=\"async\" class=\"alignleft  wp-image-704\" title=\"images[4]\" src=\"http:\/\/localhost:81\/turismo\/blog\/wp-content\/uploads\/2012\/09\/images4.jpg?w=300\" alt=\"\" width=\"183\" height=\"109\" \/><\/a><\/p>\n<p style=\"text-align:center;\">\u00a0<strong>\u00a1! No lo olvid\u00e9is!!<\/strong><\/p>\n<p align=\"center\"><strong>Domingo d\u00eda 9, Las Aventuras de Tadeo Jones , en el Teatro Thuillier.<\/strong><\/p>\n","protected":false},"excerpt":{"rendered":"<p>\u00a0\u00a0\u00a0\u00a0 Este domingo la cartelera de cine es para los peques y que puedan disfrutar de sus \u00faltimos d\u00edas de vacaciones. \u00a0 \u00a0\u00a0\u00a0\u00a0 En esta ocasi\u00f3n la sesi\u00f3n de cine ser\u00e1 el domingo d\u00eda 9, dos pases, a las 19 y 21 horas, con la divertid\u00edsima pel\u00edcula \u201cLas Aventuras de Tadeo Jones\u201d. \u00a0\u00a0\u00a0\u00a0 Una pel\u00edcula [&hellip;]<\/p>\n","protected":false},"author":2,"featured_media":0,"comment_status":"open","ping_status":"open","sticky":false,"template":"","format":"standard","meta":{"footnotes":""},"categories":[3,2126],"tags":[173,228,356,427,428,475,1883,1918],"class_list":["post-702","post","type-post","status-publish","format-standard","hentry","category-actividades","category-espanol","tag-animacion","tag-aventura","tag-caravaca","tag-cartelera-cine","tag-cartelera-de-cine","tag-cine","tag-tadeo-jones","tag-teatro-thuillier"],"_links":{"self":[{"href":"https:\/\/www.turismocaravaca.com\/blog\/wp-json\/wp\/v2\/posts\/702"}],"collection":[{"href":"https:\/\/www.turismocaravaca.com\/blog\/wp-json\/wp\/v2\/posts"}],"about":[{"href":"https:\/\/www.turismocaravaca.com\/blog\/wp-json\/wp\/v2\/types\/post"}],"author":[{"embeddable":true,"href":"https:\/\/www.turismocaravaca.com\/blog\/wp-json\/wp\/v2\/users\/2"}],"replies":[{"embeddable":true,"href":"https:\/\/www.turismocaravaca.com\/blog\/wp-json\/wp\/v2\/comments?post=702"}],"version-history":[{"count":1,"href":"https:\/\/www.turismocaravaca.com\/blog\/wp-json\/wp\/v2\/posts\/702\/revisions"}],"predecessor-version":[{"id":6225,"href":"https:\/\/www.turismocaravaca.com\/blog\/wp-json\/wp\/v2\/posts\/702\/revisions\/6225"}],"wp:attachment":[{"href":"https:\/\/www.turismocaravaca.com\/blog\/wp-json\/wp\/v2\/media?parent=702"}],"wp:term":[{"taxonomy":"category","embeddable":true,"href":"https:\/\/www.turismocaravaca.com\/blog\/wp-json\/wp\/v2\/categories?post=702"},{"taxonomy":"post_tag","embeddable":true,"href":"https:\/\/www.turismocaravaca.com\/blog\/wp-json\/wp\/v2\/tags?post=702"}],"curies":[{"name":"wp","href":"https:\/\/api.w.org\/{rel}","templated":true}]}}