{"id":7069,"date":"2018-02-15T14:22:28","date_gmt":"2018-02-15T13:22:28","guid":{"rendered":"http:\/\/www.turismocaravaca.com\/blog\/?p=7069"},"modified":"2018-02-15T14:28:44","modified_gmt":"2018-02-15T13:28:44","slug":"el-circo-invade-el-mercado-del-peregrino-de-caravaca-este-domingo","status":"publish","type":"post","link":"https:\/\/www.turismocaravaca.com\/blog\/el-circo-invade-el-mercado-del-peregrino-de-caravaca-este-domingo\/","title":{"rendered":"El circo invade el Mercado del Peregrino de Caravaca este domingo"},"content":{"rendered":"<figure id=\"attachment_7070\" aria-describedby=\"caption-attachment-7070\" style=\"width: 731px\" class=\"wp-caption aligncenter\"><img loading=\"lazy\" decoding=\"async\" class=\"wp-image-7070 size-large\" src=\"https:\/\/www.turismocaravaca.com\/blog\/wp-content\/uploads\/2018\/02\/cartel-mercado-del-Peregrino-febrero-caravaca-731x1024.jpg\" alt=\"Cartel del Mercado del Peregrino de Caravaca del domingo 18 de febrero.\" width=\"731\" height=\"1024\" srcset=\"https:\/\/www.turismocaravaca.com\/blog\/wp-content\/uploads\/2018\/02\/cartel-mercado-del-Peregrino-febrero-caravaca-731x1024.jpg 731w, https:\/\/www.turismocaravaca.com\/blog\/wp-content\/uploads\/2018\/02\/cartel-mercado-del-Peregrino-febrero-caravaca-214x300.jpg 214w, https:\/\/www.turismocaravaca.com\/blog\/wp-content\/uploads\/2018\/02\/cartel-mercado-del-Peregrino-febrero-caravaca-768x1075.jpg 768w, https:\/\/www.turismocaravaca.com\/blog\/wp-content\/uploads\/2018\/02\/cartel-mercado-del-Peregrino-febrero-caravaca.jpg 1417w\" sizes=\"(max-width: 731px) 100vw, 731px\" \/><figcaption id=\"caption-attachment-7070\" class=\"wp-caption-text\">Cartel del Mercado del Peregrino de Caravaca del domingo 18 de febrero.<\/figcaption><\/figure>\n<p>Siguiendo su cita habitual del tercer domingo de cada mes, el <strong>Mercado del Peregrino de Caravaca<\/strong> regresa este 18 de febrero con la tem\u00e1tica del circo como protagonista en la <strong>calle corredera<\/strong> desde las 10 hasta las 14:30 de la ma\u00f1ana. Entre el Templete y la Plaza de San Juan de la Cruz se pondr\u00e1n los puestos de <strong>artesan\u00eda, perfumes, juegos infantiles y cer\u00e1mica<\/strong>, entre otras sorpresas.<\/p>\n<p>El &#8216;<strong>Zircus Divinorum&#8217;<\/strong> presentar\u00e1 un espect\u00e1culo de malabares y acrobacias para animar el ambiente. Este grupo art\u00edstico de Alicante est\u00e1 especializado en ofrecer actuaciones fant\u00e1sticas y, de hecho, actu\u00f3 en el <a href=\"http:\/\/www.laopiniondemurcia.es\/municipios\/2017\/12\/01\/mercado-medieval-tomara-caravaca-durante\/879640.html\"><strong>Mercado Medieval de Caravaca<\/strong><\/a> que se celebr\u00f3 el pasado mes de diciembre.<\/p>\n<figure id=\"attachment_7072\" aria-describedby=\"caption-attachment-7072\" style=\"width: 768px\" class=\"wp-caption aligncenter\"><img loading=\"lazy\" decoding=\"async\" class=\"wp-image-7072 size-large\" src=\"https:\/\/www.turismocaravaca.com\/blog\/wp-content\/uploads\/2018\/02\/20171119_125855-1024x768.jpg\" alt=\"Foto de archivo del Mercado del Peregrino de Caravaca\/ Mercedes Caparr\u00f3s.\" width=\"768\" height=\"576\" srcset=\"https:\/\/www.turismocaravaca.com\/blog\/wp-content\/uploads\/2018\/02\/20171119_125855-1024x768.jpg 1024w, https:\/\/www.turismocaravaca.com\/blog\/wp-content\/uploads\/2018\/02\/20171119_125855-300x225.jpg 300w, https:\/\/www.turismocaravaca.com\/blog\/wp-content\/uploads\/2018\/02\/20171119_125855-768x576.jpg 768w\" sizes=\"(max-width: 768px) 100vw, 768px\" \/><figcaption id=\"caption-attachment-7072\" class=\"wp-caption-text\">Foto de archivo del Mercado del Peregrino de Caravaca\/ Mercedes Caparr\u00f3s.<\/figcaption><\/figure>\n<p>Por otro lado, se expondr\u00e1n <strong>cer\u00e1micas de barro y figuras de duendes vestidos,<\/strong> que son muy populares en Argentina. Adem\u00e1s, habr\u00e1 cinturones, bolsos y pulseras hechos de cuero y distintos objetos elaborados con <strong>cart\u00f3n fallero<\/strong>, como perchas, m\u00f3viles para decorar el techo y mu\u00f1ecos.<\/p>\n<p>Asimismo, habr\u00e1 demostraciones artesanales, entre las que cabe destacar la <strong>miel en panal<\/strong> y el queso. A lo largo de la jornada <strong>los ni\u00f1os podr\u00e1n divertirse con los juegos infantiles y el pintacaras<\/strong>, aparte del espect\u00e1culo del circo.<\/p>\n<p>Cabe destacar que la <strong>Concejal\u00eda de Turismo<\/strong> organiza, en colaboraci\u00f3n con la asociaci\u00f3n cultural <strong>Art Andante<\/strong>, este mercado el tercer domingo de cada mes para fomentar la gastronom\u00eda y la artesan\u00eda locales, adem\u00e1s de ofrecer espect\u00e1culos musicales y art\u00edsticos.<\/p>\n<figure id=\"attachment_7075\" aria-describedby=\"caption-attachment-7075\" style=\"width: 768px\" class=\"wp-caption aligncenter\"><img loading=\"lazy\" decoding=\"async\" class=\"wp-image-7075 size-large\" src=\"https:\/\/www.turismocaravaca.com\/blog\/wp-content\/uploads\/2018\/02\/20171119_125439-1024x768.jpg\" alt=\"Un d\u00eda en el Mercado del Peregrino de Caravaca (foto de archivo)\/ Mercedes Caparr\u00f3s.\" width=\"768\" height=\"576\" srcset=\"https:\/\/www.turismocaravaca.com\/blog\/wp-content\/uploads\/2018\/02\/20171119_125439-1024x768.jpg 1024w, https:\/\/www.turismocaravaca.com\/blog\/wp-content\/uploads\/2018\/02\/20171119_125439-300x225.jpg 300w, https:\/\/www.turismocaravaca.com\/blog\/wp-content\/uploads\/2018\/02\/20171119_125439-768x576.jpg 768w\" sizes=\"(max-width: 768px) 100vw, 768px\" \/><figcaption id=\"caption-attachment-7075\" class=\"wp-caption-text\">Un d\u00eda en el Mercado del Peregrino de Caravaca (foto de archivo)\/ Mercedes Caparr\u00f3s.<\/figcaption><\/figure>\n","protected":false},"excerpt":{"rendered":"<p>Siguiendo su cita habitual del tercer domingo de cada mes, el Mercado del Peregrino de Caravaca regresa este 18 de febrero con la tem\u00e1tica del circo como protagonista en la calle corredera desde las 10 hasta las 14:30 de la ma\u00f1ana. Entre el Templete y la Plaza de San Juan de la Cruz se pondr\u00e1n [&hellip;]<\/p>\n","protected":false},"author":2,"featured_media":0,"comment_status":"open","ping_status":"open","sticky":false,"template":"","format":"standard","meta":{"footnotes":""},"categories":[5,2126,15,19,1],"tags":[364,2237,482,1024,2236,2235,1315,1559,2238],"class_list":["post-7069","post","type-post","status-publish","format-standard","hentry","category-artesania","category-espanol","category-exhibiciones","category-gastronomia-3","category-sin-categoria","tag-caravaca-de-la-cruz","tag-ceramica","tag-circo","tag-gastronomia","tag-infantiles","tag-juegos","tag-mercado","tag-peregrino","tag-zircus-divinorum"],"_links":{"self":[{"href":"https:\/\/www.turismocaravaca.com\/blog\/wp-json\/wp\/v2\/posts\/7069"}],"collection":[{"href":"https:\/\/www.turismocaravaca.com\/blog\/wp-json\/wp\/v2\/posts"}],"about":[{"href":"https:\/\/www.turismocaravaca.com\/blog\/wp-json\/wp\/v2\/types\/post"}],"author":[{"embeddable":true,"href":"https:\/\/www.turismocaravaca.com\/blog\/wp-json\/wp\/v2\/users\/2"}],"replies":[{"embeddable":true,"href":"https:\/\/www.turismocaravaca.com\/blog\/wp-json\/wp\/v2\/comments?post=7069"}],"version-history":[{"count":4,"href":"https:\/\/www.turismocaravaca.com\/blog\/wp-json\/wp\/v2\/posts\/7069\/revisions"}],"predecessor-version":[{"id":7076,"href":"https:\/\/www.turismocaravaca.com\/blog\/wp-json\/wp\/v2\/posts\/7069\/revisions\/7076"}],"wp:attachment":[{"href":"https:\/\/www.turismocaravaca.com\/blog\/wp-json\/wp\/v2\/media?parent=7069"}],"wp:term":[{"taxonomy":"category","embeddable":true,"href":"https:\/\/www.turismocaravaca.com\/blog\/wp-json\/wp\/v2\/categories?post=7069"},{"taxonomy":"post_tag","embeddable":true,"href":"https:\/\/www.turismocaravaca.com\/blog\/wp-json\/wp\/v2\/tags?post=7069"}],"curies":[{"name":"wp","href":"https:\/\/api.w.org\/{rel}","templated":true}]}}