{"id":7197,"date":"2018-04-10T12:34:14","date_gmt":"2018-04-10T10:34:14","guid":{"rendered":"http:\/\/www.turismocaravaca.com\/blog\/?p=7197"},"modified":"2018-04-10T12:37:23","modified_gmt":"2018-04-10T10:37:23","slug":"la-pena-mayrena-conmemora-su-40-cumpleanos-con-una-exposicion-en-la-antigua-iglesia-de-la-compania-de-jesus","status":"publish","type":"post","link":"https:\/\/www.turismocaravaca.com\/blog\/la-pena-mayrena-conmemora-su-40-cumpleanos-con-una-exposicion-en-la-antigua-iglesia-de-la-compania-de-jesus\/","title":{"rendered":"La Pe\u00f1a Mayrena conmemora su 40 cumplea\u00f1os con una exposici\u00f3n en la antigua Iglesia de la Compa\u00f1\u00eda de Jes\u00fas"},"content":{"rendered":"<figure id=\"attachment_7198\" aria-describedby=\"caption-attachment-7198\" style=\"width: 724px\" class=\"wp-caption aligncenter\"><img loading=\"lazy\" decoding=\"async\" class=\"wp-image-7198 size-large\" src=\"https:\/\/www.turismocaravaca.com\/blog\/wp-content\/uploads\/2018\/04\/Cartel-Mayrena-40-an\u00a6\u00e2os-A2-1-724x1024.png\" alt=\"Cartel del 40 aniversario de la Pe\u00f1a Mayrena en 2018.\" width=\"724\" height=\"1024\" srcset=\"https:\/\/www.turismocaravaca.com\/blog\/wp-content\/uploads\/2018\/04\/Cartel-Mayrena-40-an\u00a6\u00e2os-A2-1-724x1024.png 724w, https:\/\/www.turismocaravaca.com\/blog\/wp-content\/uploads\/2018\/04\/Cartel-Mayrena-40-an\u00a6\u00e2os-A2-1-212x300.png 212w, https:\/\/www.turismocaravaca.com\/blog\/wp-content\/uploads\/2018\/04\/Cartel-Mayrena-40-an\u00a6\u00e2os-A2-1-768x1086.png 768w\" sizes=\"(max-width: 724px) 100vw, 724px\" \/><figcaption id=\"caption-attachment-7198\" class=\"wp-caption-text\">Cartel del 40 aniversario de la Pe\u00f1a Mayrena en 2018.<\/figcaption><\/figure>\n<p>\u201cEl balance de estos cuarenta a\u00f1os ha sido muy positivo, porque e<strong>sta pe\u00f1a surgi\u00f3 de un grupo de amigos y ahora son una gran familia<\/strong>\u201d, afirma el presidente de la <strong>Pe\u00f1a Mayrena<\/strong>, Antonio Hern\u00e1ndez L\u00f3pez. Esta pe\u00f1a caballista inaugur\u00f3 el pasado domingo, d\u00eda 8 de abril, <strong>una exposici\u00f3n<\/strong> en la <strong>antigua Iglesia de la Compa\u00f1\u00eda de Jes\u00fas de Caravaca<\/strong> para celebrar sus cuarenta d\u00e9cadas en las <strong><a href=\"http:\/\/turismocaravaca.com\/images\/jevents\/5abb86bddbaad0.86455018.pdf\">Fiestas de Mayo<\/a>.<\/strong><\/p>\n<p>En la exhibici\u00f3n pueden verse los bordados que han lucido los caballos del Mayrena desde el a\u00f1o <strong>1977<\/strong> cuando naci\u00f3 la pe\u00f1a.\u00a0 Se aprecia c\u00f3mo han cambiado los dise\u00f1os de los mantos de los equinos desde la d\u00e9cada de los 80 hasta la actualidad, puesto que antes se focalizaban en <strong>el color del terciopelo del manto<\/strong> y ahora predominan <strong>la seda, el oro y la plata.<\/strong><\/p>\n<figure id=\"attachment_7199\" aria-describedby=\"caption-attachment-7199\" style=\"width: 768px\" class=\"wp-caption aligncenter\"><img loading=\"lazy\" decoding=\"async\" class=\"wp-image-7199 size-large\" src=\"https:\/\/www.turismocaravaca.com\/blog\/wp-content\/uploads\/2018\/04\/20180407_210329-1024x768.jpg\" alt=\"Bordado del caballo en la exposici\u00f3n de la Pe\u00f1a Mayrena.\" width=\"768\" height=\"576\" srcset=\"https:\/\/www.turismocaravaca.com\/blog\/wp-content\/uploads\/2018\/04\/20180407_210329-1024x768.jpg 1024w, https:\/\/www.turismocaravaca.com\/blog\/wp-content\/uploads\/2018\/04\/20180407_210329-300x225.jpg 300w, https:\/\/www.turismocaravaca.com\/blog\/wp-content\/uploads\/2018\/04\/20180407_210329-768x576.jpg 768w, https:\/\/www.turismocaravaca.com\/blog\/wp-content\/uploads\/2018\/04\/20180407_210329.jpg 1280w\" sizes=\"(max-width: 768px) 100vw, 768px\" \/><figcaption id=\"caption-attachment-7199\" class=\"wp-caption-text\">Bordado del caballo en la exposici\u00f3n de la Pe\u00f1a Mayrena.<\/figcaption><\/figure>\n<p>Por otro lado, los dise\u00f1os de los 90 destacaron por <strong>su oro puesto en canutillo<\/strong> haciendo relieves. Adem\u00e1s, los asistentes podr\u00e1n disfrutar de la historia de la pe\u00f1a a trav\u00e9s de las fotograf\u00edas que abarcan los inicios hasta los tiempos actuales.<\/p>\n<p>\u201cLa fiesta ha evolucionado mucho, porque las pe\u00f1as se preocupan mucho m\u00e1s por el caballo y los enjaezamientos son m\u00e1s elaborados y vistosos\u201d, seg\u00fan comenta L\u00f3pez . A prop\u00f3sito de la vestimenta del animal, todos los a\u00f1os se celebra un <strong>Concurso de Enjaezamiento<\/strong>, cuyos or\u00edgenes se remontan a los a\u00f1os 20, donde se premian a los caballos que llevan los bordados m\u00e1s exuberantes y trabajados.<\/p>\n<p>La Pe\u00f1a Mayrena ha obtenido cinco primeros premios en este certamen. <strong>El primero lo gan\u00f3 en 1981<\/strong> cuando se celebr\u00f3 el primer A\u00f1o Jubilar de la ciudad, luego obtuvo otros tres consecutivos en los a\u00f1os 1999, 2000 y 2001. Y el \u00faltimo lo consigui\u00f3 en 2009.<\/p>\n<figure id=\"attachment_7200\" aria-describedby=\"caption-attachment-7200\" style=\"width: 768px\" class=\"wp-caption aligncenter\"><img loading=\"lazy\" decoding=\"async\" class=\"wp-image-7200 size-large\" src=\"https:\/\/www.turismocaravaca.com\/blog\/wp-content\/uploads\/2018\/04\/20180408_111514-1024x768.jpg\" alt=\"Piezas de enjaezamiento y trofeos en la exposici\u00f3n de la Pe\u00f1a del Mayrena.\" width=\"768\" height=\"576\" srcset=\"https:\/\/www.turismocaravaca.com\/blog\/wp-content\/uploads\/2018\/04\/20180408_111514-1024x768.jpg 1024w, https:\/\/www.turismocaravaca.com\/blog\/wp-content\/uploads\/2018\/04\/20180408_111514-300x225.jpg 300w, https:\/\/www.turismocaravaca.com\/blog\/wp-content\/uploads\/2018\/04\/20180408_111514-768x576.jpg 768w, https:\/\/www.turismocaravaca.com\/blog\/wp-content\/uploads\/2018\/04\/20180408_111514.jpg 1280w\" sizes=\"(max-width: 768px) 100vw, 768px\" \/><figcaption id=\"caption-attachment-7200\" class=\"wp-caption-text\">Piezas de enjaezamiento y trofeos en la exposici\u00f3n de la Pe\u00f1a del Mayrena.<\/figcaption><\/figure>\n<p>La <strong>exposici\u00f3n de la Pe\u00f1a Mayrena<\/strong> se halla en la <strong>antigua Iglesia de la Compa\u00f1\u00eda de Jes\u00fas<\/strong> y estar\u00e1 abierta <strong>hasta el domingo 22 de abril<\/strong> <strong>todos los d\u00edas<\/strong> de la semana en horario <strong>de 18 a 21 horas<\/strong>. El domingo 8 de abril los del Mayrena <strong>descubrieron su escudo<\/strong> en la Plaza de los Caballos del Vino, situada en el barrio de &#8216;El Hoyo&#8217;.<\/p>\n<p><a href=\"http:\/\/www.caravacaenfiestas.com\/fiestas-de-la-cruz\/fiestas-de-mayo\"><strong>Las Fiestas de Mayo de Caravaca<\/strong><\/a> se celebran oficialmente desde el 1 al 5 de mayo en honor a la Sant\u00edsima Vera Cruz. Destacan por la carrera de los <strong>Caballos del Vino<\/strong>, festejo que es candidato a Patrimonio Cultural Inmaterial de la Humanidad por la <a href=\"http:\/\/www.europapress.es\/murcia\/noticia-ultiman-documento-caballos-vino-sean-patrimonio-unesco-2020-20180228163940.html\"><strong>UNESCO en 2020<\/strong><\/a>, los desfiles de los <strong>Moros y Cristianos<\/strong> y la devoci\u00f3n a <strong>la Cruz<\/strong>.<\/p>\n","protected":false},"excerpt":{"rendered":"<p>\u201cEl balance de estos cuarenta a\u00f1os ha sido muy positivo, porque esta pe\u00f1a surgi\u00f3 de un grupo de amigos y ahora son una gran familia\u201d, afirma el presidente de la Pe\u00f1a Mayrena, Antonio Hern\u00e1ndez L\u00f3pez. Esta pe\u00f1a caballista inaugur\u00f3 el pasado domingo, d\u00eda 8 de abril, una exposici\u00f3n en la antigua Iglesia de la Compa\u00f1\u00eda [&hellip;]<\/p>\n","protected":false},"author":2,"featured_media":0,"comment_status":"open","ping_status":"open","sticky":false,"template":"","format":"standard","meta":{"footnotes":""},"categories":[2126,16,18],"tags":[315,364,869,978,2282],"class_list":["post-7197","post","type-post","status-publish","format-standard","hentry","category-espanol","category-exposiones","category-fiestas-2","tag-caballos","tag-caravaca-de-la-cruz","tag-exposicion","tag-fiestas-de-mayo","tag-pena-mayrena"],"_links":{"self":[{"href":"https:\/\/www.turismocaravaca.com\/blog\/wp-json\/wp\/v2\/posts\/7197"}],"collection":[{"href":"https:\/\/www.turismocaravaca.com\/blog\/wp-json\/wp\/v2\/posts"}],"about":[{"href":"https:\/\/www.turismocaravaca.com\/blog\/wp-json\/wp\/v2\/types\/post"}],"author":[{"embeddable":true,"href":"https:\/\/www.turismocaravaca.com\/blog\/wp-json\/wp\/v2\/users\/2"}],"replies":[{"embeddable":true,"href":"https:\/\/www.turismocaravaca.com\/blog\/wp-json\/wp\/v2\/comments?post=7197"}],"version-history":[{"count":3,"href":"https:\/\/www.turismocaravaca.com\/blog\/wp-json\/wp\/v2\/posts\/7197\/revisions"}],"predecessor-version":[{"id":7204,"href":"https:\/\/www.turismocaravaca.com\/blog\/wp-json\/wp\/v2\/posts\/7197\/revisions\/7204"}],"wp:attachment":[{"href":"https:\/\/www.turismocaravaca.com\/blog\/wp-json\/wp\/v2\/media?parent=7197"}],"wp:term":[{"taxonomy":"category","embeddable":true,"href":"https:\/\/www.turismocaravaca.com\/blog\/wp-json\/wp\/v2\/categories?post=7197"},{"taxonomy":"post_tag","embeddable":true,"href":"https:\/\/www.turismocaravaca.com\/blog\/wp-json\/wp\/v2\/tags?post=7197"}],"curies":[{"name":"wp","href":"https:\/\/api.w.org\/{rel}","templated":true}]}}