{"id":7237,"date":"2018-04-20T13:04:24","date_gmt":"2018-04-20T11:04:24","guid":{"rendered":"http:\/\/www.turismocaravaca.com\/blog\/?p=7237"},"modified":"2018-04-20T13:04:24","modified_gmt":"2018-04-20T11:04:24","slug":"caravaca-celebra-este-sabado-21-de-abril-el-baile-del-moro","status":"publish","type":"post","link":"https:\/\/www.turismocaravaca.com\/blog\/caravaca-celebra-este-sabado-21-de-abril-el-baile-del-moro\/","title":{"rendered":"Caravaca celebra este s\u00e1bado 21 de abril el Baile del Moro"},"content":{"rendered":"<figure id=\"attachment_7239\" aria-describedby=\"caption-attachment-7239\" style=\"width: 724px\" class=\"wp-caption aligncenter\"><img loading=\"lazy\" decoding=\"async\" class=\"wp-image-7239 size-large\" src=\"https:\/\/www.turismocaravaca.com\/blog\/wp-content\/uploads\/2018\/04\/CARTEL-D\u00ecA-DEL-MORO-1-1-724x1024.png\" alt=\"Cartel del Baile del Moro de Caravaca del 2018.\" width=\"724\" height=\"1024\" srcset=\"https:\/\/www.turismocaravaca.com\/blog\/wp-content\/uploads\/2018\/04\/CARTEL-D\u00ecA-DEL-MORO-1-1-724x1024.png 724w, https:\/\/www.turismocaravaca.com\/blog\/wp-content\/uploads\/2018\/04\/CARTEL-D\u00ecA-DEL-MORO-1-1-212x300.png 212w, https:\/\/www.turismocaravaca.com\/blog\/wp-content\/uploads\/2018\/04\/CARTEL-D\u00ecA-DEL-MORO-1-1-768x1086.png 768w\" sizes=\"(max-width: 724px) 100vw, 724px\" \/><figcaption id=\"caption-attachment-7239\" class=\"wp-caption-text\">Cartel del Baile del Moro de Caravaca del 2018.<\/figcaption><\/figure>\n<p><strong>Este s\u00e1bado<\/strong>, 21 de abril, Caravaca vuelve a salir a las calles para vibrar de alegr\u00eda con <strong>el Baile del Moro<\/strong>. Ha sido organizado por el<strong> Bando del Moro<\/strong> en colaboraci\u00f3n con <strong>el Ayuntamiento de Caravaca<\/strong> y se enmarca dentro de las prefiestas, que comenzaron el 7 de abril con el Baile del Quinto, que carece de car\u00e1cter institucional, y el Baile del Cristiano, celebrado el pasado s\u00e1bado 14 de abril y organizado por el Bando Cristiano y el consistorio caravaque\u00f1o.<\/p>\n<p>En esta ocasi\u00f3n, el Baile del Moro ofrecer\u00e1 una programaci\u00f3n que se iniciar\u00e1 a partir de las <strong>8 horas<\/strong> de la ma\u00f1ana con la <strong>Diana de Alcabucer\u00eda de Abul-Khatar<\/strong>. Dicha cabila recorrer\u00e1, con trabucos en mano, <strong>las siguientes calles de la ciudad<\/strong> en este orden: la Plaza Tuzla, pasando por Gran V\u00eda, calle Puentecilla, Plaza del Arco, calles de las Monjas, Larga, Vicente Belvis, Rector Rodr\u00edguez, Cuesta del Ca\u00f1o, de las Monjas, Pocico, Gregorio Javier, Vidrieras, Canalejas, Poeta Ib\u00e1\u00f1ez, Plaza Santa Teresa, calles Cuesta de las Herrer\u00edas, Rafael Tegeo, Calle Mayor, Plaza del Arco, Gran V\u00eda y , finalmente, Plaza Tuzla.<\/p>\n<p>Alrededor de las <strong>11:30 horas<\/strong> de la ma\u00f1ana la <strong>Cabila Abul-Khatar<\/strong> presentar\u00e1 la <strong>novedad<\/strong> de este a\u00f1o: recitar\u00e1n un <strong>preg\u00f3n festero mientras van montados sobre un burro<\/strong> a lo largo de la urbe. Se trata de un antiguo ritual que tiene sus or\u00edgenes en la renovaci\u00f3n de los desfiles de Moros y Cristianos en 1959.<\/p>\n<p>Asimismo, a las 11:30 horas tendr\u00e1 lugar una concentraci\u00f3n de cabilas moras en la Plaza Paco Pim (la El\u00edptica). All\u00ed comenzar\u00e1 un pasacalles hacia el <strong>Campamento Moro<\/strong>, que se <strong>abrir\u00e1 a las 12 horas<\/strong> de la ma\u00f1ana en la Gran V\u00eda, entre las calles Doctor Fleming y Raimundo Rodr\u00edguez, y se <strong>cerrar\u00e1 a las 20 horas<\/strong>.<\/p>\n<p>Las <strong>comidas<\/strong> se desarrollar\u00e1n en las sedes y los refugios de las distintas cabilas a partir de las <strong>14:30 horas<\/strong>. Los asistentes podr\u00e1n disfrutar una degustaci\u00f3n de <strong>caf\u00e9 popular por Caf\u00e9s Salzillo<\/strong> a las <strong>17 horas<\/strong> en el Campamento Moro.<\/p>\n<p>La fiesta continuar\u00e1 <strong>en la zona<\/strong> (calles Trafalgar y Castilla) donde se hallan varios pubs concentrados. El pr\u00f3ximo <strong>s\u00e1bado, 28 de abril<\/strong>, se festeja el <strong>\u00faltimo baile de las prefiestas<\/strong>, el del <strong>Pa\u00f1uelo<\/strong>, cuyos organizadores son el Bando de los Caballos del Vino y el Ayuntamiento de Caravaca.<\/p>\n<p>El <strong>lunes 30 de abril<\/strong> tendr\u00e1 lugar la <strong>Noche de las Migas<\/strong> con la participaci\u00f3n de distintas pe\u00f1as migueras que animar\u00e1n la noche con sus respectivas charangas y bailes, y se reunir\u00e1n en el <strong>barrio de &#8216;El Hoyo<\/strong>&#8216;. Por \u00faltimo, las <a href=\"http:\/\/turismocaravaca.com\/images\/jevents\/5abb86bddbaad0.86455018.pdf\"><strong>Fiestas de Mayo<\/strong><\/a> comenzar\u00e1n oficialmente el martes 1 de mayo y finalizar\u00e1n el s\u00e1bado 5 de mayo.<\/p>\n","protected":false},"excerpt":{"rendered":"<p>Este s\u00e1bado, 21 de abril, Caravaca vuelve a salir a las calles para vibrar de alegr\u00eda con el Baile del Moro. Ha sido organizado por el Bando del Moro en colaboraci\u00f3n con el Ayuntamiento de Caravaca y se enmarca dentro de las prefiestas, que comenzaron el 7 de abril con el Baile del Quinto, que [&hellip;]<\/p>\n","protected":false},"author":2,"featured_media":0,"comment_status":"open","ping_status":"open","sticky":false,"template":"","format":"standard","meta":{"footnotes":""},"categories":[2126,18,1],"tags":[2298,364,978,1613],"class_list":["post-7237","post","type-post","status-publish","format-standard","hentry","category-espanol","category-fiestas-2","category-sin-categoria","tag-baile-del-moro","tag-caravaca-de-la-cruz","tag-fiestas-de-mayo","tag-prefiestas"],"_links":{"self":[{"href":"https:\/\/www.turismocaravaca.com\/blog\/wp-json\/wp\/v2\/posts\/7237"}],"collection":[{"href":"https:\/\/www.turismocaravaca.com\/blog\/wp-json\/wp\/v2\/posts"}],"about":[{"href":"https:\/\/www.turismocaravaca.com\/blog\/wp-json\/wp\/v2\/types\/post"}],"author":[{"embeddable":true,"href":"https:\/\/www.turismocaravaca.com\/blog\/wp-json\/wp\/v2\/users\/2"}],"replies":[{"embeddable":true,"href":"https:\/\/www.turismocaravaca.com\/blog\/wp-json\/wp\/v2\/comments?post=7237"}],"version-history":[{"count":2,"href":"https:\/\/www.turismocaravaca.com\/blog\/wp-json\/wp\/v2\/posts\/7237\/revisions"}],"predecessor-version":[{"id":7240,"href":"https:\/\/www.turismocaravaca.com\/blog\/wp-json\/wp\/v2\/posts\/7237\/revisions\/7240"}],"wp:attachment":[{"href":"https:\/\/www.turismocaravaca.com\/blog\/wp-json\/wp\/v2\/media?parent=7237"}],"wp:term":[{"taxonomy":"category","embeddable":true,"href":"https:\/\/www.turismocaravaca.com\/blog\/wp-json\/wp\/v2\/categories?post=7237"},{"taxonomy":"post_tag","embeddable":true,"href":"https:\/\/www.turismocaravaca.com\/blog\/wp-json\/wp\/v2\/tags?post=7237"}],"curies":[{"name":"wp","href":"https:\/\/api.w.org\/{rel}","templated":true}]}}