{"id":7242,"date":"2018-04-24T13:45:19","date_gmt":"2018-04-24T11:45:19","guid":{"rendered":"http:\/\/www.turismocaravaca.com\/blog\/?p=7242"},"modified":"2018-04-24T13:45:19","modified_gmt":"2018-04-24T11:45:19","slug":"el-tio-de-la-pita-el-tamboril-y-los-gigantes","status":"publish","type":"post","link":"https:\/\/www.turismocaravaca.com\/blog\/el-tio-de-la-pita-el-tamboril-y-los-gigantes\/","title":{"rendered":"El Tio de la Pita, el Tamboril y los Gigantes"},"content":{"rendered":"<p>&nbsp;<\/p>\n<p>&nbsp;<\/p>\n<p><img loading=\"lazy\" decoding=\"async\" class=\"aligncenter wp-image-7243 \" src=\"https:\/\/www.turismocaravaca.com\/blog\/wp-content\/uploads\/2018\/04\/llegada-pita-1_g.jpg\" alt=\"\" width=\"650\" height=\"366\" srcset=\"https:\/\/www.turismocaravaca.com\/blog\/wp-content\/uploads\/2018\/04\/llegada-pita-1_g.jpg 1000w, https:\/\/www.turismocaravaca.com\/blog\/wp-content\/uploads\/2018\/04\/llegada-pita-1_g-300x169.jpg 300w, https:\/\/www.turismocaravaca.com\/blog\/wp-content\/uploads\/2018\/04\/llegada-pita-1_g-768x432.jpg 768w\" sizes=\"(max-width: 650px) 100vw, 650px\" \/><\/p>\n<p><strong>El T\u00edo de la Pita<\/strong> llega en un autob\u00fas, recibido con todo el cari\u00f1o de un pueblo, y como si de un Flautista de Hamel\u00edn se tratase, como cosa de magia, logra que la multitud le siga mientras toca <strong>\u201cSerafina la Rubiales\u201d<\/strong>. Detr\u00e1s de \u00e9l y de su inseparable <strong>Tamboril, los Gigantes y Cabezudos<\/strong> cierran la comitiva portados por abnegados y expertos giganteros, duchos en el manejo y baile de los colosos de cart\u00f3n.<\/p>\n<figure id=\"attachment_7245\" aria-describedby=\"caption-attachment-7245\" style=\"width: 550px\" class=\"wp-caption aligncenter\"><img loading=\"lazy\" decoding=\"async\" class=\"wp-image-7245\" src=\"https:\/\/www.turismocaravaca.com\/blog\/wp-content\/uploads\/2018\/04\/gigantes-2-1024x719.png\" alt=\"\" width=\"550\" height=\"386\" srcset=\"https:\/\/www.turismocaravaca.com\/blog\/wp-content\/uploads\/2018\/04\/gigantes-2-1024x719.png 1024w, https:\/\/www.turismocaravaca.com\/blog\/wp-content\/uploads\/2018\/04\/gigantes-2-300x211.png 300w, https:\/\/www.turismocaravaca.com\/blog\/wp-content\/uploads\/2018\/04\/gigantes-2-768x539.png 768w, https:\/\/www.turismocaravaca.com\/blog\/wp-content\/uploads\/2018\/04\/gigantes-2.png 1312w\" sizes=\"(max-width: 550px) 100vw, 550px\" \/><figcaption id=\"caption-attachment-7245\" class=\"wp-caption-text\">Los gigantes ayer y hoy<\/figcaption><\/figure>\n<p><img loading=\"lazy\" decoding=\"async\" class=\"aligncenter wp-image-7246 \" src=\"https:\/\/www.turismocaravaca.com\/blog\/wp-content\/uploads\/2018\/04\/gigantes-1-1024x683.jpg\" alt=\"\" width=\"547\" height=\"365\" srcset=\"https:\/\/www.turismocaravaca.com\/blog\/wp-content\/uploads\/2018\/04\/gigantes-1-1024x683.jpg 1024w, https:\/\/www.turismocaravaca.com\/blog\/wp-content\/uploads\/2018\/04\/gigantes-1-300x200.jpg 300w, https:\/\/www.turismocaravaca.com\/blog\/wp-content\/uploads\/2018\/04\/gigantes-1-768x512.jpg 768w, https:\/\/www.turismocaravaca.com\/blog\/wp-content\/uploads\/2018\/04\/gigantes-1.jpg 1600w\" sizes=\"(max-width: 547px) 100vw, 547px\" \/><\/p>\n<p>El T\u00edo de la Pita, nombre del dulzainero en las Provincias de Albacete, Cuenca y Murcia, surge en el Renacimiento, como parte de los rituales primaverales, el tiempo de las labores del campo. Es el despertador del huertano que debe ponerse a la faena, el m\u00fasico que junto con su Pita (dulzaina) y un ni\u00f1o acompa\u00f1\u00e1ndole al tambor, recorre las sendas de las aldeas y los campos tocando melod\u00edas que ayudan a los cultivos a romper su sopor y dar buenas cosechas.<\/p>\n<p>En <strong>Caravaca<\/strong>, adem\u00e1s, el T\u00edo de la Pita est\u00e1 ligado a los <strong>\u201cConjuros\u201d<\/strong> que se practicaban desde el <strong>Santuario de la Vera Cruz<\/strong>, en el que la Reliquia era mostrada a los cuatro puntos cardinales para abjurar las tormentas y bendecir los campos.<\/p>\n<p>Los testimonios documentales del T\u00edo de la Pita aparecen desde el siglo <strong>XVI<\/strong>, del cual se datan documentos de pago a \u201cm\u00fasicos\u201d que vienen de fuera de Caravaca a amenizar las fiestas del <strong>Corpus<\/strong>. Ya en el XVIII, se menciona el contrato anual a \u201cun dulzainero\u201d que acude a Caravaca para cumplir la misma tarea, hasta que su labor se liga de forma permanente a las Fiestas de la Cruz. Naturalmente, con el paso de la presencia de los gigantes en el Corpus a las Fiestas patronales caravaque\u00f1as, el T\u00edo de la Pita les sigue en la aventura, convirti\u00e9ndose desde entonces en inseparables compa\u00f1eros de correr\u00edas y m\u00fasica en las postrimer\u00edas del mes de Abril.<\/p>\n<p><img loading=\"lazy\" decoding=\"async\" class=\"aligncenter wp-image-7244 size-full\" src=\"https:\/\/www.turismocaravaca.com\/blog\/wp-content\/uploads\/2018\/04\/pita-3.jpg\" alt=\"\" width=\"590\" height=\"443\" srcset=\"https:\/\/www.turismocaravaca.com\/blog\/wp-content\/uploads\/2018\/04\/pita-3.jpg 590w, https:\/\/www.turismocaravaca.com\/blog\/wp-content\/uploads\/2018\/04\/pita-3-300x225.jpg 300w\" sizes=\"(max-width: 590px) 100vw, 590px\" \/><\/p>\n<p><strong>Serafina est\u00e1 en la esquina, m\u00e1s seca que una sardina\u2026<\/strong><\/p>\n<p>Sin duda, un halo de emoci\u00f3n acompa\u00f1a la danza de los gigantes y cabezudos con la melod\u00eda del T\u00edo de la Pita, pues es la se\u00f1al inequ\u00edvoca de que se aproximan las <strong>Fiestas de la Vera Cruz de Caravaca y Caballos del Vino<\/strong>. La dulzaina del T\u00edo de la Pita resuena en las calles durante los cinco d\u00edas m\u00e1s esperados por la chavaler\u00eda de Caravaca, pues es tiempo de juego y bailes, y de probarse a uno mismo para ver cu\u00e1nto ha crecido durante el a\u00f1o anterior tratando de alcanzar las enormes manos de los Gigantes.<\/p>\n<p>Tras los Festejos, la dulzaina del T\u00edo de la Pita queda en silencio hasta el a\u00f1o siguiente, y los gigantes y cabezudos duermen su sue\u00f1o reparador en la antiqu\u00edsima Ermita de San Sebasti\u00e1n, deseando el pueblo caravaque\u00f1o que vuelvan a salir de su sopor al grito de <strong>\u201c\u00a1Gandules, gandules\u2026!\u201d<\/strong> mientras el T\u00edo de la Pita vuelve a bajarse del autocar tocando aquello de:<\/p>\n<p><strong><em>\u201cSerafina est\u00e1 en la esquina, m\u00e1s seca que una sardina.<\/em><\/strong><br \/>\n<strong> <em>Serafina, Serafina.<\/em><\/strong><br \/>\n<strong> <em>Serafina la Rubiales es una chica muy fina.<\/em><\/strong><br \/>\n<strong> <em>Serafina, Serafina.<\/em><\/strong><br \/>\n<strong> <em>Serafina mueve los pinreles,<\/em><\/strong><br \/>\n<strong> <em>que tu cara es un manojo de claveles.<\/em><\/strong><br \/>\n<strong> <em>Serafina, deja a ese brib\u00f3n.<\/em><\/strong><br \/>\n<strong> <em>Serafina de mi alma, Serafina de mi coraz\u00f3n\u201d.<\/em><\/strong><\/p>\n<p><iframe loading=\"lazy\" width=\"768\" height=\"432\" src=\"https:\/\/www.youtube.com\/embed\/6KcqoPW7CxI?feature=oembed\" frameborder=\"0\" allow=\"autoplay; encrypted-media\" allowfullscreen><\/iframe><\/p>\n<p><strong>Fuentes: Caravacaenfiestas.com<\/strong><\/p>\n","protected":false},"excerpt":{"rendered":"<p>&nbsp; &nbsp; El T\u00edo de la Pita llega en un autob\u00fas, recibido con todo el cari\u00f1o de un pueblo, y como si de un Flautista de Hamel\u00edn se tratase, como cosa de magia, logra que la multitud le siga mientras toca \u201cSerafina la Rubiales\u201d. Detr\u00e1s de \u00e9l y de su inseparable Tamboril, los Gigantes y [&hellip;]<\/p>\n","protected":false},"author":2,"featured_media":0,"comment_status":"open","ping_status":"open","sticky":false,"template":"","format":"standard","meta":{"footnotes":""},"categories":[2126,18,2138,2122],"tags":[972,1033,1901,2299,1995],"class_list":["post-7242","post","type-post","status-publish","format-standard","hentry","category-espanol","category-fiestas-2","category-musica","category-personajes-de-caravaca","tag-fiestas-de-caravaca-de-la-cruz","tag-gigantes-y-cabezudos","tag-tio-de-la-pita","tag-tradiciones-de-caravaca-de-la-cruz","tag-turismo-en-caravaca-de-la-cruz"],"_links":{"self":[{"href":"https:\/\/www.turismocaravaca.com\/blog\/wp-json\/wp\/v2\/posts\/7242"}],"collection":[{"href":"https:\/\/www.turismocaravaca.com\/blog\/wp-json\/wp\/v2\/posts"}],"about":[{"href":"https:\/\/www.turismocaravaca.com\/blog\/wp-json\/wp\/v2\/types\/post"}],"author":[{"embeddable":true,"href":"https:\/\/www.turismocaravaca.com\/blog\/wp-json\/wp\/v2\/users\/2"}],"replies":[{"embeddable":true,"href":"https:\/\/www.turismocaravaca.com\/blog\/wp-json\/wp\/v2\/comments?post=7242"}],"version-history":[{"count":1,"href":"https:\/\/www.turismocaravaca.com\/blog\/wp-json\/wp\/v2\/posts\/7242\/revisions"}],"predecessor-version":[{"id":7247,"href":"https:\/\/www.turismocaravaca.com\/blog\/wp-json\/wp\/v2\/posts\/7242\/revisions\/7247"}],"wp:attachment":[{"href":"https:\/\/www.turismocaravaca.com\/blog\/wp-json\/wp\/v2\/media?parent=7242"}],"wp:term":[{"taxonomy":"category","embeddable":true,"href":"https:\/\/www.turismocaravaca.com\/blog\/wp-json\/wp\/v2\/categories?post=7242"},{"taxonomy":"post_tag","embeddable":true,"href":"https:\/\/www.turismocaravaca.com\/blog\/wp-json\/wp\/v2\/tags?post=7242"}],"curies":[{"name":"wp","href":"https:\/\/api.w.org\/{rel}","templated":true}]}}