{"id":7291,"date":"2018-05-17T11:36:47","date_gmt":"2018-05-17T09:36:47","guid":{"rendered":"http:\/\/www.turismocaravaca.com\/blog\/?p=7291"},"modified":"2018-05-17T11:36:47","modified_gmt":"2018-05-17T09:36:47","slug":"el-mes-de-las-amapolas","status":"publish","type":"post","link":"https:\/\/www.turismocaravaca.com\/blog\/el-mes-de-las-amapolas\/","title":{"rendered":"El mes de las amapolas"},"content":{"rendered":"<h1><img loading=\"lazy\" decoding=\"async\" class=\"alignnone wp-image-7292 size-large\" src=\"https:\/\/www.turismocaravaca.com\/blog\/wp-content\/uploads\/2018\/05\/IMG_20180515_180644-1024x409.jpg\" alt=\"\" width=\"768\" height=\"307\" srcset=\"https:\/\/www.turismocaravaca.com\/blog\/wp-content\/uploads\/2018\/05\/IMG_20180515_180644-1024x409.jpg 1024w, https:\/\/www.turismocaravaca.com\/blog\/wp-content\/uploads\/2018\/05\/IMG_20180515_180644-300x120.jpg 300w, https:\/\/www.turismocaravaca.com\/blog\/wp-content\/uploads\/2018\/05\/IMG_20180515_180644-768x307.jpg 768w\" sizes=\"(max-width: 768px) 100vw, 768px\" \/><\/h1>\n<h1 id=\"titulo_noticia\" class=\"titulo\">La amapola, la flor que molesta a los agricultores y que adoran las redes sociales<\/h1>\n<p>Y es que, a pesar de la belleza primaveral de un campo cuajado de amapolas, para un agricultor la <strong>\u00abPapaver rhoeas\u00bb<\/strong> no deja de ser una <strong>\u00abMala hierba\u00bb<\/strong> muy dificil de eliminar de los cultivos y que llega a originar mermas en la cosecha de cereal de hasta el 40 %.<\/p>\n<p>Es una <strong>planta nitr\u00f3fila<\/strong>, es decir, necesita que se remuevan los nitratos del suelo para crecer. Por ello podemos verlas en lugares donde la actividad del hombre se deja notar.<\/p>\n<p><img loading=\"lazy\" decoding=\"async\" class=\"aligncenter wp-image-7293 size-medium\" src=\"https:\/\/www.turismocaravaca.com\/blog\/wp-content\/uploads\/2018\/05\/IMG_20180515_180826-300x225.jpg\" alt=\"\" width=\"300\" height=\"225\" srcset=\"https:\/\/www.turismocaravaca.com\/blog\/wp-content\/uploads\/2018\/05\/IMG_20180515_180826-300x225.jpg 300w, https:\/\/www.turismocaravaca.com\/blog\/wp-content\/uploads\/2018\/05\/IMG_20180515_180826-768x576.jpg 768w, https:\/\/www.turismocaravaca.com\/blog\/wp-content\/uploads\/2018\/05\/IMG_20180515_180826-1024x768.jpg 1024w\" sizes=\"(max-width: 300px) 100vw, 300px\" \/><\/p>\n<p>En las afueras de <strong>Caravaca de la Cruz<\/strong> y todo su t\u00e9rmino municipal, los campos y bancales en <strong>barbecho<\/strong> se visten de <strong>rojo<\/strong> regal\u00e1ndonos un paisaje \u00fanico y ef\u00edmero, porque la floraci\u00f3n dura apenas unos d\u00edas. Es una postal que cada mes de <strong>mayo,<\/strong> dependiendo su explendor de las lluvias estacionales, nos recuerda que el <strong>buen tiempo ya est\u00e1 aqu\u00ed<\/strong> y el ciclo estacional ha\u00a0 completado su vuelta.<\/p>\n<p><img loading=\"lazy\" decoding=\"async\" class=\"aligncenter wp-image-7294 \" src=\"https:\/\/www.turismocaravaca.com\/blog\/wp-content\/uploads\/2018\/05\/IMG_20180515_180622-1024x768.jpg\" alt=\"\" width=\"542\" height=\"406\" srcset=\"https:\/\/www.turismocaravaca.com\/blog\/wp-content\/uploads\/2018\/05\/IMG_20180515_180622-1024x768.jpg 1024w, https:\/\/www.turismocaravaca.com\/blog\/wp-content\/uploads\/2018\/05\/IMG_20180515_180622-300x225.jpg 300w, https:\/\/www.turismocaravaca.com\/blog\/wp-content\/uploads\/2018\/05\/IMG_20180515_180622-768x576.jpg 768w\" sizes=\"(max-width: 542px) 100vw, 542px\" \/><\/p>\n<p>Aunque el rojo de la amapola acapara el protagonismo, intercaladas entre estas son tambi\u00e9n habituales las preciosas <strong>margaritas<\/strong> o los m\u00e1gicos <strong>dientes de Le\u00f3n<\/strong>: <strong>\u00a1Qui\u00e9n de nosotros se ha podido resistir a soplar con fuerza y maravillarnos con el vuelo de sus semillas de algod\u00f3n!<\/strong><\/p>\n<p><img loading=\"lazy\" decoding=\"async\" class=\"aligncenter wp-image-7295 \" src=\"https:\/\/www.turismocaravaca.com\/blog\/wp-content\/uploads\/2018\/05\/IMG_20180515_181038-768x1024.jpg\" alt=\"\" width=\"514\" height=\"686\" srcset=\"https:\/\/www.turismocaravaca.com\/blog\/wp-content\/uploads\/2018\/05\/IMG_20180515_181038-768x1024.jpg 768w, https:\/\/www.turismocaravaca.com\/blog\/wp-content\/uploads\/2018\/05\/IMG_20180515_181038-225x300.jpg 225w\" sizes=\"(max-width: 514px) 100vw, 514px\" \/><\/p>\n<p>Es curioso observar c\u00f3mo durante los \u00faltimos a\u00f1os, esta floraci\u00f3n se ha convertido en la Ciudad en un <strong>fen\u00f3meno tur\u00edstico<\/strong> y es habitual, en las proximidades del<strong> Paraje de Las Fuentes del Marqu\u00e9s<\/strong>, encontrar a muchos visitantes que impactados por la belleza del entorno, hacen un alto y pasan un rato disfrut\u00e1ndolo y llev\u00e1ndose este recuerdo en fotograf\u00edas.<\/p>\n<p><img loading=\"lazy\" decoding=\"async\" class=\"aligncenter wp-image-7296 \" src=\"https:\/\/www.turismocaravaca.com\/blog\/wp-content\/uploads\/2018\/05\/IMG_20180515_180517-768x1024.jpg\" alt=\"\" width=\"393\" height=\"524\" srcset=\"https:\/\/www.turismocaravaca.com\/blog\/wp-content\/uploads\/2018\/05\/IMG_20180515_180517-768x1024.jpg 768w, https:\/\/www.turismocaravaca.com\/blog\/wp-content\/uploads\/2018\/05\/IMG_20180515_180517-225x300.jpg 225w\" sizes=\"(max-width: 393px) 100vw, 393px\" \/><\/p>\n<p>Tambi\u00e9n se ha convertido en un <strong>decorado excepcional<\/strong> para multitud de <strong>\u00e1lbumes de boda, pero sobre todo de comuni\u00f3n<\/strong>, algo igualmente tradicional del mes de mayo.<\/p>\n<p>Sirva este blog de homenaje a la belleza de la <strong>primavera en Caravaca<\/strong> y como saludo al verano que aunque sin prisas este a\u00f1o, llegar\u00e1 mas pronto que tarde.<\/p>\n","protected":false},"excerpt":{"rendered":"<p>La amapola, la flor que molesta a los agricultores y que adoran las redes sociales Y es que, a pesar de la belleza primaveral de un campo cuajado de amapolas, para un agricultor la \u00abPapaver rhoeas\u00bb no deja de ser una \u00abMala hierba\u00bb muy dificil de eliminar de los cultivos y que llega a originar [&hellip;]<\/p>\n","protected":false},"author":2,"featured_media":0,"comment_status":"open","ping_status":"open","sticky":false,"template":"","format":"standard","meta":{"footnotes":""},"categories":[2117,2126,22,26,30],"tags":[2304,364,2305,2306,2307,2308],"class_list":["post-7291","post","type-post","status-publish","format-standard","hentry","category-cruz-de-caravaca","category-espanol","category-lugares-de-interes","category-naturaleza-2","category-rutas","tag-amapolas","tag-caravaca-de-la-cruz","tag-dientes-de-leon","tag-margaritas","tag-paisaje-caravaca","tag-primavera-en-caravaca"],"_links":{"self":[{"href":"https:\/\/www.turismocaravaca.com\/blog\/wp-json\/wp\/v2\/posts\/7291"}],"collection":[{"href":"https:\/\/www.turismocaravaca.com\/blog\/wp-json\/wp\/v2\/posts"}],"about":[{"href":"https:\/\/www.turismocaravaca.com\/blog\/wp-json\/wp\/v2\/types\/post"}],"author":[{"embeddable":true,"href":"https:\/\/www.turismocaravaca.com\/blog\/wp-json\/wp\/v2\/users\/2"}],"replies":[{"embeddable":true,"href":"https:\/\/www.turismocaravaca.com\/blog\/wp-json\/wp\/v2\/comments?post=7291"}],"version-history":[{"count":1,"href":"https:\/\/www.turismocaravaca.com\/blog\/wp-json\/wp\/v2\/posts\/7291\/revisions"}],"predecessor-version":[{"id":7297,"href":"https:\/\/www.turismocaravaca.com\/blog\/wp-json\/wp\/v2\/posts\/7291\/revisions\/7297"}],"wp:attachment":[{"href":"https:\/\/www.turismocaravaca.com\/blog\/wp-json\/wp\/v2\/media?parent=7291"}],"wp:term":[{"taxonomy":"category","embeddable":true,"href":"https:\/\/www.turismocaravaca.com\/blog\/wp-json\/wp\/v2\/categories?post=7291"},{"taxonomy":"post_tag","embeddable":true,"href":"https:\/\/www.turismocaravaca.com\/blog\/wp-json\/wp\/v2\/tags?post=7291"}],"curies":[{"name":"wp","href":"https:\/\/api.w.org\/{rel}","templated":true}]}}