{"id":733,"date":"2012-09-27T08:32:01","date_gmt":"2012-09-27T08:32:01","guid":{"rendered":"http:\/\/turismocaravaca.wordpress.com\/?p=733"},"modified":"2017-09-04T16:38:22","modified_gmt":"2017-09-04T16:38:22","slug":"y-este-fin-de-semana-el-xi-concurso-morfologico-del-noroeste-p-r-e","status":"publish","type":"post","link":"https:\/\/www.turismocaravaca.com\/blog\/y-este-fin-de-semana-el-xi-concurso-morfologico-del-noroeste-p-r-e\/","title":{"rendered":"\u00a1\u00a1Y ESTE FIN DE SEMANA EL XI CONCURSO MORFOL\u00d3GICO DEL NOROESTE P.R.E.!!"},"content":{"rendered":"<p style=\"text-align:justify;\">Del <strong>27 al 30 de septiembre<\/strong> se celebrar\u00e1, en el Recinto Ferial Venta Cavila, la primera parte de la Feria del Caballo con el <strong>XI Concurso Morfol\u00f3gico del Noroeste (Categor\u00eda A)<\/strong>, \u00a0clasificatorio para la final del Campeonato de Espa\u00f1a de Caballos y Yeguas de Pura Raza Espa\u00f1ola. Este evento est\u00e1 organizado por el Ayuntamiento de Caravaca de la Cruz, en colaboraci\u00f3n con la Pe\u00f1a Caballista Terry.<\/p>\n<p style=\"text-align:justify;\">\u00a0<\/p>\n<p style=\"text-align:justify;\">Como sabemos, este evento se ha convertido en uno de los m\u00e1s importantes de Espa\u00f1a, el cual logra reunir a las mejores ganader\u00edas y yeguadas del pa\u00eds y es una tradici\u00f3n en el calendario de actividades caravaque\u00f1o.<img loading=\"lazy\" decoding=\"async\" class=\"aligncenter size-medium wp-image-739\" title=\"Copia de CONCURSO MORFOL\u00d3GICO 2012\" src=\"http:\/\/localhost:81\/turismo\/blog\/wp-content\/uploads\/2012\/09\/copia-de-concurso-morfolc3b3gico-2012.jpg?w=235\" alt=\"\" width=\"235\" height=\"300\" srcset=\"https:\/\/www.turismocaravaca.com\/blog\/wp-content\/uploads\/2012\/09\/copia-de-concurso-morfolc3b3gico-2012.jpg 601w, https:\/\/www.turismocaravaca.com\/blog\/wp-content\/uploads\/2012\/09\/copia-de-concurso-morfolc3b3gico-2012-235x300.jpg 235w\" sizes=\"(max-width: 235px) 100vw, 235px\" \/><\/p>\n<p style=\"text-align:center;\">\u00a0<\/p>\n<p style=\"text-align:justify;\">Los actos previstos son los siguientes:<\/p>\n<p style=\"text-align:justify;\"><strong>Jueves, 27 de septiembre:<\/strong><\/p>\n<p style=\"text-align:justify;\">&#8211;\u00a0\u00a0\u00a0\u00a0\u00a0\u00a0\u00a0\u00a0 Desde las 9h. de la ma\u00f1ana hasta las 22:00h.: Entrada de caballos participantes y expositores al Recinto.<\/p>\n<p style=\"text-align:justify;\"><strong>Viernes, 28 de septiembre:<\/strong><\/p>\n<p style=\"text-align:justify;\">&#8211;\u00a0\u00a0\u00a0\u00a0\u00a0\u00a0\u00a0\u00a0 A partir de las 9h. Inicio del Concurso Morfol\u00f3gico durante todo el d\u00eda en la Carpa habilitada.<\/p>\n<p style=\"text-align:justify;\">&#8211;\u00a0\u00a0\u00a0\u00a0\u00a0\u00a0\u00a0\u00a0 20:00h. Inauguraci\u00f3n Oficial de la Feria.<\/p>\n<p style=\"text-align:justify;\"><strong>S\u00e1bado, 29 de septiembre:<\/strong><\/p>\n<p style=\"text-align:justify;\">&#8211;\u00a0\u00a0\u00a0\u00a0\u00a0\u00a0\u00a0\u00a0 A partir de las 9h. Inicio del Concurso Morfol\u00f3gico durante todo el d\u00eda en la Carpa habilitada.<\/p>\n<p style=\"text-align:justify;\">&#8211;\u00a0\u00a0\u00a0\u00a0\u00a0\u00a0\u00a0\u00a0 A partir de las 19:00h. Exhibici\u00f3n de caballos y Espect\u00e1culo.<\/p>\n<p style=\"text-align:justify;\"><strong>Domingo, 30 de septiembre:<\/strong><\/p>\n<p style=\"text-align:justify;\">&#8211;\u00a0\u00a0\u00a0\u00a0\u00a0\u00a0\u00a0\u00a0 Finalizaci\u00f3n Concurso Morfol\u00f3gico.<\/p>\n<p style=\"text-align:justify;\">&#8211;\u00a0\u00a0\u00a0\u00a0\u00a0\u00a0\u00a0\u00a0 A partir de las 12:00h. Entrega de Premios.<img loading=\"lazy\" decoding=\"async\" class=\"aligncenter size-medium wp-image-740\" title=\"Foto Concurso Morfol\u00f3gico\" src=\"http:\/\/turismocaravaca.files.wordpress.com\/2012\/09\/foto-concurso-morfolc3b3gico.jpg?w=286\" alt=\"\" width=\"286\" height=\"300\" \/><\/p>\n<p style=\"text-align:justify;\">Podremos disfrutar tambi\u00e9n con los numerosos puntos de venta de productos relacionados con el cuidado del caballo, as\u00ed como stand de firmas comerciales y productos de nuestra comarca, atracciones para ni\u00f1os, etc. La Concejal\u00eda de Turismo dispondr\u00e1 tambi\u00e9n de un stand en el que se podr\u00e1 contemplar la belleza y esplendor de un atalaje de Los Caballos del Vino y en el que se dar\u00e1 informaci\u00f3n al visitante de todos los atractivos del municipio.<\/p>\n<p style=\"text-align:justify;\">La segunda parte de la <strong>XXXI<\/strong><strong> Edici\u00f3n<\/strong><strong> de la Feria del Caballo<\/strong>, tendr\u00e1 lugar los d\u00edas 12, 13 y 14 de octubre con la conocida \u2018Feria del Trato\u2019, llamada as\u00ed por tener sus or\u00edgenes en la antigua Feria de Ganado.<\/p>\n<p style=\"text-align:center;\" align=\"center\"><strong>\u00a1\u00a1RECORDAD\u2026. del 27 al 30 de septiembre, en el Recinto Ferial Venta de Cavila en Caravaca de la Cruz!!<\/strong><\/p>\n","protected":false},"excerpt":{"rendered":"<p>Del 27 al 30 de septiembre se celebrar\u00e1, en el Recinto Ferial Venta Cavila, la primera parte de la Feria del Caballo con el XI Concurso Morfol\u00f3gico del Noroeste (Categor\u00eda A), \u00a0clasificatorio para la final del Campeonato de Espa\u00f1a de Caballos y Yeguas de Pura Raza Espa\u00f1ola. Este evento est\u00e1 organizado por el Ayuntamiento de [&hellip;]<\/p>\n","protected":false},"author":2,"featured_media":0,"comment_status":"open","ping_status":"open","sticky":false,"template":"","format":"standard","meta":{"footnotes":""},"categories":[3,2126],"tags":[],"class_list":["post-733","post","type-post","status-publish","format-standard","hentry","category-actividades","category-espanol"],"_links":{"self":[{"href":"https:\/\/www.turismocaravaca.com\/blog\/wp-json\/wp\/v2\/posts\/733"}],"collection":[{"href":"https:\/\/www.turismocaravaca.com\/blog\/wp-json\/wp\/v2\/posts"}],"about":[{"href":"https:\/\/www.turismocaravaca.com\/blog\/wp-json\/wp\/v2\/types\/post"}],"author":[{"embeddable":true,"href":"https:\/\/www.turismocaravaca.com\/blog\/wp-json\/wp\/v2\/users\/2"}],"replies":[{"embeddable":true,"href":"https:\/\/www.turismocaravaca.com\/blog\/wp-json\/wp\/v2\/comments?post=733"}],"version-history":[{"count":1,"href":"https:\/\/www.turismocaravaca.com\/blog\/wp-json\/wp\/v2\/posts\/733\/revisions"}],"predecessor-version":[{"id":6220,"href":"https:\/\/www.turismocaravaca.com\/blog\/wp-json\/wp\/v2\/posts\/733\/revisions\/6220"}],"wp:attachment":[{"href":"https:\/\/www.turismocaravaca.com\/blog\/wp-json\/wp\/v2\/media?parent=733"}],"wp:term":[{"taxonomy":"category","embeddable":true,"href":"https:\/\/www.turismocaravaca.com\/blog\/wp-json\/wp\/v2\/categories?post=733"},{"taxonomy":"post_tag","embeddable":true,"href":"https:\/\/www.turismocaravaca.com\/blog\/wp-json\/wp\/v2\/tags?post=733"}],"curies":[{"name":"wp","href":"https:\/\/api.w.org\/{rel}","templated":true}]}}