{"id":7354,"date":"2018-06-12T14:17:49","date_gmt":"2018-06-12T12:17:49","guid":{"rendered":"http:\/\/www.turismocaravaca.com\/blog\/?p=7354"},"modified":"2018-06-12T14:22:01","modified_gmt":"2018-06-12T12:22:01","slug":"la-piedra-jaspe-de-caravaca-en-el-guggenheim-y-en-el-reichstag","status":"publish","type":"post","link":"https:\/\/www.turismocaravaca.com\/blog\/la-piedra-jaspe-de-caravaca-en-el-guggenheim-y-en-el-reichstag\/","title":{"rendered":"La piedra jaspe de Caravaca en el Guggenheim y en el Reichstag"},"content":{"rendered":"<p>La palabra <strong>\u201cjaspe\u201d<\/strong> deriva del griego y designa \u00abpiedra manchada\u00bb. El jaspe es generalmente considerado una calcedonia, pero es puesto por los cient\u00edficos en un grupo aparte debido a su estructura granulosa. El jaspe finamente granulado y denso contiene hasta el veinte por ciento de materiales exteriores que determinan su color, veta y apariencia. El jaspe uniforme es raro, por lo general; \u00e9ste es multicolor, rayado, moteado o flameado.<\/p>\n<p>La fama de las canteras de Caravaca no es nueva. En un documento fechado el 24 enero 1667, se narra c\u00f3mo la piedra jaspe de Caravaca se utiliz\u00f3 para edificar la Catedral de San Isidro de Madrid. En otro legajo datado en abril de 1668, se dice que la piedra jaspe caravaque\u00f1a viaj\u00f3 desde el noroeste murciano hasta Toledo <em>\u201cpara las obras de la Santa Iglesia Catedral\u201d<\/em>. De este material se hizo en su d\u00eda, siglo XVIII, la fachada barroca del <strong>Real Alc\u00e1zar Santuario de la Stma. y Vera Cruz<\/strong> y muchos palacetes de la localidad.<\/p>\n<p><img loading=\"lazy\" decoding=\"async\" class=\"aligncenter wp-image-7355 size-full\" src=\"https:\/\/www.turismocaravaca.com\/blog\/wp-content\/uploads\/2018\/06\/DSF6926.jpg\" alt=\"\" width=\"683\" height=\"1024\" srcset=\"https:\/\/www.turismocaravaca.com\/blog\/wp-content\/uploads\/2018\/06\/DSF6926.jpg 683w, https:\/\/www.turismocaravaca.com\/blog\/wp-content\/uploads\/2018\/06\/DSF6926-200x300.jpg 200w\" sizes=\"(max-width: 683px) 100vw, 683px\" \/><\/p>\n<p>La piedra jaspe de Caravaca se encuentra en edificios tan emblem\u00e1ticos como el <strong>museo Guggenheim de Bilbao<\/strong> y en <strong>el Reichstag<\/strong> o parlamento alem\u00e1n.<\/p>\n<p>En 1997 se inaugur\u00f3 el Museo Guggenheim de Bilbao, dise\u00f1ado por el gabinete de arquitectos de Frank Gehry, prestigioso arquitecto canadiense afincado en Estados Unidos. Si bien es cierto que el elemento m\u00e1s caracter\u00edstico y llamativo del citado edificio es el titanio, no cabe olvidar \u2013al menos en lo que a Caravaca se refiere- que su fachada se revisti\u00f3 con 50 mil m\u00b2 de piedra-jaspe color \u00e1mbar procedente de Caravaca de la Cruz (empresa Difel M\u00e1rmol).<\/p>\n<p><img loading=\"lazy\" decoding=\"async\" class=\"aligncenter wp-image-7360 size-large\" src=\"https:\/\/www.turismocaravaca.com\/blog\/wp-content\/uploads\/2018\/06\/bilbao-guggengein-1024x682.jpg\" alt=\"\" width=\"768\" height=\"512\" srcset=\"https:\/\/www.turismocaravaca.com\/blog\/wp-content\/uploads\/2018\/06\/bilbao-guggengein-1024x682.jpg 1024w, https:\/\/www.turismocaravaca.com\/blog\/wp-content\/uploads\/2018\/06\/bilbao-guggengein-300x200.jpg 300w, https:\/\/www.turismocaravaca.com\/blog\/wp-content\/uploads\/2018\/06\/bilbao-guggengein-768x512.jpg 768w, https:\/\/www.turismocaravaca.com\/blog\/wp-content\/uploads\/2018\/06\/bilbao-guggengein.jpg 1600w\" sizes=\"(max-width: 768px) 100vw, 768px\" \/><\/p>\n<p style=\"text-align: justify;\">A finales de mayo de 1999, tambi\u00e9n fue noticia la reinauguraci\u00f3n del emblem\u00e1tico Reichstag alem\u00e1n, seg\u00fan proyecto del arquitecto brit\u00e1nico Norman Foster, 66 a\u00f1os despu\u00e9s de haber sido incendiado por los nazis. El nuevo parlamento alem\u00e1n, situado en pleno centro de Berl\u00edn y s\u00edmbolo de la reunificaci\u00f3n fue restaurado utilizando 11 mil m\u00b2 de piedra caliza capry extra\u00edda directamente de las canteras de la empresa caravaque\u00f1a M\u00e1rmoles Sandoval. El trabajo de aserrado y elaborado fue realizado tambi\u00e9n en la f\u00e1brica de Caravaca de la Cruz.<\/p>\n<p><img loading=\"lazy\" decoding=\"async\" class=\"aligncenter wp-image-7358 \" src=\"https:\/\/www.turismocaravaca.com\/blog\/wp-content\/uploads\/2018\/06\/b_reichstag_02-marmoles-sandoval.jpg\" alt=\"\" width=\"628\" height=\"416\" srcset=\"https:\/\/www.turismocaravaca.com\/blog\/wp-content\/uploads\/2018\/06\/b_reichstag_02-marmoles-sandoval.jpg 528w, https:\/\/www.turismocaravaca.com\/blog\/wp-content\/uploads\/2018\/06\/b_reichstag_02-marmoles-sandoval-300x199.jpg 300w\" sizes=\"(max-width: 628px) 100vw, 628px\" \/><img loading=\"lazy\" decoding=\"async\" class=\"aligncenter wp-image-7359 \" src=\"https:\/\/www.turismocaravaca.com\/blog\/wp-content\/uploads\/2018\/06\/b_reichstag_03-marmoles-sandoval.jpg\" alt=\"\" width=\"610\" height=\"404\" srcset=\"https:\/\/www.turismocaravaca.com\/blog\/wp-content\/uploads\/2018\/06\/b_reichstag_03-marmoles-sandoval.jpg 528w, https:\/\/www.turismocaravaca.com\/blog\/wp-content\/uploads\/2018\/06\/b_reichstag_03-marmoles-sandoval-300x199.jpg 300w\" sizes=\"(max-width: 610px) 100vw, 610px\" \/><\/p>\n<p>Fuentes:<\/p>\n<p><a href=\"http:\/\/www.descubriendomurcia.com\">www.descubriendomurcia.com<\/a><\/p>\n<p><a href=\"http:\/\/www.es.wikiarquitectura.com\">www.es.wikiarquitectura.com<\/a><\/p>\n<p><a href=\"http:\/\/www.es.wikipedia.org\">www.es.wikipedia.org<\/a><\/p>\n<p><a href=\"http:\/\/www.industriassandoval.com\">www.industriassandoval.com<\/a><\/p>\n<p><a href=\"http:\/\/www.difel.es\">www.difel.es<\/a><\/p>\n<p><a href=\"http:\/\/www.laverdad.es\">www.laverdad.es<\/a><\/p>\n<p><a href=\"http:\/\/www.descubriendomurcia.com\">www.descubriendomurcia.com<\/a><\/p>\n<p><a href=\"http:\/\/www.gemselect.com\">www.gemselect.com<\/a><\/p>\n<p>&nbsp;<\/p>\n","protected":false},"excerpt":{"rendered":"<p>La palabra \u201cjaspe\u201d deriva del griego y designa \u00abpiedra manchada\u00bb. El jaspe es generalmente considerado una calcedonia, pero es puesto por los cient\u00edficos en un grupo aparte debido a su estructura granulosa. El jaspe finamente granulado y denso contiene hasta el veinte por ciento de materiales exteriores que determinan su color, veta y apariencia. El [&hellip;]<\/p>\n","protected":false},"author":2,"featured_media":7358,"comment_status":"open","ping_status":"open","sticky":false,"template":"","format":"standard","meta":{"footnotes":""},"categories":[2126,22,24,2320,1],"tags":[2322,2321],"class_list":["post-7354","post","type-post","status-publish","format-standard","has-post-thumbnail","hentry","category-espanol","category-lugares-de-interes","category-monumentos-2","category-piedra-jaspe-caravaca","category-sin-categoria","tag-fachada-santuario","tag-piedra-jaspe-caravaca"],"_links":{"self":[{"href":"https:\/\/www.turismocaravaca.com\/blog\/wp-json\/wp\/v2\/posts\/7354"}],"collection":[{"href":"https:\/\/www.turismocaravaca.com\/blog\/wp-json\/wp\/v2\/posts"}],"about":[{"href":"https:\/\/www.turismocaravaca.com\/blog\/wp-json\/wp\/v2\/types\/post"}],"author":[{"embeddable":true,"href":"https:\/\/www.turismocaravaca.com\/blog\/wp-json\/wp\/v2\/users\/2"}],"replies":[{"embeddable":true,"href":"https:\/\/www.turismocaravaca.com\/blog\/wp-json\/wp\/v2\/comments?post=7354"}],"version-history":[{"count":3,"href":"https:\/\/www.turismocaravaca.com\/blog\/wp-json\/wp\/v2\/posts\/7354\/revisions"}],"predecessor-version":[{"id":7363,"href":"https:\/\/www.turismocaravaca.com\/blog\/wp-json\/wp\/v2\/posts\/7354\/revisions\/7363"}],"wp:featuredmedia":[{"embeddable":true,"href":"https:\/\/www.turismocaravaca.com\/blog\/wp-json\/wp\/v2\/media\/7358"}],"wp:attachment":[{"href":"https:\/\/www.turismocaravaca.com\/blog\/wp-json\/wp\/v2\/media?parent=7354"}],"wp:term":[{"taxonomy":"category","embeddable":true,"href":"https:\/\/www.turismocaravaca.com\/blog\/wp-json\/wp\/v2\/categories?post=7354"},{"taxonomy":"post_tag","embeddable":true,"href":"https:\/\/www.turismocaravaca.com\/blog\/wp-json\/wp\/v2\/tags?post=7354"}],"curies":[{"name":"wp","href":"https:\/\/api.w.org\/{rel}","templated":true}]}}