{"id":7364,"date":"2018-06-14T12:49:12","date_gmt":"2018-06-14T10:49:12","guid":{"rendered":"http:\/\/www.turismocaravaca.com\/blog\/?p=7364"},"modified":"2018-06-18T10:46:20","modified_gmt":"2018-06-18T08:46:20","slug":"joaquin-araujo","status":"publish","type":"post","link":"https:\/\/www.turismocaravaca.com\/blog\/joaquin-araujo\/","title":{"rendered":"CONFERENCIA DE JOAQU\u00cdN ARAUJO"},"content":{"rendered":"<p>El pr\u00f3ximo <strong>jueves 21 de junio<\/strong> el prestigioso naturalista y escritor <strong>Joaqu\u00edn Araujo<\/strong> ofrecer\u00e1 una conferencia titulada <strong>&#8216;Hacia el bosque de bosques&#8217;<\/strong>. Ser\u00e1 en el <strong>Convento de San Jos\u00e9 a las 20:30h.<\/strong><\/p>\n<p>Os contamos un poco de su extensa trayectoria:<\/p>\n<p>Naci\u00f3 el 31 de diciembre de 1947 en Madrid. <strong>Escritor, periodista, director de cine documental, conferenciante y agricultor.<\/strong><br \/>\nPremio Nacional de Medioambiente, colaborador habitual en los medios de comunicaci\u00f3n y asesor en materia de ecolog\u00eda y medio ambiente.<\/p>\n<p><img loading=\"lazy\" decoding=\"async\" class=\"wp-image-7369 size-large aligncenter\" src=\"https:\/\/www.turismocaravaca.com\/blog\/wp-content\/uploads\/2018\/06\/ARAUJO-768x1024.jpg\" alt=\"\" width=\"768\" height=\"1024\" srcset=\"https:\/\/www.turismocaravaca.com\/blog\/wp-content\/uploads\/2018\/06\/ARAUJO-768x1024.jpg 768w, https:\/\/www.turismocaravaca.com\/blog\/wp-content\/uploads\/2018\/06\/ARAUJO-225x300.jpg 225w, https:\/\/www.turismocaravaca.com\/blog\/wp-content\/uploads\/2018\/06\/ARAUJO.jpg 1200w\" sizes=\"(max-width: 768px) 100vw, 768px\" \/><\/p>\n<p>Es el autor de <strong>VIAJE DE UN NATURALISTA POR ESPA\u00d1A<\/strong>, entre otros libros y colaborador en la famosa serie de televisi\u00f3n <strong>El hombre y la tierra<\/strong>, de F\u00e9lix Rodr\u00edguez de la Fuente.<br \/>\nFue el primer espa\u00f1ol en recibir el <strong>premio Global 500 de la ONU<\/strong>, por su defensa de la naturaleza.<br \/>\n<strong>Director<\/strong> del primer <strong>centro estatal de Educaci\u00f3n Ambiental<\/strong> y miembro del Consejo Asesor de Medio Ambiente, de 1994 a 1997 y presidente de<strong> ECOFORUM.<\/strong> Tambi\u00e9n ha sido comisario de varias exposiciones.<br \/>\n<strong>La opini\u00f3n de Araujo es considerada fundamental<\/strong> cuando el tema a tratar es periodismo ambiental. Este personaje ha compatibilizado su trabajo en Televisi\u00f3n espa\u00f1ola, Radio Nacional y en el peri\u00f3dico el Pa\u00eds, y su \u00a0objetivo siempre ha ido encaminado a mostrar a la sociedad la importancia del medio ambiente en la vida cotidiana. Milita en varias ONG de defensa de la Naturaleza y Derechos Humanos, y ha recibido varios premios nacionales e internacionales, sobre todo por sus guiones cinematogr\u00e1ficos.<\/p>\n<p><img loading=\"lazy\" decoding=\"async\" class=\"wp-image-7370 size-large aligncenter\" src=\"https:\/\/www.turismocaravaca.com\/blog\/wp-content\/uploads\/2018\/06\/JOAQUINII-1024x765.jpeg\" alt=\"\" width=\"768\" height=\"574\" srcset=\"https:\/\/www.turismocaravaca.com\/blog\/wp-content\/uploads\/2018\/06\/JOAQUINII-1024x765.jpeg 1024w, https:\/\/www.turismocaravaca.com\/blog\/wp-content\/uploads\/2018\/06\/JOAQUINII-300x224.jpeg 300w, https:\/\/www.turismocaravaca.com\/blog\/wp-content\/uploads\/2018\/06\/JOAQUINII-768x574.jpeg 768w\" sizes=\"(max-width: 768px) 100vw, 768px\" \/><\/p>\n<p><strong>\u201c\u00c9tica\u00a0 y est\u00e9tica ecol\u00f3gicas\u201d<\/strong><br \/>\nA trav\u00e9s de peque\u00f1os ensayos y poemas, Joaqu\u00edn Ara\u00fajo nos acerca de nuevo a sus experiencias como divulgador ambiental y defensor de la Naturaleza. Los principales aspectos de la degradaci\u00f3n de nuestros paisajes, la extinci\u00f3n de faunas y floras, as\u00ed como algunos otros aspectos fundamentales de la que hoy llamamos conciencia ambiental, quedan aqu\u00ed sobradamente analizados y denunciados.<br \/>\nSe suman a estas vivaces vivencias poemas que nos recuerdan algunos de las facetas m\u00e1s emocionales de esas relaciones con la vida espont\u00e1nea. Todo un ejemplo de quien vive en el bosque, planta \u00e1rboles y no ha dejado ni un momento, en los \u00faltimos 50 a\u00f1os, de defender lo que todos usamos y necesitamos.<\/p>\n<p>&nbsp;<\/p>\n<p>Fuentes:<\/p>\n<p>&#8211;<strong>www.buscabiograf\u00edas.com<\/strong><\/p>\n<p>&#8211;<strong>www.joaquinaraujo.com<\/strong><\/p>\n","protected":false},"excerpt":{"rendered":"<p>El pr\u00f3ximo jueves 21 de junio el prestigioso naturalista y escritor Joaqu\u00edn Araujo ofrecer\u00e1 una conferencia titulada &#8216;Hacia el bosque de bosques&#8217;. Ser\u00e1 en el Convento de San Jos\u00e9 a las 20:30h. Os contamos un poco de su extensa trayectoria: Naci\u00f3 el 31 de diciembre de 1947 en Madrid. Escritor, periodista, director de cine documental, [&hellip;]<\/p>\n","protected":false},"author":2,"featured_media":0,"comment_status":"open","ping_status":"open","sticky":false,"template":"","format":"standard","meta":{"footnotes":""},"categories":[2126,26,1],"tags":[2263],"class_list":["post-7364","post","type-post","status-publish","format-standard","hentry","category-espanol","category-naturaleza-2","category-sin-categoria","tag-conferencia"],"_links":{"self":[{"href":"https:\/\/www.turismocaravaca.com\/blog\/wp-json\/wp\/v2\/posts\/7364"}],"collection":[{"href":"https:\/\/www.turismocaravaca.com\/blog\/wp-json\/wp\/v2\/posts"}],"about":[{"href":"https:\/\/www.turismocaravaca.com\/blog\/wp-json\/wp\/v2\/types\/post"}],"author":[{"embeddable":true,"href":"https:\/\/www.turismocaravaca.com\/blog\/wp-json\/wp\/v2\/users\/2"}],"replies":[{"embeddable":true,"href":"https:\/\/www.turismocaravaca.com\/blog\/wp-json\/wp\/v2\/comments?post=7364"}],"version-history":[{"count":5,"href":"https:\/\/www.turismocaravaca.com\/blog\/wp-json\/wp\/v2\/posts\/7364\/revisions"}],"predecessor-version":[{"id":7375,"href":"https:\/\/www.turismocaravaca.com\/blog\/wp-json\/wp\/v2\/posts\/7364\/revisions\/7375"}],"wp:attachment":[{"href":"https:\/\/www.turismocaravaca.com\/blog\/wp-json\/wp\/v2\/media?parent=7364"}],"wp:term":[{"taxonomy":"category","embeddable":true,"href":"https:\/\/www.turismocaravaca.com\/blog\/wp-json\/wp\/v2\/categories?post=7364"},{"taxonomy":"post_tag","embeddable":true,"href":"https:\/\/www.turismocaravaca.com\/blog\/wp-json\/wp\/v2\/tags?post=7364"}],"curies":[{"name":"wp","href":"https:\/\/api.w.org\/{rel}","templated":true}]}}