{"id":7385,"date":"2018-06-21T16:40:43","date_gmt":"2018-06-21T14:40:43","guid":{"rendered":"http:\/\/www.turismocaravaca.com\/blog\/?p=7385"},"modified":"2018-06-21T16:40:43","modified_gmt":"2018-06-21T14:40:43","slug":"con-aires-de-murcia","status":"publish","type":"post","link":"https:\/\/www.turismocaravaca.com\/blog\/con-aires-de-murcia\/","title":{"rendered":"Con \u201cAires de Murcia\u201d"},"content":{"rendered":"<p>Dedicamos el blog de hoy a la pintora Maravillas Hidalgo S\u00e1nchez cuya obra puede contemplarse hasta el 29 del presente mes en la Sala de Exposiciones de la Casa de Cultura en horario de 18 a 21 h.<\/p>\n<p><img loading=\"lazy\" decoding=\"async\" class=\"aligncenter wp-image-7388 \" src=\"https:\/\/www.turismocaravaca.com\/blog\/wp-content\/uploads\/2018\/06\/maravillas-hidalgo-3.jpg\" alt=\"\" width=\"416\" height=\"420\" srcset=\"https:\/\/www.turismocaravaca.com\/blog\/wp-content\/uploads\/2018\/06\/maravillas-hidalgo-3.jpg 278w, https:\/\/www.turismocaravaca.com\/blog\/wp-content\/uploads\/2018\/06\/maravillas-hidalgo-3-150x150.jpg 150w\" sizes=\"(max-width: 416px) 100vw, 416px\" \/><\/p>\n<p>Ya el nombre denota el origen de esta pintora, Ceheg\u00edn. Varias son las exposiciones realizadas por esta pintora ceheginera, a saber: Ceheg\u00edn (sala de exposiciones de Cajamurcia), Francia y el Real Casino de Murcia. Asimismo es miembro de honor del Museo de la Huerta de Alcantarilla.<\/p>\n<p><img loading=\"lazy\" decoding=\"async\" class=\" wp-image-7387 aligncenter\" src=\"https:\/\/www.turismocaravaca.com\/blog\/wp-content\/uploads\/2018\/06\/maravillas-hidalgo-2-300x248.jpg\" alt=\"\" width=\"431\" height=\"356\" srcset=\"https:\/\/www.turismocaravaca.com\/blog\/wp-content\/uploads\/2018\/06\/maravillas-hidalgo-2-300x248.jpg 300w, https:\/\/www.turismocaravaca.com\/blog\/wp-content\/uploads\/2018\/06\/maravillas-hidalgo-2.jpg 510w\" sizes=\"(max-width: 431px) 100vw, 431px\" \/><\/p>\n<p>Maravillas, en palabras de Francisco Ortega Bustamante, <em>\u201c<\/em><em>nos presenta su obra como fruto de esta reciente incursi\u00f3n a trav\u00e9s del \u00abArte de la Pintura\u00bb &#8211; tambi\u00e9n ha expresado el arte con el mimbre y la madera &#8211; que expone en sus lienzos, a todas luces, como un claro mensaje de sentimientos, creatividad, y, sobre todo, su alma reflejada en cada obra, y dejando entrever esos sentimientos que afloran a todas luces, por su tierra murciana y la belleza que la envuelve\u201d. <\/em><\/p>\n<p><img loading=\"lazy\" decoding=\"async\" class=\" wp-image-7390 aligncenter\" src=\"https:\/\/www.turismocaravaca.com\/blog\/wp-content\/uploads\/2018\/06\/maravillas-hidalgo-5-300x240.jpg\" alt=\"\" width=\"503\" height=\"402\" srcset=\"https:\/\/www.turismocaravaca.com\/blog\/wp-content\/uploads\/2018\/06\/maravillas-hidalgo-5-300x240.jpg 300w, https:\/\/www.turismocaravaca.com\/blog\/wp-content\/uploads\/2018\/06\/maravillas-hidalgo-5-768x614.jpg 768w, https:\/\/www.turismocaravaca.com\/blog\/wp-content\/uploads\/2018\/06\/maravillas-hidalgo-5-1024x818.jpg 1024w, https:\/\/www.turismocaravaca.com\/blog\/wp-content\/uploads\/2018\/06\/maravillas-hidalgo-5.jpg 1140w\" sizes=\"(max-width: 503px) 100vw, 503px\" \/><\/p>\n<p>Conozcamos ahora un poco m\u00e1s de su biograf\u00eda que a buen seguro se plasma en su obra y sirve para conocer \u00e9sta mejor.<\/p>\n<p><strong>\u00a0<img loading=\"lazy\" decoding=\"async\" class=\" wp-image-7389 aligncenter\" src=\"https:\/\/www.turismocaravaca.com\/blog\/wp-content\/uploads\/2018\/06\/maravillas-hidalgo-4-300x232.jpg\" alt=\"\" width=\"458\" height=\"354\" srcset=\"https:\/\/www.turismocaravaca.com\/blog\/wp-content\/uploads\/2018\/06\/maravillas-hidalgo-4-300x232.jpg 300w, https:\/\/www.turismocaravaca.com\/blog\/wp-content\/uploads\/2018\/06\/maravillas-hidalgo-4.jpg 367w\" sizes=\"(max-width: 458px) 100vw, 458px\" \/><\/strong><\/p>\n<p>Nacida en Ceheg\u00edn en 1946, hija de Mart\u00edn Hidalgo Garc\u00eda y de Antonia S\u00e1nchez Esp\u00edn que, tuvieron otros seis hijos m\u00e1s, en total: cuatro varones y tres mujeres, y fue en la calle Torrecilla donde estaba su hogar, aunque hacia el a\u00f1o 1952 la familia se traslada al paraje de la \u201cPollera\u201d ya que era all\u00ed donde viv\u00eda su t\u00edo \u201cJuan el de Alhama\u201d, que ten\u00eda la f\u00e1brica de anisados junto al viejo puente de hierro.<\/p>\n<p>Despu\u00e9s de estar algunos a\u00f1os desarrollando en Ceheg\u00edn diversas labores de bordado, incluso le acompa\u00f1aban cuatro obreras m\u00e1s, en el a\u00f1o de 1968 march\u00f3 a Francia. Una vez instalada all\u00ed trabaj\u00f3 en una f\u00e1brica de manzanas haciendo funciones de estriado, conociendo a quien ser\u00eda su marido en el a\u00f1o de 1973 y teniendo en muy breve tiempo dos hijas: \u201cMavi\u201d, por la Patrona (de Ceheg\u00edn) y, Carolina, por la princesa de M\u00f3naco, rompi\u00e9ndose su matrimonio con una prematura separaci\u00f3n en el a\u00f1o de 1975. Pas\u00f3 alg\u00fan tiempo despu\u00e9s a un convento-asilo en la ciudad de GAP, donde desarroll\u00f3 labores de cuidados y servicios de asistencia para ancianos y enfermos desde 1983 a 1988, terminando su vida laboral activa en el ayuntamiento de la ciudad francesa de Veines con un periodo de trabajo de servicios sociales desde 1992 a 2006, fecha en la que se jubila a la edad de 58 a\u00f1os.<\/p>\n<p>Pero su mayor inquietud y sue\u00f1o siempre ha sido el mundo art\u00edstico, la pintura y su gran afici\u00f3n a la m\u00fasica, a la danza y el baile, sobre todo las \u201csevillanas\u201d. Despu\u00e9s de jubilarse se planta en Murcia y contacta con una se\u00f1ora que ostenta una academia de este g\u00e9nero, Mar\u00eda Dolores Moreno Meseguer, con la que despu\u00e9s de tomar unas cuantas clases, mucha orientaci\u00f3n y \u00e1nimos, consigue algunos diplomas para poder realizar su eterno sue\u00f1o. As\u00ed, a finales de 2007, inicia su andadura en Francia creando lo que hoy es la <em>Asociaci\u00f3n de Amigos de las Sevillanas<\/em>, en la cual, y a partir de principios de 2008, adem\u00e1s de presidir, imparte clases de flamenco.<\/p>\n<p>&nbsp;<\/p>\n<p>Fuentes:<\/p>\n<p><a href=\"http:\/\/www.elnoroestealdia.com\">www.elnoroestealdia.com<\/a><\/p>\n<p><a href=\"http:\/\/www.ceheginpaco.wordpress.com\">www.ceheginpaco.wordpress.com<\/a><\/p>\n<p>&nbsp;<\/p>\n<p>&nbsp;<\/p>\n<p>&nbsp;<\/p>\n<p>&nbsp;<\/p>\n","protected":false},"excerpt":{"rendered":"<p>Dedicamos el blog de hoy a la pintora Maravillas Hidalgo S\u00e1nchez cuya obra puede contemplarse hasta el 29 del presente mes en la Sala de Exposiciones de la Casa de Cultura en horario de 18 a 21 h. Ya el nombre denota el origen de esta pintora, Ceheg\u00edn. Varias son las exposiciones realizadas por esta [&hellip;]<\/p>\n","protected":false},"author":2,"featured_media":7390,"comment_status":"open","ping_status":"open","sticky":false,"template":"","format":"standard","meta":{"footnotes":""},"categories":[4,2126,16],"tags":[2326],"class_list":["post-7385","post","type-post","status-publish","format-standard","has-post-thumbnail","hentry","category-arte","category-espanol","category-exposiones","tag-maravillas-hidalgo-sanchez"],"_links":{"self":[{"href":"https:\/\/www.turismocaravaca.com\/blog\/wp-json\/wp\/v2\/posts\/7385"}],"collection":[{"href":"https:\/\/www.turismocaravaca.com\/blog\/wp-json\/wp\/v2\/posts"}],"about":[{"href":"https:\/\/www.turismocaravaca.com\/blog\/wp-json\/wp\/v2\/types\/post"}],"author":[{"embeddable":true,"href":"https:\/\/www.turismocaravaca.com\/blog\/wp-json\/wp\/v2\/users\/2"}],"replies":[{"embeddable":true,"href":"https:\/\/www.turismocaravaca.com\/blog\/wp-json\/wp\/v2\/comments?post=7385"}],"version-history":[{"count":1,"href":"https:\/\/www.turismocaravaca.com\/blog\/wp-json\/wp\/v2\/posts\/7385\/revisions"}],"predecessor-version":[{"id":7391,"href":"https:\/\/www.turismocaravaca.com\/blog\/wp-json\/wp\/v2\/posts\/7385\/revisions\/7391"}],"wp:featuredmedia":[{"embeddable":true,"href":"https:\/\/www.turismocaravaca.com\/blog\/wp-json\/wp\/v2\/media\/7390"}],"wp:attachment":[{"href":"https:\/\/www.turismocaravaca.com\/blog\/wp-json\/wp\/v2\/media?parent=7385"}],"wp:term":[{"taxonomy":"category","embeddable":true,"href":"https:\/\/www.turismocaravaca.com\/blog\/wp-json\/wp\/v2\/categories?post=7385"},{"taxonomy":"post_tag","embeddable":true,"href":"https:\/\/www.turismocaravaca.com\/blog\/wp-json\/wp\/v2\/tags?post=7385"}],"curies":[{"name":"wp","href":"https:\/\/api.w.org\/{rel}","templated":true}]}}