{"id":7408,"date":"2018-07-03T13:22:07","date_gmt":"2018-07-03T11:22:07","guid":{"rendered":"http:\/\/www.turismocaravaca.com\/blog\/?p=7408"},"modified":"2018-07-03T13:22:07","modified_gmt":"2018-07-03T11:22:07","slug":"ramon-vergara-silva-guitarrista","status":"publish","type":"post","link":"https:\/\/www.turismocaravaca.com\/blog\/ramon-vergara-silva-guitarrista\/","title":{"rendered":"Ram\u00f3n Vergara Silva, guitarrista."},"content":{"rendered":"<p>&nbsp;<\/p>\n<p>&nbsp;<\/p>\n<p><img loading=\"lazy\" decoding=\"async\" class=\"aligncenter wp-image-7412 size-large\" src=\"https:\/\/www.turismocaravaca.com\/blog\/wp-content\/uploads\/2018\/07\/Afiche-Ramon-Vergara-Caravaca-06_07_18-663x1024.jpg\" alt=\"\" width=\"663\" height=\"1024\" srcset=\"https:\/\/www.turismocaravaca.com\/blog\/wp-content\/uploads\/2018\/07\/Afiche-Ramon-Vergara-Caravaca-06_07_18-663x1024.jpg 663w, https:\/\/www.turismocaravaca.com\/blog\/wp-content\/uploads\/2018\/07\/Afiche-Ramon-Vergara-Caravaca-06_07_18-194x300.jpg 194w, https:\/\/www.turismocaravaca.com\/blog\/wp-content\/uploads\/2018\/07\/Afiche-Ramon-Vergara-Caravaca-06_07_18-768x1187.jpg 768w\" sizes=\"(max-width: 663px) 100vw, 663px\" \/><\/p>\n<p><strong>Ram\u00f3n Vergara S.<\/strong>,<strong> Licenciado en Artes con Menci\u00f3n en Interpretaci\u00f3n Musical, Especialidad Guitarra Cl\u00e1sica<\/strong>, e I<strong>nt\u00e9rprete con Menci\u00f3n en Guitarra Cl\u00e1sica<\/strong>, ambas con <strong>Distinci\u00f3n M\u00e1xima<\/strong> en la Universidad de Chile.<\/p>\n<p>Inicia sus estudios musicales con su padre a la edad de 7 a\u00f1os, ingresando a los 12 a\u00f1os edad a la Facultad de Artes de la <strong>Universidad de Chile<\/strong> en las C\u00e1tedras de Guitarra de diversos profesores, terminando sus estudios formales con el Maestro <strong>Lu\u00eds Orlandini<\/strong>. Realiza sus estudios de M\u00fasica de C\u00e1mara con la Maestra <strong>Elmma Miranda (Disc\u00edpula de Claudio Arrau).<\/strong><\/p>\n<p><img loading=\"lazy\" decoding=\"async\" class=\"aligncenter wp-image-7410 size-full\" src=\"https:\/\/www.turismocaravaca.com\/blog\/wp-content\/uploads\/2018\/07\/raimundo-118-guitarra-clasica-.jpg\" alt=\"\" width=\"375\" height=\"375\" srcset=\"https:\/\/www.turismocaravaca.com\/blog\/wp-content\/uploads\/2018\/07\/raimundo-118-guitarra-clasica-.jpg 375w, https:\/\/www.turismocaravaca.com\/blog\/wp-content\/uploads\/2018\/07\/raimundo-118-guitarra-clasica--150x150.jpg 150w, https:\/\/www.turismocaravaca.com\/blog\/wp-content\/uploads\/2018\/07\/raimundo-118-guitarra-clasica--300x300.jpg 300w\" sizes=\"(max-width: 375px) 100vw, 375px\" \/><\/p>\n<p>Paralelamente ha recibido Master Class con los Maestros David Russell, Eduardo Isaac, Ricardo Gall\u00e9n, Eduardo Fern\u00e1ndez, Carles Trepat, Marco Socias, \u00c1lvaro Pierri, Alex Garrob\u00e9, Margarita Escarpa, Dejan Iv\u00e1novich, Pablo M\u00e1rquez, Carlo Marcchione, Thomas Offermann, entre otros, con los laudistas Octavio Lafourcade y Eduardo Eg\u00fces y con el legendario guitarrista y compositor Leo Brouwer.<\/p>\n<p>&nbsp;<\/p>\n<p>Ha realizado recitales como solista e integrando Grupos de C\u00e1mara, en Salas y Teatros de m\u00faltiples regiones de <strong>Chile, Argentina, Ecuador, Per\u00fa, Uruguay, Espa\u00f1a, Italia y Marruecos,<\/strong> adem\u00e1s ha sido entrevistado por diarios, revistas, radios y televisi\u00f3n de los pa\u00edses antes mencionados.<\/p>\n<p><img loading=\"lazy\" decoding=\"async\" class=\"aligncenter wp-image-7411 size-full\" src=\"https:\/\/www.turismocaravaca.com\/blog\/wp-content\/uploads\/2018\/07\/\u00edndice.jpg\" alt=\"\" width=\"200\" height=\"253\" \/><\/p>\n<p>Actualmente integra el <strong>D\u00fao Vergara, D\u00fao Hispania: verso y madera, D\u00fao Rozas-Vergara y Compa\u00f1\u00eda de Teatro Finalis Terra,<\/strong> adem\u00e1s, desempe\u00f1a labores como <strong>Profesor de Guitarra Cl\u00e1sica<\/strong>, en donde sus alumnos han obtenido gran prestigio nacional e internacional.<\/p>\n<p>Cabe destacar que el 2014 fue ganador del <strong>Concurso de Guitarra \u201c\u00c1ngel G. Pi\u00f1ero\u201d<\/strong>, en el Puerto de Sta. Mar\u00eda (Espa\u00f1a) y en 2015 el Consejo Nacional de la Cultura y las Artes le adjudic\u00f3 por m\u00e9ritos los fondos para una <strong>&#8216;Gira en Italia&#8217;<\/strong><\/p>\n<p><img loading=\"lazy\" decoding=\"async\" class=\"aligncenter wp-image-7409 size-large\" src=\"https:\/\/www.turismocaravaca.com\/blog\/wp-content\/uploads\/2018\/07\/maxresdefault-1024x576.jpg\" alt=\"\" width=\"768\" height=\"432\" srcset=\"https:\/\/www.turismocaravaca.com\/blog\/wp-content\/uploads\/2018\/07\/maxresdefault-1024x576.jpg 1024w, https:\/\/www.turismocaravaca.com\/blog\/wp-content\/uploads\/2018\/07\/maxresdefault-300x169.jpg 300w, https:\/\/www.turismocaravaca.com\/blog\/wp-content\/uploads\/2018\/07\/maxresdefault-768x432.jpg 768w, https:\/\/www.turismocaravaca.com\/blog\/wp-content\/uploads\/2018\/07\/maxresdefault.jpg 1280w\" sizes=\"(max-width: 768px) 100vw, 768px\" \/><\/p>\n<p>Como m\u00fasico y compositor ha participado en la musicalizaci\u00f3n de obras de colectivos de danza y teatro, en donde destaca la composici\u00f3n e interpretaci\u00f3n en vivo de la obra \u201c119\u201d para flauta y guitarra.<\/p>\n<p>Desde Enero de 2013 hasta la fecha musicaliza las obras de la Compa\u00f1\u00eda Finalis Terra <strong>\u201cJuicio\u201d, \u201cEl Perro del Hortelano\u201d y \u201cBelleza\u201d.<\/strong><\/p>\n<p>Sus conciertos en <strong>Caravaca de la Cruz<\/strong> son una cita imprescindible para cualquier amante de la buena m\u00fasica y de la guitarra en concreto. Aqu\u00ed ten\u00e9is una de sus interpretaciones de Bach:<\/p>\n<p><iframe loading=\"lazy\" width=\"768\" height=\"432\" src=\"https:\/\/www.youtube.com\/embed\/Yoju_WxSHIk?feature=oembed\" frameborder=\"0\" allow=\"autoplay; encrypted-media\" allowfullscreen><\/iframe><\/p>\n<p>&nbsp;<\/p>\n","protected":false},"excerpt":{"rendered":"<p>&nbsp; &nbsp; Ram\u00f3n Vergara S., Licenciado en Artes con Menci\u00f3n en Interpretaci\u00f3n Musical, Especialidad Guitarra Cl\u00e1sica, e Int\u00e9rprete con Menci\u00f3n en Guitarra Cl\u00e1sica, ambas con Distinci\u00f3n M\u00e1xima en la Universidad de Chile. Inicia sus estudios musicales con su padre a la edad de 7 a\u00f1os, ingresando a los 12 a\u00f1os edad a la Facultad de [&hellip;]<\/p>\n","protected":false},"author":2,"featured_media":0,"comment_status":"open","ping_status":"open","sticky":false,"template":"","format":"standard","meta":{"footnotes":""},"categories":[10,2126,14,2138],"tags":[364,2334,2331,2333,2332],"class_list":["post-7408","post","type-post","status-publish","format-standard","hentry","category-conciertos-2","category-espanol","category-eventos","category-musica","tag-caravaca-de-la-cruz","tag-claustro-santuario-vera-cruz","tag-concierto-guitarra","tag-guitarra-clasica","tag-ramon-vergara"],"_links":{"self":[{"href":"https:\/\/www.turismocaravaca.com\/blog\/wp-json\/wp\/v2\/posts\/7408"}],"collection":[{"href":"https:\/\/www.turismocaravaca.com\/blog\/wp-json\/wp\/v2\/posts"}],"about":[{"href":"https:\/\/www.turismocaravaca.com\/blog\/wp-json\/wp\/v2\/types\/post"}],"author":[{"embeddable":true,"href":"https:\/\/www.turismocaravaca.com\/blog\/wp-json\/wp\/v2\/users\/2"}],"replies":[{"embeddable":true,"href":"https:\/\/www.turismocaravaca.com\/blog\/wp-json\/wp\/v2\/comments?post=7408"}],"version-history":[{"count":1,"href":"https:\/\/www.turismocaravaca.com\/blog\/wp-json\/wp\/v2\/posts\/7408\/revisions"}],"predecessor-version":[{"id":7413,"href":"https:\/\/www.turismocaravaca.com\/blog\/wp-json\/wp\/v2\/posts\/7408\/revisions\/7413"}],"wp:attachment":[{"href":"https:\/\/www.turismocaravaca.com\/blog\/wp-json\/wp\/v2\/media?parent=7408"}],"wp:term":[{"taxonomy":"category","embeddable":true,"href":"https:\/\/www.turismocaravaca.com\/blog\/wp-json\/wp\/v2\/categories?post=7408"},{"taxonomy":"post_tag","embeddable":true,"href":"https:\/\/www.turismocaravaca.com\/blog\/wp-json\/wp\/v2\/tags?post=7408"}],"curies":[{"name":"wp","href":"https:\/\/api.w.org\/{rel}","templated":true}]}}