{"id":7434,"date":"2018-07-17T14:15:37","date_gmt":"2018-07-17T12:15:37","guid":{"rendered":"http:\/\/www.turismocaravaca.com\/blog\/?p=7434"},"modified":"2018-07-17T14:17:01","modified_gmt":"2018-07-17T12:17:01","slug":"ara-malikian-este-sabado-en-caravaca-de-la-cruz","status":"publish","type":"post","link":"https:\/\/www.turismocaravaca.com\/blog\/ara-malikian-este-sabado-en-caravaca-de-la-cruz\/","title":{"rendered":"Ara Malikian, este s\u00e1bado en Caravaca de la Cruz"},"content":{"rendered":"<figure id=\"attachment_7435\" aria-describedby=\"caption-attachment-7435\" style=\"width: 578px\" class=\"wp-caption aligncenter\"><img loading=\"lazy\" decoding=\"async\" class=\"wp-image-7435 \" src=\"https:\/\/www.turismocaravaca.com\/blog\/wp-content\/uploads\/2018\/07\/Cartel-Ara-Malikian-RED-peq-724x1024.jpg\" alt=\"\" width=\"578\" height=\"818\" srcset=\"https:\/\/www.turismocaravaca.com\/blog\/wp-content\/uploads\/2018\/07\/Cartel-Ara-Malikian-RED-peq.jpg 724w, https:\/\/www.turismocaravaca.com\/blog\/wp-content\/uploads\/2018\/07\/Cartel-Ara-Malikian-RED-peq-212x300.jpg 212w\" sizes=\"(max-width: 578px) 100vw, 578px\" \/><figcaption id=\"caption-attachment-7435\" class=\"wp-caption-text\">Sabana100,2&#215;140,2<\/figcaption><\/figure>\n<p><strong>El liban\u00e9s de ascendencia Armenia Ara Malikian<\/strong> se inici\u00f3 en el viol\u00edn a muy corta edad de la mano de su padre. Su talento fue reconocido tempranamente a pesar de las dif\u00edciles circunstancias que la guerra civil libanesa le obligaron a vivir. Dio su primer concierto importante con 12 a\u00f1os, y a los 14 el director de orquesta H<strong>ans Herbert-J\u00f6ris<\/strong> le escuch\u00f3 y consigui\u00f3 para \u00e9l una beca del gobierno alem\u00e1n para cursar estudios en la <strong>Hochschule f\u00fcr Musik und Theater Hannover<\/strong>. Con 15 a\u00f1os fue el alumno m\u00e1s joven admitido en este prestigioso centro superior de estudios musicales. Posteriormente ampli\u00f3 sus estudios en Londres y recibi\u00f3 lecciones de los m\u00e1s prestigiosos profesores.<\/p>\n<p><img loading=\"lazy\" decoding=\"async\" class=\"aligncenter wp-image-7436 \" src=\"https:\/\/www.turismocaravaca.com\/blog\/wp-content\/uploads\/2018\/07\/ARA-MALIKIAN-1-1024x640-1024x640.jpg\" alt=\"\" width=\"650\" height=\"406\" srcset=\"https:\/\/www.turismocaravaca.com\/blog\/wp-content\/uploads\/2018\/07\/ARA-MALIKIAN-1-1024x640.jpg 1024w, https:\/\/www.turismocaravaca.com\/blog\/wp-content\/uploads\/2018\/07\/ARA-MALIKIAN-1-1024x640-300x188.jpg 300w, https:\/\/www.turismocaravaca.com\/blog\/wp-content\/uploads\/2018\/07\/ARA-MALIKIAN-1-1024x640-768x480.jpg 768w\" sizes=\"(max-width: 650px) 100vw, 650px\" \/><\/p>\n<p><strong>\u00a0Como int\u00e9rprete <\/strong>es poseedor de un amplio repertorio que incluye la pr\u00e1ctica totalidad de las grandes obras escritas para viol\u00edn y ha estrenado obras de compositores actuales.<\/p>\n<p>Ha tocado como solista con muchas de las m\u00e1s importantes formaciones y orquestas del mundo y bajo la batuta de directores de renombre internacional; al tiempo que ha actuado en las m\u00e1s importantes salas de concierto del mundo, en m\u00e1s de cuarenta pa\u00edses de los 5 continentes.<\/p>\n<p><img loading=\"lazy\" decoding=\"async\" class=\"aligncenter wp-image-7437 size-large\" src=\"https:\/\/www.turismocaravaca.com\/blog\/wp-content\/uploads\/2018\/07\/ARA-MALIKIAN-3-1024x640-1024x640.jpg\" alt=\"\" width=\"768\" height=\"480\" srcset=\"https:\/\/www.turismocaravaca.com\/blog\/wp-content\/uploads\/2018\/07\/ARA-MALIKIAN-3-1024x640.jpg 1024w, https:\/\/www.turismocaravaca.com\/blog\/wp-content\/uploads\/2018\/07\/ARA-MALIKIAN-3-1024x640-300x188.jpg 300w, https:\/\/www.turismocaravaca.com\/blog\/wp-content\/uploads\/2018\/07\/ARA-MALIKIAN-3-1024x640-768x480.jpg 768w\" sizes=\"(max-width: 768px) 100vw, 768px\" \/><\/p>\n<p>Su calidad y nivel como violinista ha sido reconocido en numerosos <strong>concursos <\/strong>de prestigio mundial entre los que cabe destacar los primeros premios obtenidos en los concursos internacionales Felix Mendelssohn (1987, Berl\u00edn, Alemania) y Pablo Sarasate (1995, Pamplona, Espa\u00f1a)<\/p>\n<p>Ara Malikian tiene una amplia <strong>discograf\u00eda<\/strong>. Con la compa\u00f1\u00eda Warner Espa\u00f1a ha grabado las m\u00e1s destacadas obras para viol\u00edn y su \u00faltimo \u00e1lbum es <em>15 <\/em>(2015) concierto grabado en el Teatro Real de Madrid con el que celebra su tiempo de vida en Espa\u00f1a y que resume todos los espect\u00e1culos con los que ha girado estos \u00faltimos 15 a\u00f1os.<\/p>\n<p><img loading=\"lazy\" decoding=\"async\" class=\"aligncenter wp-image-7438 size-large\" src=\"https:\/\/www.turismocaravaca.com\/blog\/wp-content\/uploads\/2018\/07\/ARA-MALIKIAN-7-1024x640-1024x640.jpg\" alt=\"\" width=\"768\" height=\"480\" srcset=\"https:\/\/www.turismocaravaca.com\/blog\/wp-content\/uploads\/2018\/07\/ARA-MALIKIAN-7-1024x640.jpg 1024w, https:\/\/www.turismocaravaca.com\/blog\/wp-content\/uploads\/2018\/07\/ARA-MALIKIAN-7-1024x640-300x188.jpg 300w, https:\/\/www.turismocaravaca.com\/blog\/wp-content\/uploads\/2018\/07\/ARA-MALIKIAN-7-1024x640-768x480.jpg 768w\" sizes=\"(max-width: 768px) 100vw, 768px\" \/><\/p>\n<p>Ara Malikian ha demostrado desde siempre un especial inter\u00e9s por <strong>acercar la m\u00fasica a todos los p\u00fablicos<\/strong>, tanto cl\u00e1sica como no cl\u00e1sica. Desde el a\u00f1o 2006 colabora con la Fundaci\u00f3n Non Profit Music.<\/p>\n<p>Una inagotable inquietud musical y humana han llevado a Ara Malikian a profundizar en sus propias ra\u00edces armenias y <strong>asimilar la m\u00fasica de otras culturas <\/strong>del Medio Oriente (\u00e1rabe y jud\u00eda), Centro Europa (gitana y kletzmer), Argentina (tango) y Espa\u00f1a (flamenco), todo ello dentro de un lenguaje muy personal con el virtuosismo y la expresividad de la gran tradici\u00f3n cl\u00e1sica europea. Estren\u00f3 el concierto <em>M\u00fasicas c\u00edngaras <\/em>(2009) que recoge melod\u00edas de los diferentes pa\u00edses musicalmente influenciados por el viaje que los c\u00edngaros realizaron desde India hasta Espa\u00f1a.<\/p>\n<p><img loading=\"lazy\" decoding=\"async\" class=\"aligncenter wp-image-7439 size-large\" src=\"https:\/\/www.turismocaravaca.com\/blog\/wp-content\/uploads\/2018\/07\/ARA-MALIKIAN-5-1024x640-1024x640.jpg\" alt=\"\" width=\"768\" height=\"480\" srcset=\"https:\/\/www.turismocaravaca.com\/blog\/wp-content\/uploads\/2018\/07\/ARA-MALIKIAN-5-1024x640.jpg 1024w, https:\/\/www.turismocaravaca.com\/blog\/wp-content\/uploads\/2018\/07\/ARA-MALIKIAN-5-1024x640-300x188.jpg 300w, https:\/\/www.turismocaravaca.com\/blog\/wp-content\/uploads\/2018\/07\/ARA-MALIKIAN-5-1024x640-768x480.jpg 768w\" sizes=\"(max-width: 768px) 100vw, 768px\" \/><\/p>\n<p>Ha grabado bandas sonoras de varias pel\u00edculas como <em>Hable con ella <\/em>(2002) y <em>La mala educaci\u00f3n <\/em>(2005) de Pedro Almod\u00f3var o <em>El otro barrio <\/em>(2000) de Salvador Garc\u00eda Ruiz. Y ha participado en las bandas sonoras de las pel\u00edculas <em>Manolito Gafotas <\/em>(1999), <em>Los pasos perdidos <\/em>(2001) y <em>P\u00e1jaros de papel <\/em>(2010).<\/p>\n<p>Adem\u00e1s Ara Malikian es un personaje de prestigio y de fama internacional que le permite colaborar siempre que puede en proyectos destinados a mejorar la vida de las personas m\u00e1s desfavorecidas, sobre todo cuando se trata de ni\u00f1os. As\u00ed cada a\u00f1o colabora con la ONG Acci\u00f3n contra el hambre.<\/p>\n<p><iframe loading=\"lazy\" width=\"768\" height=\"432\" src=\"https:\/\/www.youtube.com\/embed\/ZoDLHeAK8kI?feature=oembed\" frameborder=\"0\" allow=\"autoplay; encrypted-media\" allowfullscreen><\/iframe><\/p>\n<p><strong>Fuentes: www.Aramalikian.com<\/strong><\/p>\n","protected":false},"excerpt":{"rendered":"<p>El liban\u00e9s de ascendencia Armenia Ara Malikian se inici\u00f3 en el viol\u00edn a muy corta edad de la mano de su padre. Su talento fue reconocido tempranamente a pesar de las dif\u00edciles circunstancias que la guerra civil libanesa le obligaron a vivir. Dio su primer concierto importante con 12 a\u00f1os, y a los 14 el [&hellip;]<\/p>\n","protected":false},"author":2,"featured_media":0,"comment_status":"open","ping_status":"open","sticky":false,"template":"","format":"standard","meta":{"footnotes":""},"categories":[10,2126,2138],"tags":[2338,364,534,1598,2339],"class_list":["post-7434","post","type-post","status-publish","format-standard","hentry","category-conciertos-2","category-espanol","category-musica","tag-ara-malikian","tag-caravaca-de-la-cruz","tag-concierto","tag-plaza-de-toros-de-caravaca","tag-the-incredible-world-tour-of-violin"],"_links":{"self":[{"href":"https:\/\/www.turismocaravaca.com\/blog\/wp-json\/wp\/v2\/posts\/7434"}],"collection":[{"href":"https:\/\/www.turismocaravaca.com\/blog\/wp-json\/wp\/v2\/posts"}],"about":[{"href":"https:\/\/www.turismocaravaca.com\/blog\/wp-json\/wp\/v2\/types\/post"}],"author":[{"embeddable":true,"href":"https:\/\/www.turismocaravaca.com\/blog\/wp-json\/wp\/v2\/users\/2"}],"replies":[{"embeddable":true,"href":"https:\/\/www.turismocaravaca.com\/blog\/wp-json\/wp\/v2\/comments?post=7434"}],"version-history":[{"count":2,"href":"https:\/\/www.turismocaravaca.com\/blog\/wp-json\/wp\/v2\/posts\/7434\/revisions"}],"predecessor-version":[{"id":7441,"href":"https:\/\/www.turismocaravaca.com\/blog\/wp-json\/wp\/v2\/posts\/7434\/revisions\/7441"}],"wp:attachment":[{"href":"https:\/\/www.turismocaravaca.com\/blog\/wp-json\/wp\/v2\/media?parent=7434"}],"wp:term":[{"taxonomy":"category","embeddable":true,"href":"https:\/\/www.turismocaravaca.com\/blog\/wp-json\/wp\/v2\/categories?post=7434"},{"taxonomy":"post_tag","embeddable":true,"href":"https:\/\/www.turismocaravaca.com\/blog\/wp-json\/wp\/v2\/tags?post=7434"}],"curies":[{"name":"wp","href":"https:\/\/api.w.org\/{rel}","templated":true}]}}