{"id":7442,"date":"2018-07-19T14:20:18","date_gmt":"2018-07-19T12:20:18","guid":{"rendered":"http:\/\/www.turismocaravaca.com\/blog\/?p=7442"},"modified":"2018-07-19T14:20:18","modified_gmt":"2018-07-19T12:20:18","slug":"xxxviii-semana-de-teatro-del-23-al-29-de-julio","status":"publish","type":"post","link":"https:\/\/www.turismocaravaca.com\/blog\/xxxviii-semana-de-teatro-del-23-al-29-de-julio\/","title":{"rendered":"XXXVIII Semana de Teatro del 23 al 29 de julio"},"content":{"rendered":"<p>&nbsp;<\/p>\n<p><img loading=\"lazy\" decoding=\"async\" class=\"aligncenter wp-image-7449 \" src=\"https:\/\/www.turismocaravaca.com\/blog\/wp-content\/uploads\/2018\/07\/SemanaTeatro18-33x48-704x1024.jpg\" alt=\"\" width=\"584\" height=\"849\" srcset=\"https:\/\/www.turismocaravaca.com\/blog\/wp-content\/uploads\/2018\/07\/SemanaTeatro18-33x48-704x1024.jpg 704w, https:\/\/www.turismocaravaca.com\/blog\/wp-content\/uploads\/2018\/07\/SemanaTeatro18-33x48-206x300.jpg 206w, https:\/\/www.turismocaravaca.com\/blog\/wp-content\/uploads\/2018\/07\/SemanaTeatro18-33x48-768x1117.jpg 768w\" sizes=\"(max-width: 584px) 100vw, 584px\" \/><\/p>\n<p>El programa de esta <strong>XXXVIII semana de Teatro de Caravaca de la Cruz<\/strong> consta de <strong>ocho representaciones<\/strong> de diversos g\u00e9neros, y se escenificar\u00e1n <strong>entre los d\u00edas 23 y 29 de julio<\/strong> en el <strong>Teatro Emilio Thuillier<\/strong>. S\u00f3lo los espect\u00e1culos infantiles <strong>&#8216;globos aerost\u00e1ticos&#8217; <\/strong>y el<strong> &#8216;Cuentacuentos&#8217;<\/strong> se celebrar\u00e1n en lugares diferentes.<\/p>\n<p><strong>&#8216;Juntos pero no revueltos&#8217;<\/strong> es la obra con la que arranca la Semana de Teatro el<strong> lunes, 23 de julio<\/strong>. Se trata de una comedia dirigida por <strong>Jos\u00e9 Antonio L\u00f3pez Navarro \u00b4Jata\u00b4<\/strong> y representada por la compa\u00f1\u00eda CDH, que narra la historia de una pareja en plena crisis matrimonial por la influencia de sus respectivas madres, que decide probar nuevas formas de convivencia para salvar su relaci\u00f3n.<\/p>\n<p><img loading=\"lazy\" decoding=\"async\" class=\"aligncenter wp-image-7443 \" src=\"https:\/\/www.turismocaravaca.com\/blog\/wp-content\/uploads\/2018\/07\/3-8437x1-epvss-724x1024.jpg\" alt=\"\" width=\"585\" height=\"828\" srcset=\"https:\/\/www.turismocaravaca.com\/blog\/wp-content\/uploads\/2018\/07\/3-8437x1-epvss-724x1024.jpg 724w, https:\/\/www.turismocaravaca.com\/blog\/wp-content\/uploads\/2018\/07\/3-8437x1-epvss-212x300.jpg 212w, https:\/\/www.turismocaravaca.com\/blog\/wp-content\/uploads\/2018\/07\/3-8437x1-epvss-768x1086.jpg 768w, https:\/\/www.turismocaravaca.com\/blog\/wp-content\/uploads\/2018\/07\/3-8437x1-epvss.jpg 1299w\" sizes=\"(max-width: 585px) 100vw, 585px\" \/><\/p>\n<p>El <strong>martes 24 de julio<\/strong> ser\u00e1 el turno de \u00b4<strong>Conversaciones con mam\u00e1<\/strong>\u00b4, protagonizada por <strong>Mar\u00eda Luisa Merlo y Jes\u00fas Cisneros<\/strong>. Es un montaje, dirigido con tino por <strong>Pilar Massa<\/strong>, que llega al coraz\u00f3n del espectador, mezclando con ritmo realismo, poes\u00eda, humor, ternura y tristeza a trav\u00e9s de una demostraci\u00f3n de fuerza y experiencia en los escenarios de sus dos protagonistas.<\/p>\n<p>&nbsp;<\/p>\n<p><img loading=\"lazy\" decoding=\"async\" class=\"aligncenter wp-image-7447 size-full\" src=\"https:\/\/www.turismocaravaca.com\/blog\/wp-content\/uploads\/2018\/07\/un-tonto-en-una-caja-rojales.jpg\" alt=\"\" width=\"630\" height=\"400\" srcset=\"https:\/\/www.turismocaravaca.com\/blog\/wp-content\/uploads\/2018\/07\/un-tonto-en-una-caja-rojales.jpg 630w, https:\/\/www.turismocaravaca.com\/blog\/wp-content\/uploads\/2018\/07\/un-tonto-en-una-caja-rojales-300x190.jpg 300w\" sizes=\"(max-width: 630px) 100vw, 630px\" \/><\/p>\n<p>&nbsp;<\/p>\n<p>La comedia sarc\u00e1stica y de humor negro sobre la astucia y las clases sociales \u00b4<strong>Un tonto en una caja<\/strong>\u00b4 es la representaci\u00f3n prevista para el<strong> mi\u00e9rcoles 25 de julio<\/strong>. Los actores <strong>Pedro Segura, Luis Mart\u00ednez Arasa y Macarena Rueda<\/strong> mostrar\u00e1n una mirada ir\u00f3nica sobre una sociedad en cuya c\u00faspide est\u00e1n los Notables, que siguen a los Grandes y, despu\u00e9s, los Peque\u00f1os, d\u00f3nde solo conseguir\u00e1 sobrevivir el m\u00e1s astuto.<\/p>\n<p>&nbsp;<\/p>\n<p><img loading=\"lazy\" decoding=\"async\" class=\"aligncenter wp-image-7448 \" src=\"https:\/\/www.turismocaravaca.com\/blog\/wp-content\/uploads\/2018\/07\/CaciquesCartel-717x1024.jpg\" alt=\"\" width=\"564\" height=\"806\" srcset=\"https:\/\/www.turismocaravaca.com\/blog\/wp-content\/uploads\/2018\/07\/CaciquesCartel-717x1024.jpg 717w, https:\/\/www.turismocaravaca.com\/blog\/wp-content\/uploads\/2018\/07\/CaciquesCartel-210x300.jpg 210w, https:\/\/www.turismocaravaca.com\/blog\/wp-content\/uploads\/2018\/07\/CaciquesCartel-768x1097.jpg 768w, https:\/\/www.turismocaravaca.com\/blog\/wp-content\/uploads\/2018\/07\/CaciquesCartel.jpg 1434w\" sizes=\"(max-width: 564px) 100vw, 564px\" \/><\/p>\n<p>&nbsp;<\/p>\n<p>La compa\u00f1\u00eda murciana <strong>Alquibla Teatro<\/strong> traer\u00e1 a la Semana de Teatro de Caravaca de la Cruz \u00b4<strong>Los Caciques<\/strong>\u00b4, un montaje que mezcla el humor, la s\u00e1tira social y el vestuario de \u00e9poca en un espacio esc\u00e9nico contempor\u00e1neo, bajo la direcci\u00f3n de Antonio Maura. Esta tragicomedia grotesca estar\u00e1 en el escenario del Thuillier el<strong> jueves 26 de julio.<\/strong><\/p>\n<p>&nbsp;<\/p>\n<p><img loading=\"lazy\" decoding=\"async\" class=\"aligncenter wp-image-7444 size-full\" src=\"https:\/\/www.turismocaravaca.com\/blog\/wp-content\/uploads\/2018\/07\/3-8823x1-a7qem.jpg\" alt=\"\" width=\"600\" height=\"350\" srcset=\"https:\/\/www.turismocaravaca.com\/blog\/wp-content\/uploads\/2018\/07\/3-8823x1-a7qem.jpg 600w, https:\/\/www.turismocaravaca.com\/blog\/wp-content\/uploads\/2018\/07\/3-8823x1-a7qem-300x175.jpg 300w\" sizes=\"(max-width: 600px) 100vw, 600px\" \/><\/p>\n<p>Para el <strong>viernes 27 de julio<\/strong> la obra incluida en la programaci\u00f3n es \u00b4<strong>Obra de Dios<\/strong>\u00b4, una hilarante comedia de Txalo Producciones, protagonizada por el conocido actor <strong>Mariano Pe\u00f1a<\/strong>. El se\u00f1or del Universo, creador de los Cielos y la Tierra, visita el teatro para reescribir sus diez mandamientos y dar respuesta a todas las preguntas que el hombre se hace desde el comienzo de nuestra era.<\/p>\n<p>El teatro sale a la calle el <strong>s\u00e1bado 28 de julio<\/strong>, con \u00b4<strong>Globos aerost\u00e1tico<\/strong>s\u00b4, un espect\u00e1culo de <strong>\u00b4La Murga teatro\u00b4<\/strong>, especialmente dirigido al p\u00fablico infantil, que realizar\u00e1 un recorrido por los sue\u00f1os durante un pasacalles desde La Corredera hasta el final de la calle Mayor.<\/p>\n<p>\u00b4<strong>Olvido<\/strong>. (Viento de Sefarad)\u00b4 es la obra que tambi\u00e9n se pondr\u00e1 en escena el <strong>s\u00e1bado 28 de julio<\/strong>. Se trata de la tercera obra de la Tetralog\u00eda del Miedo de la caravaque\u00f1a <a href=\"https:\/\/www.laopiniondemurcia.es\/cultura-sociedad\/2017\/10\/16\/maria-reyes-aznar-parto-musica\/867525.html\" target=\"_blank\" rel=\"noopener\">Mar\u00eda Reyes Aznar<\/a>, que dirige y protagoniza un gui\u00f3n contextualizado en el Toledo de 1492, d\u00edas despu\u00e9s de proclamarse el Edicto de Expulsi\u00f3n de los Jud\u00edos de las tierras espa\u00f1olas.<\/p>\n<p><img loading=\"lazy\" decoding=\"async\" class=\"aligncenter wp-image-7445 size-full\" src=\"https:\/\/www.turismocaravaca.com\/blog\/wp-content\/uploads\/2018\/07\/62db5b8f69bb783f6ecd6bdd78361ee7-rimg-w512-h720-gmir.jpg\" alt=\"\" width=\"512\" height=\"603\" srcset=\"https:\/\/www.turismocaravaca.com\/blog\/wp-content\/uploads\/2018\/07\/62db5b8f69bb783f6ecd6bdd78361ee7-rimg-w512-h720-gmir.jpg 512w, https:\/\/www.turismocaravaca.com\/blog\/wp-content\/uploads\/2018\/07\/62db5b8f69bb783f6ecd6bdd78361ee7-rimg-w512-h720-gmir-255x300.jpg 255w\" sizes=\"(max-width: 512px) 100vw, 512px\" \/><\/p>\n<p>Otra actriz de Caravaca de la Cruz, en este caso <strong>Lola Salcedo<\/strong>, es la \u00fanica protagonista de la obra programada para el <strong>domingo 29 de julio<\/strong>. \u00b4<strong>Cicatrices<\/strong>\u00b4 es un montaje \u00edntimo, dirigido a un p\u00fablico limitado, que ya se estren\u00f3 el pasado mes de marzo y que, ante la buena aceptaci\u00f3n por parte del p\u00fablico, vuelve a la Semana de teatro con sesi\u00f3n doble y aforo reducido.<\/p>\n<p>El cierre de la Semana de Teatro llegar\u00e1 con los cuentacuentos que se celebrar\u00e1n en los <strong>polideportivos \u00b4Argos\u00b4, \u00b4La Loma\u00b4 y \u00b4Club H\u00edpico\u00b4 el domingo 29 de julio<\/strong>, a las <strong>20.00 horas<\/strong>, con<strong> entrada gratuita<\/strong>.<\/p>\n<p>Todas las representaciones dar\u00e1n comienzo <strong>a las 22.30 horas<\/strong>, excepto &#8216;Cicatrices&#8217; (con dos pases a las 20.00 y 22.00 horas) y el pasacalles de \u00b4Globos Aerost\u00e1ticos\u00b4, que ser\u00e1 a las 21.00 horas.<\/p>\n<p>Las entradas se pueden adquirir antes de cada representaci\u00f3n en la taquilla del Teatro Thuillier y de forma anticipada en Nueva Joyer\u00eda (calle Mayor, n\u00famero 2), a <strong>precios que van desde los 8 a los 12 euros<\/strong>.<\/p>\n<p>&nbsp;<\/p>\n<p><strong>Fuentes: Laopini\u00f3ndeMurcia.es<\/strong><\/p>\n<p>&nbsp;<\/p>\n<p>&nbsp;<\/p>\n","protected":false},"excerpt":{"rendered":"<p>&nbsp; El programa de esta XXXVIII semana de Teatro de Caravaca de la Cruz consta de ocho representaciones de diversos g\u00e9neros, y se escenificar\u00e1n entre los d\u00edas 23 y 29 de julio en el Teatro Emilio Thuillier. S\u00f3lo los espect\u00e1culos infantiles &#8216;globos aerost\u00e1ticos&#8217; y el &#8216;Cuentacuentos&#8217; se celebrar\u00e1n en lugares diferentes. &#8216;Juntos pero no revueltos&#8217; [&hellip;]<\/p>\n","protected":false},"author":2,"featured_media":0,"comment_status":"open","ping_status":"open","sticky":false,"template":"","format":"standard","meta":{"footnotes":""},"categories":[3,2126,14,2116],"tags":[2343,364,2340,2347,2345,2344,2341,2342,1832,2346],"class_list":["post-7442","post","type-post","status-publish","format-standard","hentry","category-actividades","category-espanol","category-eventos","category-teatro","tag-alquibla","tag-caravaca-de-la-cruz","tag-cicatrices","tag-conversaciones-con-mama","tag-los-caciques","tag-maria-reyes-aznar","tag-mariano-pena","tag-obra-de-dios","tag-semana-de-teatro","tag-un-tonto-en-una-caja"],"_links":{"self":[{"href":"https:\/\/www.turismocaravaca.com\/blog\/wp-json\/wp\/v2\/posts\/7442"}],"collection":[{"href":"https:\/\/www.turismocaravaca.com\/blog\/wp-json\/wp\/v2\/posts"}],"about":[{"href":"https:\/\/www.turismocaravaca.com\/blog\/wp-json\/wp\/v2\/types\/post"}],"author":[{"embeddable":true,"href":"https:\/\/www.turismocaravaca.com\/blog\/wp-json\/wp\/v2\/users\/2"}],"replies":[{"embeddable":true,"href":"https:\/\/www.turismocaravaca.com\/blog\/wp-json\/wp\/v2\/comments?post=7442"}],"version-history":[{"count":1,"href":"https:\/\/www.turismocaravaca.com\/blog\/wp-json\/wp\/v2\/posts\/7442\/revisions"}],"predecessor-version":[{"id":7450,"href":"https:\/\/www.turismocaravaca.com\/blog\/wp-json\/wp\/v2\/posts\/7442\/revisions\/7450"}],"wp:attachment":[{"href":"https:\/\/www.turismocaravaca.com\/blog\/wp-json\/wp\/v2\/media?parent=7442"}],"wp:term":[{"taxonomy":"category","embeddable":true,"href":"https:\/\/www.turismocaravaca.com\/blog\/wp-json\/wp\/v2\/categories?post=7442"},{"taxonomy":"post_tag","embeddable":true,"href":"https:\/\/www.turismocaravaca.com\/blog\/wp-json\/wp\/v2\/tags?post=7442"}],"curies":[{"name":"wp","href":"https:\/\/api.w.org\/{rel}","templated":true}]}}