{"id":7476,"date":"2018-08-09T14:22:17","date_gmt":"2018-08-09T12:22:17","guid":{"rendered":"http:\/\/www.turismocaravaca.com\/blog\/?p=7476"},"modified":"2018-08-09T14:22:17","modified_gmt":"2018-08-09T12:22:17","slug":"cine-de-verano-el-mejor-verano-de-mi-vida","status":"publish","type":"post","link":"https:\/\/www.turismocaravaca.com\/blog\/cine-de-verano-el-mejor-verano-de-mi-vida\/","title":{"rendered":"Cine de Verano &#8216; El Mejor verano de mi vida&#8217;"},"content":{"rendered":"<p>&nbsp;<\/p>\n<p><img loading=\"lazy\" decoding=\"async\" class=\"wp-image-7478  aligncenter\" src=\"https:\/\/www.turismocaravaca.com\/blog\/wp-content\/uploads\/2018\/08\/ElMejorVeranodeMiVida_ES_FA.jpg\" alt=\"\" width=\"731\" height=\"411\" srcset=\"https:\/\/www.turismocaravaca.com\/blog\/wp-content\/uploads\/2018\/08\/ElMejorVeranodeMiVida_ES_FA.jpg 960w, https:\/\/www.turismocaravaca.com\/blog\/wp-content\/uploads\/2018\/08\/ElMejorVeranodeMiVida_ES_FA-300x169.jpg 300w, https:\/\/www.turismocaravaca.com\/blog\/wp-content\/uploads\/2018\/08\/ElMejorVeranodeMiVida_ES_FA-768x432.jpg 768w\" sizes=\"(max-width: 731px) 100vw, 731px\" \/><\/p>\n<p>Las noches del <strong>9 y 10 de Agosto, a las 22:00 horas<\/strong> podr\u00e9is disfrutar de la comed\u00eda m\u00e1s aplaudida del momento\u00a0 en el<strong> cine de Verano de Caravaca de la Cruz<\/strong>, situado en las instalaciones de la Piscina Municipal: <strong>&#8216;El Mejor Verano de Mi Vida&#8217;<\/strong><\/p>\n<p>Curro no est\u00e1 viviendo uno de sus mejores momentos. Este padre de familia que trabaja vendiendo robots de cocina sue\u00f1a con un futuro distinto. Y, en pleno declive econ\u00f3mico y crisis matrimonial con su mujer Daniela, decide hacerle una promesa a su hijo Nico. Si el chico de 9 a\u00f1os consigue sacar sobresalientes, se lo llevar\u00e1 a pasar el mejor verano de sus vidas.<\/p>\n<p>Lo que Curro no pod\u00eda imaginar es que el muchacho lo conseguir\u00eda. As\u00ed, se ver\u00e1 obligado a cumplir su promesa, que lograr\u00e1 cambiar el curso de las cosas cuando la familia se embarque en una aventura en la que se ver\u00e1n envueltos en situaciones que jam\u00e1s imaginaron.<\/p>\n<p>Una pel\u00edcula dirigida por <strong>Daniel de la Orden<\/strong> (<i>El preg\u00f3n<\/i>) que, ha tomado como referencia la pel\u00edcula<i> La vida es bella<\/i> para realizar el largometraje. El reparto est\u00e1 formado por <strong>Leo Harlem<\/strong> (<i>Villaviciosa de al Lado<\/i>), Maggie Civantos (<i>Las chicas del cable<\/i>), Toni Acosta (<i>Mi gran noche, Con el culo al aire<\/i>) y Alejandro Serrano entre otros protagonistas.<\/p>\n<p>&nbsp;<\/p>\n<p><iframe loading=\"lazy\" width=\"768\" height=\"432\" src=\"https:\/\/www.youtube.com\/embed\/9FSZ522H9-M?feature=oembed\" frameborder=\"0\" allow=\"autoplay; encrypted-media\" allowfullscreen><\/iframe><\/p>\n<p><strong>Fuente: www.sensacine.com<\/strong><\/p>\n","protected":false},"excerpt":{"rendered":"<p>&nbsp; Las noches del 9 y 10 de Agosto, a las 22:00 horas podr\u00e9is disfrutar de la comed\u00eda m\u00e1s aplaudida del momento\u00a0 en el cine de Verano de Caravaca de la Cruz, situado en las instalaciones de la Piscina Municipal: &#8216;El Mejor Verano de Mi Vida&#8217; Curro no est\u00e1 viviendo uno de sus mejores momentos. [&hellip;]<\/p>\n","protected":false},"author":2,"featured_media":0,"comment_status":"open","ping_status":"open","sticky":false,"template":"","format":"standard","meta":{"footnotes":""},"categories":[3,2114,2126],"tags":[],"class_list":["post-7476","post","type-post","status-publish","format-standard","hentry","category-actividades","category-cine","category-espanol"],"_links":{"self":[{"href":"https:\/\/www.turismocaravaca.com\/blog\/wp-json\/wp\/v2\/posts\/7476"}],"collection":[{"href":"https:\/\/www.turismocaravaca.com\/blog\/wp-json\/wp\/v2\/posts"}],"about":[{"href":"https:\/\/www.turismocaravaca.com\/blog\/wp-json\/wp\/v2\/types\/post"}],"author":[{"embeddable":true,"href":"https:\/\/www.turismocaravaca.com\/blog\/wp-json\/wp\/v2\/users\/2"}],"replies":[{"embeddable":true,"href":"https:\/\/www.turismocaravaca.com\/blog\/wp-json\/wp\/v2\/comments?post=7476"}],"version-history":[{"count":1,"href":"https:\/\/www.turismocaravaca.com\/blog\/wp-json\/wp\/v2\/posts\/7476\/revisions"}],"predecessor-version":[{"id":7479,"href":"https:\/\/www.turismocaravaca.com\/blog\/wp-json\/wp\/v2\/posts\/7476\/revisions\/7479"}],"wp:attachment":[{"href":"https:\/\/www.turismocaravaca.com\/blog\/wp-json\/wp\/v2\/media?parent=7476"}],"wp:term":[{"taxonomy":"category","embeddable":true,"href":"https:\/\/www.turismocaravaca.com\/blog\/wp-json\/wp\/v2\/categories?post=7476"},{"taxonomy":"post_tag","embeddable":true,"href":"https:\/\/www.turismocaravaca.com\/blog\/wp-json\/wp\/v2\/tags?post=7476"}],"curies":[{"name":"wp","href":"https:\/\/api.w.org\/{rel}","templated":true}]}}