{"id":7482,"date":"2018-08-14T16:40:29","date_gmt":"2018-08-14T14:40:29","guid":{"rendered":"http:\/\/www.turismocaravaca.com\/blog\/?p=7482"},"modified":"2018-08-14T16:42:47","modified_gmt":"2018-08-14T14:42:47","slug":"la-comunidad-boliviana-de-caravaca-celebrara-la-festividad-de-la-virgen-de-la-urkupina-el-18-de-agosto","status":"publish","type":"post","link":"https:\/\/www.turismocaravaca.com\/blog\/la-comunidad-boliviana-de-caravaca-celebrara-la-festividad-de-la-virgen-de-la-urkupina-el-18-de-agosto\/","title":{"rendered":"La comunidad boliviana de Caravaca celebrar\u00e1 la festividad de la Virgen de la Urkupi\u00f1a el 18 de agosto"},"content":{"rendered":"<p>Tras la misa, que tendr\u00e1 lugar a las 19:30 horas en la iglesia de los Carmelitas, los participantes llegar\u00e1n en procesi\u00f3n hasta la antigua estaci\u00f3n de tren. All\u00ed habr\u00e1 una demostraci\u00f3n de bailes t\u00edpicos bolivianos en una conmemoraci\u00f3n que durar\u00e1 hasta entrado el d\u00eda siguiente.<\/p>\n<p><img loading=\"lazy\" decoding=\"async\" class=\"aligncenter wp-image-7485 size-full\" src=\"https:\/\/www.turismocaravaca.com\/blog\/wp-content\/uploads\/2018\/08\/Virgen_Mar\u00eda_de_Urqupi\u00f1a_Quillacollo.jpg\" alt=\"\" width=\"368\" height=\"449\" srcset=\"https:\/\/www.turismocaravaca.com\/blog\/wp-content\/uploads\/2018\/08\/Virgen_Mar\u00eda_de_Urqupi\u00f1a_Quillacollo.jpg 368w, https:\/\/www.turismocaravaca.com\/blog\/wp-content\/uploads\/2018\/08\/Virgen_Mar\u00eda_de_Urqupi\u00f1a_Quillacollo-246x300.jpg 246w\" sizes=\"(max-width: 368px) 100vw, 368px\" \/><\/p>\n<p>Con esta procesi\u00f3n se conmemora la aparici\u00f3n de la Virgen Mar\u00eda de Urkupi\u00f1a en el Cerro Quta. Esta devoci\u00f3n ha sido\u00a0 tra\u00edda consigo por los inmigrantes de dicha nacionalidad que suman varios centenares de personas, a las que se suman gentes del citado pa\u00eds procedentes de distintos puntos de Murcia y regiones lim\u00edtrofes.<\/p>\n<p>En Bolivia, la Virgen Mar\u00eda de Urkupi\u00f1a tiene su santuario en el municipio de Quillacollo, en Cochabamba, la tercera ciudad m\u00e1s importante del pa\u00eds, situada en el centro.<\/p>\n<p>La tradici\u00f3n cuenta que la virgen se le apareci\u00f3, en repetidas ocasiones, a una ni\u00f1a pastora a finales del siglo XVII. Primero, junto a un arroyo y despu\u00e9s en el \u2018Cerro Quta\u2019, de ah\u00ed el nombre de Urkupi\u00f1a, que en la lengua quechua significa \u2018ya est\u00e1 en el cerro\u2019.<\/p>\n<p>Hasta all\u00ed se desplazan, decenas de fraternidades o agrupaciones folkl\u00f3ricas de todo el pa\u00eds. Aqu\u00ed, en Caravaca de la Cruz, ya existen dos de estos colectivos, Caporales y Tinkus, que contin\u00faan con esta tradici\u00f3n religiosa.<\/p>\n<p>&nbsp;<\/p>\n<p>Fuentes:<\/p>\n<p><a href=\"http:\/\/www.lapanoramica.es\">www.lapanoramica.es<\/a><\/p>\n<p><a href=\"http:\/\/www.elnoroestedigital.com\">www.elnoroestedigital.com<\/a><\/p>\n<p>&nbsp;<\/p>\n<p>&nbsp;<\/p>\n","protected":false},"excerpt":{"rendered":"<p>Tras la misa, que tendr\u00e1 lugar a las 19:30 horas en la iglesia de los Carmelitas, los participantes llegar\u00e1n en procesi\u00f3n hasta la antigua estaci\u00f3n de tren. All\u00ed habr\u00e1 una demostraci\u00f3n de bailes t\u00edpicos bolivianos en una conmemoraci\u00f3n que durar\u00e1 hasta entrado el d\u00eda siguiente. Con esta procesi\u00f3n se conmemora la aparici\u00f3n de la Virgen [&hellip;]<\/p>\n","protected":false},"author":2,"featured_media":0,"comment_status":"open","ping_status":"open","sticky":false,"template":"","format":"standard","meta":{"footnotes":""},"categories":[2126],"tags":[],"class_list":["post-7482","post","type-post","status-publish","format-standard","hentry","category-espanol"],"_links":{"self":[{"href":"https:\/\/www.turismocaravaca.com\/blog\/wp-json\/wp\/v2\/posts\/7482"}],"collection":[{"href":"https:\/\/www.turismocaravaca.com\/blog\/wp-json\/wp\/v2\/posts"}],"about":[{"href":"https:\/\/www.turismocaravaca.com\/blog\/wp-json\/wp\/v2\/types\/post"}],"author":[{"embeddable":true,"href":"https:\/\/www.turismocaravaca.com\/blog\/wp-json\/wp\/v2\/users\/2"}],"replies":[{"embeddable":true,"href":"https:\/\/www.turismocaravaca.com\/blog\/wp-json\/wp\/v2\/comments?post=7482"}],"version-history":[{"count":3,"href":"https:\/\/www.turismocaravaca.com\/blog\/wp-json\/wp\/v2\/posts\/7482\/revisions"}],"predecessor-version":[{"id":7487,"href":"https:\/\/www.turismocaravaca.com\/blog\/wp-json\/wp\/v2\/posts\/7482\/revisions\/7487"}],"wp:attachment":[{"href":"https:\/\/www.turismocaravaca.com\/blog\/wp-json\/wp\/v2\/media?parent=7482"}],"wp:term":[{"taxonomy":"category","embeddable":true,"href":"https:\/\/www.turismocaravaca.com\/blog\/wp-json\/wp\/v2\/categories?post=7482"},{"taxonomy":"post_tag","embeddable":true,"href":"https:\/\/www.turismocaravaca.com\/blog\/wp-json\/wp\/v2\/tags?post=7482"}],"curies":[{"name":"wp","href":"https:\/\/api.w.org\/{rel}","templated":true}]}}