{"id":7502,"date":"2018-08-23T13:21:42","date_gmt":"2018-08-23T11:21:42","guid":{"rendered":"http:\/\/www.turismocaravaca.com\/blog\/?p=7502"},"modified":"2018-08-23T13:21:42","modified_gmt":"2018-08-23T11:21:42","slug":"las-fiesta-de-los-pastores","status":"publish","type":"post","link":"https:\/\/www.turismocaravaca.com\/blog\/las-fiesta-de-los-pastores\/","title":{"rendered":"Las fiesta de los Pastores"},"content":{"rendered":"<p>En esta ocasi\u00f3n vamos a dedicar el blog de turismo a una fiesta que se celebra en la caravaque\u00f1a pedan\u00eda de Los Royos: la fiesta de los Pastores.<\/p>\n<p>La pedan\u00eda se halla situada entre el valle del r\u00edo Qu\u00edpar, al norte, y las sierras que limitan con la provincia de Almer\u00eda, al sur. El n\u00facleo de poblaci\u00f3n de Los Royos se encuentra rodeado de varios cerros entre los que destaca el Cerro del Carro y dista del centro urbano de Caravaca de la Cruz poco m\u00e1s de 30 km.<\/p>\n<p><img loading=\"lazy\" decoding=\"async\" class=\"aligncenter wp-image-7503 size-full\" src=\"https:\/\/www.turismocaravaca.com\/blog\/wp-content\/uploads\/2018\/08\/1.jpg\" alt=\"\" width=\"950\" height=\"345\" srcset=\"https:\/\/www.turismocaravaca.com\/blog\/wp-content\/uploads\/2018\/08\/1.jpg 950w, https:\/\/www.turismocaravaca.com\/blog\/wp-content\/uploads\/2018\/08\/1-300x109.jpg 300w, https:\/\/www.turismocaravaca.com\/blog\/wp-content\/uploads\/2018\/08\/1-768x279.jpg 768w\" sizes=\"(max-width: 950px) 100vw, 950px\" \/><\/p>\n<p>Los Royos es una zona poblada desde antiguo como atestiguan sus numerosos yacimientos \u00a0arqueol\u00f3gicos y dedicada fundamentalmente a las actividades agropecuaria. Siendo la ganader\u00eda una de sus principales ocupaciones, como tradicionalmente corresponde a un medio rural, no es de extranar que tengan una \u201cfiesta de los pastores\u201d: la otra gran festividad es la de su patrona la Virgen de la Pur\u00edsima Concepci\u00f3n que se celebra en el mes de diciembre con la t\u00edpica matanza de cerdo y una comida de hermandad con carne asada y embutidos para todos, aparte de los preceptivos actos religiosos.<\/p>\n<p><img loading=\"lazy\" decoding=\"async\" class=\"aligncenter wp-image-7505 size-full\" src=\"https:\/\/www.turismocaravaca.com\/blog\/wp-content\/uploads\/2018\/08\/los_royos-039.jpg\" alt=\"\" width=\"720\" height=\"479\" srcset=\"https:\/\/www.turismocaravaca.com\/blog\/wp-content\/uploads\/2018\/08\/los_royos-039.jpg 720w, https:\/\/www.turismocaravaca.com\/blog\/wp-content\/uploads\/2018\/08\/los_royos-039-300x200.jpg 300w\" sizes=\"(max-width: 720px) 100vw, 720px\" \/><\/p>\n<p>Son, como es natural, los vecinos de esta pedan\u00eda los que mantienen la citada Fiesta de los Pastores, creada por el coronel Jos\u00e9 Mar\u00eda Garc\u00eda Corbal\u00e1n y que en 1974 se comenzar\u00eda con el proyecto escult\u00f3rico de Mar\u00eda Teresa Defruc, alimentado cada a\u00f1o por los romeros con la subida de peque\u00f1as piedras para su Cristo.<\/p>\n<p>&nbsp;<\/p>\n<p>En el mes de agosto, un domingo, los vecinos suben al cercano Cerro del Carro, y all\u00ed celebran un d\u00eda de convivencia en el que se reparte un refrigerio para todos, se celebra una misa y se pasa el d\u00eda hasta la tarde, momento en el que se vuelve a bajar al pueblo.<\/p>\n<p>Os dejamos aqu\u00ed tambi\u00e9n su programa de fiestas.<\/p>\n<p><img loading=\"lazy\" decoding=\"async\" class=\"aligncenter wp-image-7504 size-large\" src=\"https:\/\/www.turismocaravaca.com\/blog\/wp-content\/uploads\/2018\/08\/Cartel-Fiesta-de-los-Pastores-en-Los-Royos.-655x1024.jpg\" alt=\"\" width=\"655\" height=\"1024\" srcset=\"https:\/\/www.turismocaravaca.com\/blog\/wp-content\/uploads\/2018\/08\/Cartel-Fiesta-de-los-Pastores-en-Los-Royos.-655x1024.jpg 655w, https:\/\/www.turismocaravaca.com\/blog\/wp-content\/uploads\/2018\/08\/Cartel-Fiesta-de-los-Pastores-en-Los-Royos.-192x300.jpg 192w, https:\/\/www.turismocaravaca.com\/blog\/wp-content\/uploads\/2018\/08\/Cartel-Fiesta-de-los-Pastores-en-Los-Royos.-768x1201.jpg 768w, https:\/\/www.turismocaravaca.com\/blog\/wp-content\/uploads\/2018\/08\/Cartel-Fiesta-de-los-Pastores-en-Los-Royos..jpg 1840w\" sizes=\"(max-width: 655px) 100vw, 655px\" \/><\/p>\n<p>&nbsp;<\/p>\n<p>Fuentes:<\/p>\n<p><a href=\"http:\/\/www.regmurcia.com\">www.regmurcia.com<\/a><\/p>\n<p>&nbsp;<\/p>\n<p>&nbsp;<\/p>\n<p>&nbsp;<\/p>\n","protected":false},"excerpt":{"rendered":"<p>En esta ocasi\u00f3n vamos a dedicar el blog de turismo a una fiesta que se celebra en la caravaque\u00f1a pedan\u00eda de Los Royos: la fiesta de los Pastores. La pedan\u00eda se halla situada entre el valle del r\u00edo Qu\u00edpar, al norte, y las sierras que limitan con la provincia de Almer\u00eda, al sur. El n\u00facleo [&hellip;]<\/p>\n","protected":false},"author":2,"featured_media":7505,"comment_status":"open","ping_status":"open","sticky":false,"template":"","format":"standard","meta":{"footnotes":""},"categories":[2126,18],"tags":[2354],"class_list":["post-7502","post","type-post","status-publish","format-standard","has-post-thumbnail","hentry","category-espanol","category-fiestas-2","tag-fiesta-de-los-patores"],"_links":{"self":[{"href":"https:\/\/www.turismocaravaca.com\/blog\/wp-json\/wp\/v2\/posts\/7502"}],"collection":[{"href":"https:\/\/www.turismocaravaca.com\/blog\/wp-json\/wp\/v2\/posts"}],"about":[{"href":"https:\/\/www.turismocaravaca.com\/blog\/wp-json\/wp\/v2\/types\/post"}],"author":[{"embeddable":true,"href":"https:\/\/www.turismocaravaca.com\/blog\/wp-json\/wp\/v2\/users\/2"}],"replies":[{"embeddable":true,"href":"https:\/\/www.turismocaravaca.com\/blog\/wp-json\/wp\/v2\/comments?post=7502"}],"version-history":[{"count":1,"href":"https:\/\/www.turismocaravaca.com\/blog\/wp-json\/wp\/v2\/posts\/7502\/revisions"}],"predecessor-version":[{"id":7507,"href":"https:\/\/www.turismocaravaca.com\/blog\/wp-json\/wp\/v2\/posts\/7502\/revisions\/7507"}],"wp:featuredmedia":[{"embeddable":true,"href":"https:\/\/www.turismocaravaca.com\/blog\/wp-json\/wp\/v2\/media\/7505"}],"wp:attachment":[{"href":"https:\/\/www.turismocaravaca.com\/blog\/wp-json\/wp\/v2\/media?parent=7502"}],"wp:term":[{"taxonomy":"category","embeddable":true,"href":"https:\/\/www.turismocaravaca.com\/blog\/wp-json\/wp\/v2\/categories?post=7502"},{"taxonomy":"post_tag","embeddable":true,"href":"https:\/\/www.turismocaravaca.com\/blog\/wp-json\/wp\/v2\/tags?post=7502"}],"curies":[{"name":"wp","href":"https:\/\/api.w.org\/{rel}","templated":true}]}}