{"id":7508,"date":"2018-08-28T18:05:47","date_gmt":"2018-08-28T16:05:47","guid":{"rendered":"http:\/\/www.turismocaravaca.com\/blog\/?p=7508"},"modified":"2018-08-28T18:05:47","modified_gmt":"2018-08-28T16:05:47","slug":"los-padres-carmelitas-siguen-animando-y-alentando-a-la-gente-a-realizar-el-camino-de-san-juan-de-la-cruz","status":"publish","type":"post","link":"https:\/\/www.turismocaravaca.com\/blog\/los-padres-carmelitas-siguen-animando-y-alentando-a-la-gente-a-realizar-el-camino-de-san-juan-de-la-cruz\/","title":{"rendered":"Los Padres Carmelitas siguen animando y alentando a la gente a realizar el \u2018Camino de San Juan de la Cruz\u2019"},"content":{"rendered":"<p>El \u2018Camino de San Juan de la Cruz\u2019 surgi\u00f3 a iniciativa de <strong>los Padres Carmelitas<\/strong> con la vocaci\u00f3n de consolidarse como una v\u00eda de peregrinaci\u00f3n que permitiera acercarse al legado literario y espiritual del santo m\u00edstico carmelita, pero tambi\u00e9n como una ruta tur\u00edstica para dar a conocer la riqueza patrimonial, paisaj\u00edstica y etnogr\u00e1fica de aquellas villas por las que anduvo durante sus desplazamientos a Caravaca de la Cruz. Se compone de seis etapas y un total 151 kil\u00f3metros, que discurren por Beas de Segura, Hornos de Segura, Santiago-Pontones, Nerpio, Moratalla y Caravaca de la Cruz, municipios que conforman una comarca hist\u00f3rica en torno al r\u00edo Segura, pertenecientes a las comunidades aut\u00f3nomas de Andaluc\u00eda, Castilla-La Mancha y\u00a0 Murcia.<\/p>\n<p><strong>Los Padres Carmelitas<\/strong>, han querido agradecer el respaldo a este proyecto y su gratitud por el apoyo recibido en la peregrinaci\u00f3n finalizada la pasada semana, haciendo entrega a los alcaldes y sacerdotes de los municipios que se encuentran al paso de este camino, de un bast\u00f3n r\u00e9plica del original que port\u00f3 el santo m\u00edstico carmelita y que actualmente se encuentra expuesto en el Monasterio de las Madres Carmelitas descalzas de Granada.<\/p>\n<p>Uno de los beneficiarios ha sido el alcalde de Caravaca de la Cruz, Jos\u00e9 Moreno, el cual ha destacado que \u201clos andariegos y andariegas han regresado a sus hogares cargados de recuerdos, emociones y sentimientos de gran intensidad y trascendencia y que sin lugar a dudas han disfrutado de una gran experiencia\u201d<\/p>\n<p><img loading=\"lazy\" decoding=\"async\" class=\"wp-image-7509 size-large aligncenter\" src=\"https:\/\/www.turismocaravaca.com\/blog\/wp-content\/uploads\/2018\/08\/EntregaBastonCaminoSanJuanDeLaCruz01-1024x557.jpg\" alt=\"\" width=\"768\" height=\"418\" srcset=\"https:\/\/www.turismocaravaca.com\/blog\/wp-content\/uploads\/2018\/08\/EntregaBastonCaminoSanJuanDeLaCruz01-1024x557.jpg 1024w, https:\/\/www.turismocaravaca.com\/blog\/wp-content\/uploads\/2018\/08\/EntregaBastonCaminoSanJuanDeLaCruz01-300x163.jpg 300w, https:\/\/www.turismocaravaca.com\/blog\/wp-content\/uploads\/2018\/08\/EntregaBastonCaminoSanJuanDeLaCruz01-768x418.jpg 768w\" sizes=\"(max-width: 768px) 100vw, 768px\" \/><\/p>\n","protected":false},"excerpt":{"rendered":"<p>El \u2018Camino de San Juan de la Cruz\u2019 surgi\u00f3 a iniciativa de los Padres Carmelitas con la vocaci\u00f3n de consolidarse como una v\u00eda de peregrinaci\u00f3n que permitiera acercarse al legado literario y espiritual del santo m\u00edstico carmelita, pero tambi\u00e9n como una ruta tur\u00edstica para dar a conocer la riqueza patrimonial, paisaj\u00edstica y etnogr\u00e1fica de aquellas [&hellip;]<\/p>\n","protected":false},"author":2,"featured_media":0,"comment_status":"open","ping_status":"open","sticky":false,"template":"","format":"standard","meta":{"footnotes":""},"categories":[3,2126,14],"tags":[101,1559],"class_list":["post-7508","post","type-post","status-publish","format-standard","hentry","category-actividades","category-espanol","category-eventos","tag-actividades-2","tag-peregrino"],"_links":{"self":[{"href":"https:\/\/www.turismocaravaca.com\/blog\/wp-json\/wp\/v2\/posts\/7508"}],"collection":[{"href":"https:\/\/www.turismocaravaca.com\/blog\/wp-json\/wp\/v2\/posts"}],"about":[{"href":"https:\/\/www.turismocaravaca.com\/blog\/wp-json\/wp\/v2\/types\/post"}],"author":[{"embeddable":true,"href":"https:\/\/www.turismocaravaca.com\/blog\/wp-json\/wp\/v2\/users\/2"}],"replies":[{"embeddable":true,"href":"https:\/\/www.turismocaravaca.com\/blog\/wp-json\/wp\/v2\/comments?post=7508"}],"version-history":[{"count":1,"href":"https:\/\/www.turismocaravaca.com\/blog\/wp-json\/wp\/v2\/posts\/7508\/revisions"}],"predecessor-version":[{"id":7510,"href":"https:\/\/www.turismocaravaca.com\/blog\/wp-json\/wp\/v2\/posts\/7508\/revisions\/7510"}],"wp:attachment":[{"href":"https:\/\/www.turismocaravaca.com\/blog\/wp-json\/wp\/v2\/media?parent=7508"}],"wp:term":[{"taxonomy":"category","embeddable":true,"href":"https:\/\/www.turismocaravaca.com\/blog\/wp-json\/wp\/v2\/categories?post=7508"},{"taxonomy":"post_tag","embeddable":true,"href":"https:\/\/www.turismocaravaca.com\/blog\/wp-json\/wp\/v2\/tags?post=7508"}],"curies":[{"name":"wp","href":"https:\/\/api.w.org\/{rel}","templated":true}]}}