{"id":7511,"date":"2018-08-30T10:55:22","date_gmt":"2018-08-30T08:55:22","guid":{"rendered":"http:\/\/www.turismocaravaca.com\/blog\/?p=7511"},"modified":"2018-08-30T10:55:22","modified_gmt":"2018-08-30T08:55:22","slug":"un-san-juan-descomunal-para-caravaca","status":"publish","type":"post","link":"https:\/\/www.turismocaravaca.com\/blog\/un-san-juan-descomunal-para-caravaca\/","title":{"rendered":"Un San Juan descomunal para Caravaca"},"content":{"rendered":"<p>&nbsp;<\/p>\n<p><strong>El artista Santiago Yd\u00e1\u00f1ez pintar\u00e1 al m\u00edstico en un lienzo que ser\u00e1 el doble que el &#8216;Guernica&#8217; de Picasso. Llegar\u00e1 a la Regi\u00f3n el pr\u00f3ximo jueves y tiene dos d\u00edas para crear la obra, que se expondr\u00e1 en la iglesia de la Compa\u00f1\u00eda a partir de septiembre<\/strong><\/p>\n<p>La exposici\u00f3n <strong>&#8216;M\u00edsticos&#8217;<\/strong> dar\u00e1 la oportunidad a Santiago Yd\u00e1\u00f1ez (Puente de G\u00e9nave, Ja\u00e9n, 1969) -\u00abel pintor XXL\u00bb le han llamado alguna vez- tras componer el lienzo m\u00e1s grande de su vida. Ser\u00e1 una imagen de <strong>San Juan de la Cruz<\/strong>, de <strong>14 metros de alto por 8 metros de ancho<\/strong>, que para hacerse una idea es el doble de lo que mide uno de los iconos del siglo XX, el &#8216;Guernica&#8217;, de Picasso, con 3,49 m x 7,77 m. Yd\u00e1\u00f1ez se encuentra este verano en Berl\u00edn, donde vive gran parte del a\u00f1o.<\/p>\n<p>En 2004, el artista jienense ya pint\u00f3 otra obra descomunal, de 12m x 8 m, que hasta entonces era su r\u00e9cord. \u00abCuriosamente despu\u00e9s de haber estado expuesta en San Sebasti\u00e1n en la Quincena Musical, porque fue una colaboraci\u00f3n que hizo con los m\u00fasicos, luego estuvo en C\u00e1diz y Toronto, y al final la compr\u00f3 la Comunidad de Murcia y est\u00e1 en el Museo de Cartagena [Museo Regional de Arte Moderno, el Muram]. Y, ahora, curiosamente, le ha salido este proyecto, que es muy bonito, y es un reto, vaya\u00bb.<\/p>\n<p><img loading=\"lazy\" decoding=\"async\" class=\"wp-image-7512 size-full aligncenter\" src=\"https:\/\/www.turismocaravaca.com\/blog\/wp-content\/uploads\/2018\/08\/128409817-624x905.jpg\" alt=\"\" width=\"624\" height=\"905\" srcset=\"https:\/\/www.turismocaravaca.com\/blog\/wp-content\/uploads\/2018\/08\/128409817-624x905.jpg 624w, https:\/\/www.turismocaravaca.com\/blog\/wp-content\/uploads\/2018\/08\/128409817-624x905-207x300.jpg 207w\" sizes=\"(max-width: 624px) 100vw, 624px\" \/><\/p>\n<p>Para esta pieza, Yd\u00e1\u00f1ez se ha inspirado en una talla barroca de San Juan de la Cruz. \u00abLa he encontrado buscando, en Per\u00fa, es muy bonita. De San Juan de la Cruz no hay tantas im\u00e1genes. Alg\u00fan grabado, pero vamos, no dejan de ser un poco toscas. Pero como esa ninguna, es una maravilla. Vamos a ver qu\u00e9 sale, porque no tendr\u00e9 mucho tiempo para hacerlo. Ir\u00e9 un poco contra reloj\u00bb.<\/p>\n<p>El artista andaluz llegar\u00e1 a Caravaca de la Cruz en la ma\u00f1ana del 30 de agosto. \u00abEse d\u00eda debe hacer el dibujo, y en los dos d\u00edas siguientes espera terminarlo. Trabaja muy r\u00e1pido, pero es verdad que esas dimensiones son brutales. El \u00a0de 12 metros x 8 metros lo pint\u00f3, \u00a0\u00aben tiempo r\u00e9cord, en una hora, hay un v\u00eddeo. Pero era distinto. Tard\u00f3 dos d\u00edas en hacer el dibujo y preparar la tela, y la diferencia es que era una acuarela gigante, solo utilizaba negro y agua. El azul fluido es relativamente r\u00e1pido, pero en este de Caravaca -ocupar\u00e1 el retablo de la iglesia de la Compa\u00f1\u00eda- utilizar\u00e1 un mont\u00f3n de colores, las mezclas son distintas, y ser\u00e1 un poco m\u00e1s complejo. Pero eso en dos d\u00edas debe estar hecho\u00bb. Seg\u00fan Yd\u00e1\u00f1ez, esta nueva composici\u00f3n tendr\u00e1 negro, ocres y amarillos, alg\u00fan tono c\u00e1lido marr\u00f3n y alg\u00fan rojizo. \u00abVa a ser c\u00e1lido\u00bb, anticipa quien en 2002 fue reconocido con el primer premio de ABC de pintura, y anteriormente estuvo becado por la Fundaci\u00f3n Marcelino Bot\u00edn, la Fundaci\u00f3n Caja Madrid y la Academia de Espa\u00f1a en Roma. El jienense se ha especializado en obras de gran formato, y, adem\u00e1s, en rostros humanos. \u00abPara \u00e9l siempre ha sido un referente. Lo humano y lo animal, relacion\u00e1ndolos ambos, igual que lo profano y lo religioso. En todo est\u00e1 lo humano.<\/p>\n<p>&nbsp;<\/p>\n<p>-Fuentes: www.laverdad.es\/culturas\/juan-descomunal-caravaca-<\/p>\n<p>&nbsp;<\/p>\n","protected":false},"excerpt":{"rendered":"<p>&nbsp; El artista Santiago Yd\u00e1\u00f1ez pintar\u00e1 al m\u00edstico en un lienzo que ser\u00e1 el doble que el &#8216;Guernica&#8217; de Picasso. Llegar\u00e1 a la Regi\u00f3n el pr\u00f3ximo jueves y tiene dos d\u00edas para crear la obra, que se expondr\u00e1 en la iglesia de la Compa\u00f1\u00eda a partir de septiembre La exposici\u00f3n &#8216;M\u00edsticos&#8217; dar\u00e1 la oportunidad a [&hellip;]<\/p>\n","protected":false},"author":2,"featured_media":0,"comment_status":"open","ping_status":"open","sticky":false,"template":"","format":"standard","meta":{"footnotes":""},"categories":[2126],"tags":[364,869,1805],"class_list":["post-7511","post","type-post","status-publish","format-standard","hentry","category-espanol","tag-caravaca-de-la-cruz","tag-exposicion","tag-san-juan-de-la-cruz"],"_links":{"self":[{"href":"https:\/\/www.turismocaravaca.com\/blog\/wp-json\/wp\/v2\/posts\/7511"}],"collection":[{"href":"https:\/\/www.turismocaravaca.com\/blog\/wp-json\/wp\/v2\/posts"}],"about":[{"href":"https:\/\/www.turismocaravaca.com\/blog\/wp-json\/wp\/v2\/types\/post"}],"author":[{"embeddable":true,"href":"https:\/\/www.turismocaravaca.com\/blog\/wp-json\/wp\/v2\/users\/2"}],"replies":[{"embeddable":true,"href":"https:\/\/www.turismocaravaca.com\/blog\/wp-json\/wp\/v2\/comments?post=7511"}],"version-history":[{"count":1,"href":"https:\/\/www.turismocaravaca.com\/blog\/wp-json\/wp\/v2\/posts\/7511\/revisions"}],"predecessor-version":[{"id":7513,"href":"https:\/\/www.turismocaravaca.com\/blog\/wp-json\/wp\/v2\/posts\/7511\/revisions\/7513"}],"wp:attachment":[{"href":"https:\/\/www.turismocaravaca.com\/blog\/wp-json\/wp\/v2\/media?parent=7511"}],"wp:term":[{"taxonomy":"category","embeddable":true,"href":"https:\/\/www.turismocaravaca.com\/blog\/wp-json\/wp\/v2\/categories?post=7511"},{"taxonomy":"post_tag","embeddable":true,"href":"https:\/\/www.turismocaravaca.com\/blog\/wp-json\/wp\/v2\/tags?post=7511"}],"curies":[{"name":"wp","href":"https:\/\/api.w.org\/{rel}","templated":true}]}}