{"id":7515,"date":"2018-09-04T13:00:48","date_gmt":"2018-09-04T11:00:48","guid":{"rendered":"http:\/\/www.turismocaravaca.com\/blog\/?p=7515"},"modified":"2018-09-04T17:51:14","modified_gmt":"2018-09-04T15:51:14","slug":"la-tormenta-de-1591-en-caravaca-de-la-cruz-uno-de-los-mayores-misterios-de-la-historia-de-nuestra-ciudad","status":"publish","type":"post","link":"https:\/\/www.turismocaravaca.com\/blog\/la-tormenta-de-1591-en-caravaca-de-la-cruz-uno-de-los-mayores-misterios-de-la-historia-de-nuestra-ciudad\/","title":{"rendered":"La tormenta de 1591 en Caravaca de la Cruz, uno de los mayores misterios de la historia de nuestra ciudad"},"content":{"rendered":"<p>En esta ocasi\u00f3n vamos a dedicar el blog a un rito asociado a la Cruz, el de conjurar tormentas y tempestades, y el extra\u00f1o suceso que acaeci\u00f3 un mes de noviembre de finales del siglo XVI ligado a tal ritual.<\/p>\n<p>&nbsp;<\/p>\n<p>A lo largo de la historia de <strong>Caravaca de la Cruz<\/strong>, ha sido habitual \u201cconjurar las tormentas y tempestades\u201d que acaec\u00edan sobre la ciudad\u2026. Tal rito est\u00e1 documentado especialmente entre los <strong>siglos XV y XVIII<\/strong>, y consist\u00eda en sacar a la Sant\u00edsima Cruz a la torre de los conjuros, labor que desempe\u00f1aba el capell\u00e1n del castillo, e implorar que cesase la tormenta. Una de esas tormentas dio pie a un evento cuanto menos, curioso, y cuyo relato se encuentra en la <em><strong>British Library<\/strong><\/em>, Londres. Ser\u00eda el \u00fanico milagro de la Cruz que est\u00e1 documentado correctamente.<\/p>\n<p>&nbsp;<\/p>\n<p><strong>El 7 de noviembre de 1591<\/strong> al anochecer estall\u00f3 una importante tormenta sobre Caravaca. Seg\u00fan queda reflejado en una transcripci\u00f3n posterior, destruy\u00f3 varias casas debido a la fuerza del agua. Hemos de suponer, por tanto, que la intensidad de la lluvia ser\u00eda fuerte, y si hubieran dispuesto por entonces de un radar de lluvias, ser\u00eda muy probable que hubiesen aparecido los temidos p\u00edxeles naranjas, indicativos de lluvia muy fuerte. Se nos dice tambi\u00e9n que la actividad el\u00e9ctrica era portentosa. Pasaban las siete menos cuarto de la tarde y los rel\u00e1mpagos surcaban el cielo caravaque\u00f1o, el espect\u00e1culo deb\u00eda ser incre\u00edble pues la oscuridad era total, sin las t\u00edpicas luces el\u00e9ctricas a las que estamos acostumbrados en la edad contempor\u00e1nea.<\/p>\n<p><img loading=\"lazy\" decoding=\"async\" class=\"aligncenter wp-image-7522 size-full\" src=\"https:\/\/www.turismocaravaca.com\/blog\/wp-content\/uploads\/2018\/09\/tormenta-rayos-truenos.jpg\" alt=\"\" width=\"780\" height=\"405\" srcset=\"https:\/\/www.turismocaravaca.com\/blog\/wp-content\/uploads\/2018\/09\/tormenta-rayos-truenos.jpg 780w, https:\/\/www.turismocaravaca.com\/blog\/wp-content\/uploads\/2018\/09\/tormenta-rayos-truenos-300x156.jpg 300w, https:\/\/www.turismocaravaca.com\/blog\/wp-content\/uploads\/2018\/09\/tormenta-rayos-truenos-768x399.jpg 768w\" sizes=\"(max-width: 780px) 100vw, 780px\" \/><\/p>\n<p>&nbsp;<\/p>\n<p>Poco despu\u00e9s de desatarse la tormenta, varios vecinos vieron cinco luces -que se asemejaban a velas encendidas- sobre el remate de la torre en la cual se encontraba la Cruz. La de en medio brillaba algo m\u00e1s y era ligeramente mayor. A las nueve de la noche hab\u00eda cesado de llover pero continuaba el cielo cubierto, puesto que la oscuridad era total y no hab\u00eda rastro de la luna. A esa hora un testigo asevera que ya no se ve\u00edan las luces. Varias familias coincid\u00edan en haber visto lo mismo, y aseguraban que lo hab\u00edan atribuido a alg\u00fan reflejo de las velas que llevar\u00eda consigo el capell\u00e1n al conjurar la tormenta. Lo cierto es que el capell\u00e1n no sali\u00f3 siquiera de su casa esa noche, pues como \u00e9l dijo al d\u00eda siguiente, a\u00fan con la voluntad de conjurar la tormenta le hab\u00eda sido imposible salir de casa debido a la fuerza con la que bajaba el agua por las calles. Se trata por tanto de un gran misterio la aparici\u00f3n de esas luces sobre el chapitel de la torre, sin una explicaci\u00f3n aparente, un misterio que dio pie a muchas elucubraciones acerca de su origen.<\/p>\n<p><img loading=\"lazy\" decoding=\"async\" class=\"aligncenter wp-image-7516 size-full\" src=\"https:\/\/www.turismocaravaca.com\/blog\/wp-content\/uploads\/2018\/09\/1387223066_3d93197589.jpg\" alt=\"\" width=\"500\" height=\"380\" srcset=\"https:\/\/www.turismocaravaca.com\/blog\/wp-content\/uploads\/2018\/09\/1387223066_3d93197589.jpg 500w, https:\/\/www.turismocaravaca.com\/blog\/wp-content\/uploads\/2018\/09\/1387223066_3d93197589-300x228.jpg 300w\" sizes=\"(max-width: 500px) 100vw, 500px\" \/><\/p>\n<p><strong>Semejanza con otros fen\u00f3menos meteorol\u00f3gicos: <\/strong>Los \u201cFuegos de San Telmo\u201d suelen adoptar formas de bolas de luz, producidos por la ionizaci\u00f3n del aire durante una tormenta el\u00e9ctrica. Es com\u00fan que aparezcan en los m\u00e1stiles de los barcos. Sin embargo, testimonios que aseveraron haber visto las luces durante un per\u00edodo relativamente prolongado de tiempo hacen tambalear la hip\u00f3tesis de que la observaci\u00f3n se debiera a este fen\u00f3meno.<\/p>\n<p>El rayo globular por el contrario, s\u00ed puede persistir en el tiempo aparentemente fijo en un lugar, o al menos, seg\u00fan varios testimonios, es m\u00e1s duradero que el Fuego de San Telmo. Hoy d\u00eda no se puede dar una explicaci\u00f3n cien por cien realista de qu\u00e9 es lo que lo produce ni qu\u00e9 lo compone, lo cual resulta a\u00fan m\u00e1s interesante en esta historia y por qu\u00e9 no, intrigante. El rayo globular, o centella, se ha observado en varios lugares del mundo a lo largo de los a\u00f1os, siempre durante el transcurso de tormentas. \u00bfEs Caravaca de la Cruz uno de esos lugares?<\/p>\n<p>Si el fen\u00f3meno nos parece extra\u00f1o hoy d\u00eda, imaginemos entonces. No es raro por tanto, que aquellos d\u00edas de 1591, algunos vecinos llegaran a creer incluso que hab\u00eda sido la propia reliquia la que se hab\u00eda desplazado hasta lo alto de la torre para conjurar la tormenta, a falta de la asistencia del capell\u00e1n. Tan extra\u00f1o suceso pas\u00f3 a la historia como uno de los milagros de la Sant\u00edsima Cruz.<\/p>\n<p>&nbsp;<\/p>\n<p>Fuente:<\/p>\n<p>www.meteocaravaca.es<\/p>\n<p style=\"text-align: justify;\">www.laciudaddelacruz.com<\/p>\n<p>&nbsp;<\/p>\n<p>&nbsp;<\/p>\n","protected":false},"excerpt":{"rendered":"<p>En esta ocasi\u00f3n vamos a dedicar el blog a un rito asociado a la Cruz, el de conjurar tormentas y tempestades, y el extra\u00f1o suceso que acaeci\u00f3 un mes de noviembre de finales del siglo XVI ligado a tal ritual. &nbsp; A lo largo de la historia de Caravaca de la Cruz, ha sido habitual [&hellip;]<\/p>\n","protected":false},"author":2,"featured_media":7522,"comment_status":"open","ping_status":"open","sticky":false,"template":"","format":"standard","meta":{"footnotes":""},"categories":[2117,2126],"tags":[2355],"class_list":["post-7515","post","type-post","status-publish","format-standard","has-post-thumbnail","hentry","category-cruz-de-caravaca","category-espanol","tag-la-cruz-de-caravaca-y-el-extrano-suceso-de-1591"],"_links":{"self":[{"href":"https:\/\/www.turismocaravaca.com\/blog\/wp-json\/wp\/v2\/posts\/7515"}],"collection":[{"href":"https:\/\/www.turismocaravaca.com\/blog\/wp-json\/wp\/v2\/posts"}],"about":[{"href":"https:\/\/www.turismocaravaca.com\/blog\/wp-json\/wp\/v2\/types\/post"}],"author":[{"embeddable":true,"href":"https:\/\/www.turismocaravaca.com\/blog\/wp-json\/wp\/v2\/users\/2"}],"replies":[{"embeddable":true,"href":"https:\/\/www.turismocaravaca.com\/blog\/wp-json\/wp\/v2\/comments?post=7515"}],"version-history":[{"count":5,"href":"https:\/\/www.turismocaravaca.com\/blog\/wp-json\/wp\/v2\/posts\/7515\/revisions"}],"predecessor-version":[{"id":7523,"href":"https:\/\/www.turismocaravaca.com\/blog\/wp-json\/wp\/v2\/posts\/7515\/revisions\/7523"}],"wp:featuredmedia":[{"embeddable":true,"href":"https:\/\/www.turismocaravaca.com\/blog\/wp-json\/wp\/v2\/media\/7522"}],"wp:attachment":[{"href":"https:\/\/www.turismocaravaca.com\/blog\/wp-json\/wp\/v2\/media?parent=7515"}],"wp:term":[{"taxonomy":"category","embeddable":true,"href":"https:\/\/www.turismocaravaca.com\/blog\/wp-json\/wp\/v2\/categories?post=7515"},{"taxonomy":"post_tag","embeddable":true,"href":"https:\/\/www.turismocaravaca.com\/blog\/wp-json\/wp\/v2\/tags?post=7515"}],"curies":[{"name":"wp","href":"https:\/\/api.w.org\/{rel}","templated":true}]}}