{"id":7622,"date":"2018-10-19T11:43:05","date_gmt":"2018-10-19T09:43:05","guid":{"rendered":"http:\/\/www.turismocaravaca.com\/blog\/?p=7622"},"modified":"2018-10-19T11:43:05","modified_gmt":"2018-10-19T09:43:05","slug":"misticos-reune-obras-de-grandes-maestros-de-la-pintura-y-la-escultura-universal-2","status":"publish","type":"post","link":"https:\/\/www.turismocaravaca.com\/blog\/misticos-reune-obras-de-grandes-maestros-de-la-pintura-y-la-escultura-universal-2\/","title":{"rendered":"\u2018Misticos\u2019 re\u00fane obras de grandes maestros de la pintura y la escultura universal"},"content":{"rendered":"<p>&nbsp;<\/p>\n<table>\n<tbody>\n<tr>\n<td>19\/10\/18. <strong>Cerca de ochenta obras<\/strong> de grandes maestros de la pintura y la escultura universal forman parte de la exposici\u00f3n <strong>&#8216;M\u00edsticos&#8217;<\/strong>. Santa Teresa y San Juan de la Cruz, luz en el Siglo de Oro\u2019, que abri\u00f3 el 29 de septiembre sus puertas y permanecer\u00e1, en la sala de la antigua iglesia de la Compa\u00f1\u00eda de Jes\u00fas,<strong> hasta el 6 de<\/strong> <strong>enero.<\/strong><\/p>\n<p><img loading=\"lazy\" decoding=\"async\" class=\"aligncenter wp-image-7626 size-full\" src=\"https:\/\/www.turismocaravaca.com\/blog\/wp-content\/uploads\/2018\/10\/42743643_2060646927326118_6423083175525744640_n.jpg\" alt=\"\" width=\"960\" height=\"466\" srcset=\"https:\/\/www.turismocaravaca.com\/blog\/wp-content\/uploads\/2018\/10\/42743643_2060646927326118_6423083175525744640_n.jpg 960w, https:\/\/www.turismocaravaca.com\/blog\/wp-content\/uploads\/2018\/10\/42743643_2060646927326118_6423083175525744640_n-300x146.jpg 300w, https:\/\/www.turismocaravaca.com\/blog\/wp-content\/uploads\/2018\/10\/42743643_2060646927326118_6423083175525744640_n-768x373.jpg 768w\" sizes=\"(max-width: 960px) 100vw, 960px\" \/><\/p>\n<p>La muestra fue inaugurada por el alcalde de Caravaca de la Cruz, Jos\u00e9 Moreno, y la consejera de Turismo y Cultura del Gobierno regional, Miriam Guardiola, acompa\u00f1ados por el obispo de la Di\u00f3cesis de Cartagena, Jos\u00e9 Manuel Lorca Planes, el padre superior de la Provincia Ib\u00e9rica de los Carmelitas Descalzos, Miguel M\u00e1rquez, patronos de la Fundaci\u00f3n Camino de la Cruz, miembros de la Cofrad\u00eda de la Vera Cruz y numerosos representantes del Carmelo Descalzo.<\/p>\n<p><img loading=\"lazy\" decoding=\"async\" class=\"aligncenter wp-image-7573 size-full\" src=\"https:\/\/www.turismocaravaca.com\/blog\/wp-content\/uploads\/2018\/09\/42627960_2060646040659540_7802480581983338496_n.jpg\" alt=\"\" width=\"960\" height=\"466\" srcset=\"https:\/\/www.turismocaravaca.com\/blog\/wp-content\/uploads\/2018\/09\/42627960_2060646040659540_7802480581983338496_n.jpg 960w, https:\/\/www.turismocaravaca.com\/blog\/wp-content\/uploads\/2018\/09\/42627960_2060646040659540_7802480581983338496_n-300x146.jpg 300w, https:\/\/www.turismocaravaca.com\/blog\/wp-content\/uploads\/2018\/09\/42627960_2060646040659540_7802480581983338496_n-768x373.jpg 768w\" sizes=\"(max-width: 960px) 100vw, 960px\" \/><\/p>\n<p>En palabras del alcalde, \u201cestamos ante una exposici\u00f3n con alma y con discurso, que nos permite acercarnos al legado de San Juan y Santa Teresa de Jes\u00fas, dos m\u00edsticos universales que crearon fundaciones en Caravaca de la Cruz, siendo la \u00fanica ciudad de Espa\u00f1a, junto con Segovia, en la que se da esta circunstancia\u201d. Jos\u00e9 Moreno tambi\u00e9n ha tenido palabras de agradecimiento para todas las instituciones y personas que han hecho posible la apertura de \u2018M\u00edsticos\u2019.<\/p>\n<p>El comisario de la exposici\u00f3n y director del proyecto \u2018M\u00edsticos\u2019, Nacho Ruiz, fue el encargado de guiar el primer recorrido por la sala, donde<strong> se pueden admirar obras de artistas de la talla de \u2018El Greco\u2019, Murillo, Alonso Cano, Ribera y Luis de Morales \u2018El Divino\u2019<\/strong>, entre otros importantes referentes de la pintura y la escultura espa\u00f1ola. Se han incorporado tambi\u00e9n destacadas <strong>piezas de arte contempor\u00e1neo<\/strong>, como las firmadas por<strong> Chillida, T\u00e1pies<\/strong> o el retrato de gran formato de <strong>Santiago Yd\u00e1\u00f1ez<\/strong>. Adem\u00e1s, se pueden contemplar <strong>reliquias<\/strong> de calado<strong> como los dedos de San Juan de la Cruz<\/strong>, procedentes de \u00dabeda, y documentos como<strong> la carta manuscrita y aut\u00f3grafa de la Santa Teresa de Jes\u00fas<\/strong>, propiedad del Archivo Municipal del Ayuntamiento de Caravaca de la Cruz.<\/p>\n<p><img loading=\"lazy\" decoding=\"async\" class=\"aligncenter wp-image-7575 size-full\" src=\"https:\/\/www.turismocaravaca.com\/blog\/wp-content\/uploads\/2018\/09\/42756554_2060647110659433_8426597329330503680_n.jpg\" alt=\"\" width=\"960\" height=\"466\" srcset=\"https:\/\/www.turismocaravaca.com\/blog\/wp-content\/uploads\/2018\/09\/42756554_2060647110659433_8426597329330503680_n.jpg 960w, https:\/\/www.turismocaravaca.com\/blog\/wp-content\/uploads\/2018\/09\/42756554_2060647110659433_8426597329330503680_n-300x146.jpg 300w, https:\/\/www.turismocaravaca.com\/blog\/wp-content\/uploads\/2018\/09\/42756554_2060647110659433_8426597329330503680_n-768x373.jpg 768w\" sizes=\"(max-width: 960px) 100vw, 960px\" \/><\/p>\n<p><strong>&#8216;M\u00edsticos&#8217;<\/strong> muestra el relato del misticismo en la historia de la cultura occidental a trav\u00e9s de las figuras de Santa Teresa de Jes\u00fas y San Juan de la Cruz y de su presencia en Caravaca de la Cruz, donde ambos fundaron conventos. Para ello, se ha recopilado <strong>una completa colecci\u00f3n de obras, entre esculturas, bordados, orfebrer\u00eda, y material bibliogr\u00e1fico, desde el siglo XVI al XXI.<\/strong><\/p>\n<p>Las<strong> obras que<\/strong> se exponen en Caravaca de la Cruz <strong>pertenecen<\/strong> a colecciones p\u00fablicas y privadas de distintos puntos de la geograf\u00eda espa\u00f1ola. En concreto, han cedido piezas el <strong>Museo Nacional del Prado, la Fundaci\u00f3n Santander, Colecci\u00f3n Abell\u00f3, el Museo Nacional de Escultura, el Museo de Bellas Artes de Murcia, la galer\u00eda Nieves Fern\u00e1ndez, los Carmelitas Descalzos, el Museo de Bellas Artes de Murcia y la Cofrad\u00eda de la Vera Cruz.<\/strong><\/p>\n<p>La exposici\u00f3n <strong>&#8216;M\u00edsticos&#8217; Santa Teresa y San Juan de la Cruz, luz en el Siglo de Oro\u2019<\/strong> tiene a la Fundaci\u00f3n Camino de la Cruz como patrocinador principal, con el apoyo del Ayuntamiento de Caravaca de la Cruz, la Comunidad Aut\u00f3noma, la Di\u00f3cesis de Cartagena y el Carmelo Descalzo. Los patronos de dicha fundaci\u00f3n son el Grupo Reina, Grupo Fuertes, Estrella Levante, La Caixa, Caf\u00e9s Salzillo, Limcamar, Interapothek y la Universidad Cat\u00f3lica San Antonio UCAM.<\/p>\n<p><img loading=\"lazy\" decoding=\"async\" class=\"aligncenter wp-image-7572 size-full\" src=\"https:\/\/www.turismocaravaca.com\/blog\/wp-content\/uploads\/2018\/09\/42745716_2060647190659425_410383820190121984_n.jpg\" alt=\"\" width=\"466\" height=\"960\" srcset=\"https:\/\/www.turismocaravaca.com\/blog\/wp-content\/uploads\/2018\/09\/42745716_2060647190659425_410383820190121984_n.jpg 466w, https:\/\/www.turismocaravaca.com\/blog\/wp-content\/uploads\/2018\/09\/42745716_2060647190659425_410383820190121984_n-146x300.jpg 146w\" sizes=\"(max-width: 466px) 100vw, 466px\" \/><\/p>\n<p>Tambi\u00e9n han colaborado con el proyecto otras empresas y entidades como la Fundaci\u00f3n Santander, la Fundaci\u00f3n Cajamurcia, Automoci\u00f3n del Noroeste (Aunorsa), Desguaces Par\u00eds y Casa del Pintor. La exposici\u00f3n permanecer\u00e1 abierta al p\u00fablico de 11.00 a 14.00 y de 17.00 a 19.00 horas (cerrado domingos por la tarde y lunes). Se realizar\u00e1n<strong> visitas guiadas gratuitas a las 11.15, 12.30 y 17.30<\/strong> <strong>horas<\/strong>, previa reserva de plaza en el <strong>tel\u00e9fono 868 175 188.<\/strong><\/td>\n<\/tr>\n<\/tbody>\n<\/table>\n","protected":false},"excerpt":{"rendered":"<p>&nbsp; 19\/10\/18. Cerca de ochenta obras de grandes maestros de la pintura y la escultura universal forman parte de la exposici\u00f3n &#8216;M\u00edsticos&#8217;. Santa Teresa y San Juan de la Cruz, luz en el Siglo de Oro\u2019, que abri\u00f3 el 29 de septiembre sus puertas y permanecer\u00e1, en la sala de la antigua iglesia de la [&hellip;]<\/p>\n","protected":false},"author":2,"featured_media":0,"comment_status":"open","ping_status":"open","sticky":false,"template":"","format":"standard","meta":{"footnotes":""},"categories":[4,2126,16,28],"tags":[869,1805,1816],"class_list":["post-7622","post","type-post","status-publish","format-standard","hentry","category-arte","category-espanol","category-exposiones","category-pintura-2","tag-exposicion","tag-san-juan-de-la-cruz","tag-santa-teresa-de-jesus"],"_links":{"self":[{"href":"https:\/\/www.turismocaravaca.com\/blog\/wp-json\/wp\/v2\/posts\/7622"}],"collection":[{"href":"https:\/\/www.turismocaravaca.com\/blog\/wp-json\/wp\/v2\/posts"}],"about":[{"href":"https:\/\/www.turismocaravaca.com\/blog\/wp-json\/wp\/v2\/types\/post"}],"author":[{"embeddable":true,"href":"https:\/\/www.turismocaravaca.com\/blog\/wp-json\/wp\/v2\/users\/2"}],"replies":[{"embeddable":true,"href":"https:\/\/www.turismocaravaca.com\/blog\/wp-json\/wp\/v2\/comments?post=7622"}],"version-history":[{"count":1,"href":"https:\/\/www.turismocaravaca.com\/blog\/wp-json\/wp\/v2\/posts\/7622\/revisions"}],"predecessor-version":[{"id":7627,"href":"https:\/\/www.turismocaravaca.com\/blog\/wp-json\/wp\/v2\/posts\/7622\/revisions\/7627"}],"wp:attachment":[{"href":"https:\/\/www.turismocaravaca.com\/blog\/wp-json\/wp\/v2\/media?parent=7622"}],"wp:term":[{"taxonomy":"category","embeddable":true,"href":"https:\/\/www.turismocaravaca.com\/blog\/wp-json\/wp\/v2\/categories?post=7622"},{"taxonomy":"post_tag","embeddable":true,"href":"https:\/\/www.turismocaravaca.com\/blog\/wp-json\/wp\/v2\/tags?post=7622"}],"curies":[{"name":"wp","href":"https:\/\/api.w.org\/{rel}","templated":true}]}}