{"id":7654,"date":"2018-11-06T13:25:59","date_gmt":"2018-11-06T12:25:59","guid":{"rendered":"http:\/\/www.turismocaravaca.com\/blog\/?p=7654"},"modified":"2018-11-06T13:25:59","modified_gmt":"2018-11-06T12:25:59","slug":"el-ascenso-a-mojantes-un-recorrido-apasionante","status":"publish","type":"post","link":"https:\/\/www.turismocaravaca.com\/blog\/el-ascenso-a-mojantes-un-recorrido-apasionante\/","title":{"rendered":"&#8216;El ascenso a Mojantes&#8217;, un recorrido apasionante."},"content":{"rendered":"<p>La <strong>Sierra de Mojantes<\/strong> est\u00e1 situada en la Carretera de Granada, en direcci\u00f3n a Puebla de Don Fadrique, pertenece a<strong> Caravaca de la Cruz<\/strong>, y su cumbre, con 1611 metros de altitud, es el punto m\u00e1s alto de todo el municipio.<\/p>\n<p>Sin embargo, no aparenta lo que realmente es: cuando uno pasa por la carretera y mira a la derecha no ve m\u00e1s que un mazacote semipelado. Tras esta ascensi\u00f3n, que exige un esfuerzo f\u00edsico considerable, volveremos con una visi\u00f3n completamente distinta.<\/p>\n<p><img loading=\"lazy\" decoding=\"async\" class=\"wp-image-7655  aligncenter\" src=\"https:\/\/www.turismocaravaca.com\/blog\/wp-content\/uploads\/2018\/11\/1493662262mojantes-12.jpg\" alt=\"\" width=\"723\" height=\"543\" srcset=\"https:\/\/www.turismocaravaca.com\/blog\/wp-content\/uploads\/2018\/11\/1493662262mojantes-12.jpg 1000w, https:\/\/www.turismocaravaca.com\/blog\/wp-content\/uploads\/2018\/11\/1493662262mojantes-12-300x225.jpg 300w, https:\/\/www.turismocaravaca.com\/blog\/wp-content\/uploads\/2018\/11\/1493662262mojantes-12-768x576.jpg 768w\" sizes=\"(max-width: 723px) 100vw, 723px\" \/><\/p>\n<p>Por dar unos apuntes t\u00e9cnicos, diremos que la ida son 3\u20198 kil\u00f3metros, y el desnivel acumulado es de nada menos que 613 metros. El tiempo total estimado de ida y vuelta es de unas 4 horas y media, tranquilamente, siempre en funci\u00f3n de las paradas.<\/p>\n<p><img loading=\"lazy\" decoding=\"async\" class=\"aligncenter wp-image-7656 size-full\" src=\"https:\/\/www.turismocaravaca.com\/blog\/wp-content\/uploads\/2018\/11\/mojantes-6.jpg\" alt=\"\" width=\"4160\" height=\"3120\" srcset=\"https:\/\/www.turismocaravaca.com\/blog\/wp-content\/uploads\/2018\/11\/mojantes-6.jpg 4160w, https:\/\/www.turismocaravaca.com\/blog\/wp-content\/uploads\/2018\/11\/mojantes-6-300x225.jpg 300w, https:\/\/www.turismocaravaca.com\/blog\/wp-content\/uploads\/2018\/11\/mojantes-6-768x576.jpg 768w, https:\/\/www.turismocaravaca.com\/blog\/wp-content\/uploads\/2018\/11\/mojantes-6-1024x768.jpg 1024w\" sizes=\"(max-width: 4160px) 100vw, 4160px\" \/><\/p>\n<p>La Sierra de Mojantes es la cumbre m\u00e1s alta de Caravaca.\u00a0 Adem\u00e1s este monte solitario,<strong> es una atalaya<\/strong> inmejorable <strong>para contemplar todo el altiplano del Campo de Caravaca y las sierras que lo rodean<\/strong>. En Mojantes se puede ver buitre leonado, \u00e1guila real, chova piquirroja o cabra mont\u00e9s \u00a0muy probablemente, por lo que se aconseja llevar unos prism\u00e1ticos siempre a punto.<\/p>\n<p>Los buitres campan a sus anchas en este cielo. Con solo levantar la cabeza puedes ver estas aves con su sosegado y elegante vuelo.<\/p>\n<p>Esta sierra est\u00e1 <strong>declarada Zona de Especial Protecci\u00f3n para las Aves<\/strong> (ZEPA), y se ha conseguido repoblar de buitre leonado.<\/p>\n<p><img loading=\"lazy\" decoding=\"async\" class=\"aligncenter wp-image-7657 \" src=\"https:\/\/www.turismocaravaca.com\/blog\/wp-content\/uploads\/2018\/11\/1493662264mojantes-13.jpg\" alt=\"\" width=\"685\" height=\"514\" srcset=\"https:\/\/www.turismocaravaca.com\/blog\/wp-content\/uploads\/2018\/11\/1493662264mojantes-13.jpg 1000w, https:\/\/www.turismocaravaca.com\/blog\/wp-content\/uploads\/2018\/11\/1493662264mojantes-13-300x225.jpg 300w, https:\/\/www.turismocaravaca.com\/blog\/wp-content\/uploads\/2018\/11\/1493662264mojantes-13-768x576.jpg 768w\" sizes=\"(max-width: 685px) 100vw, 685px\" \/><\/p>\n<p>La vegetaci\u00f3n durante todo este recorrido es muy variada. Empezamos\u00a0 viendo pinos, romeros, enebros, sabinas y encinas como vegetaci\u00f3n dominante.<\/p>\n<p>La vista desde esta cumbre es inmensa y no s\u00f3lo por su altura: \u00a0en direcci\u00f3n sur la gran llanura del Campo de Caravaca en la que destaca el Cerro del Carro; m\u00e1s all\u00e1 sierras de diferentes t\u00e9rminos municipales de Murcia, Almer\u00eda y Granada; al este, buena parte de la Regi\u00f3n Murciana aparece a la vista; al norte, muchas sierras de Moratalla que por su altura no dejan ver m\u00e1s all\u00e1; Hacia el\u00a0 oeste, La Sagra, La Sierra de las Cabras, Revolcadores; ciertamente Mojantes es una atalaya excepcional para una extensi\u00f3n enorme de terreno.<\/p>\n<p>&nbsp;<\/p>\n<p>Fuentes:<\/p>\n<p>-www.ecumatur.com<\/p>\n<p>&nbsp;<\/p>\n","protected":false},"excerpt":{"rendered":"<p>La Sierra de Mojantes est\u00e1 situada en la Carretera de Granada, en direcci\u00f3n a Puebla de Don Fadrique, pertenece a Caravaca de la Cruz, y su cumbre, con 1611 metros de altitud, es el punto m\u00e1s alto de todo el municipio. Sin embargo, no aparenta lo que realmente es: cuando uno pasa por la carretera [&hellip;]<\/p>\n","protected":false},"author":2,"featured_media":0,"comment_status":"open","ping_status":"open","sticky":false,"template":"","format":"standard","meta":{"footnotes":""},"categories":[2126,26,30],"tags":[1442],"class_list":["post-7654","post","type-post","status-publish","format-standard","hentry","category-espanol","category-naturaleza-2","category-rutas","tag-naturaleza"],"_links":{"self":[{"href":"https:\/\/www.turismocaravaca.com\/blog\/wp-json\/wp\/v2\/posts\/7654"}],"collection":[{"href":"https:\/\/www.turismocaravaca.com\/blog\/wp-json\/wp\/v2\/posts"}],"about":[{"href":"https:\/\/www.turismocaravaca.com\/blog\/wp-json\/wp\/v2\/types\/post"}],"author":[{"embeddable":true,"href":"https:\/\/www.turismocaravaca.com\/blog\/wp-json\/wp\/v2\/users\/2"}],"replies":[{"embeddable":true,"href":"https:\/\/www.turismocaravaca.com\/blog\/wp-json\/wp\/v2\/comments?post=7654"}],"version-history":[{"count":1,"href":"https:\/\/www.turismocaravaca.com\/blog\/wp-json\/wp\/v2\/posts\/7654\/revisions"}],"predecessor-version":[{"id":7658,"href":"https:\/\/www.turismocaravaca.com\/blog\/wp-json\/wp\/v2\/posts\/7654\/revisions\/7658"}],"wp:attachment":[{"href":"https:\/\/www.turismocaravaca.com\/blog\/wp-json\/wp\/v2\/media?parent=7654"}],"wp:term":[{"taxonomy":"category","embeddable":true,"href":"https:\/\/www.turismocaravaca.com\/blog\/wp-json\/wp\/v2\/categories?post=7654"},{"taxonomy":"post_tag","embeddable":true,"href":"https:\/\/www.turismocaravaca.com\/blog\/wp-json\/wp\/v2\/tags?post=7654"}],"curies":[{"name":"wp","href":"https:\/\/api.w.org\/{rel}","templated":true}]}}