{"id":7659,"date":"2018-11-08T18:43:04","date_gmt":"2018-11-08T17:43:04","guid":{"rendered":"http:\/\/www.turismocaravaca.com\/blog\/?p=7659"},"modified":"2018-11-08T18:43:04","modified_gmt":"2018-11-08T17:43:04","slug":"de-tapas-en-caravaca-quinta-edicion","status":"publish","type":"post","link":"https:\/\/www.turismocaravaca.com\/blog\/de-tapas-en-caravaca-quinta-edicion\/","title":{"rendered":"&#8216;De tapas en Caravaca&#8217; quinta edici\u00f3n."},"content":{"rendered":"<p style=\"text-align: center;\"><strong>\u2018De tapas en Caravaca\u2019<\/strong> es un evento gastron\u00f3mico que se celebra en Caravaca de la Cruz por quinto a\u00f1o consecutivo.<\/p>\n<p>&nbsp;<\/p>\n<p><img loading=\"lazy\" decoding=\"async\" class=\"aligncenter wp-image-7660 size-large\" src=\"https:\/\/www.turismocaravaca.com\/blog\/wp-content\/uploads\/2018\/11\/Cartel-DeTAPAS-5\u00aaEd-ok-red-724x1024.jpg\" alt=\"\" width=\"724\" height=\"1024\" srcset=\"https:\/\/www.turismocaravaca.com\/blog\/wp-content\/uploads\/2018\/11\/Cartel-DeTAPAS-5\u00aaEd-ok-red-724x1024.jpg 724w, https:\/\/www.turismocaravaca.com\/blog\/wp-content\/uploads\/2018\/11\/Cartel-DeTAPAS-5\u00aaEd-ok-red-212x300.jpg 212w, https:\/\/www.turismocaravaca.com\/blog\/wp-content\/uploads\/2018\/11\/Cartel-DeTAPAS-5\u00aaEd-ok-red-768x1086.jpg 768w\" sizes=\"(max-width: 724px) 100vw, 724px\" \/><\/p>\n<p>Esta iniciativa intenta promover nuestra gastronom\u00eda a la vez que es un revulsivo para los\u00a0 establecimientos participantes. Nuestros hosteleros \u00a0experimentan e innovan buscando la mejor creaci\u00f3n con la que agasajar a sus clientes.<\/p>\n<p>Este a\u00f1o el pistoletazo de salida ser\u00e1 este<strong> viernes nueve de noviembre<\/strong>. Participar\u00e1n un total de veinte establecimientos y por un m\u00f3dico precio de<strong> dos euros y medio<\/strong> podr\u00e9is paladear una sabrosa <strong>tapa acompa\u00f1ada de un quinto<\/strong> fresquito.<\/p>\n<p><strong>Viernes, s\u00e1bados y domingo a medio<\/strong> d\u00eda ser\u00e1n los dedicados a esta actividad la cu\u00e1l <strong>finalizar\u00e1 el veinticinco de<\/strong> <strong>noviembre.<\/strong><\/p>\n<p>Las personas que participen en \u2018De Tapas en Caravaca\u2019 pondr\u00e1n valorar las propuestas gastron\u00f3micas y optar a distintos premios, sellando la cartilla en los establecimientos. El <strong>primer premio<\/strong> consistir\u00e1 en <strong>500 euros<\/strong> para consumir en comercios de la Asociaci\u00f3n de Comerciantes y Hosteleros y una cena en \u2018El Olivar\u2019; adem\u00e1s <strong>habr\u00e1 otros<\/strong> <strong>cinco<\/strong> premios consistentes en escapadas a balnearios y alojamientos rurales, acompa\u00f1adas por lotes de productos de los distintos patrocinadores.<\/p>\n<p>Como ha ocurrido en las anteriores ediciones, el usuario de la red social Twitter que consiga mayor n\u00famero de \u201cretuits\u201d, con la etiqueta #DeTapasEnCaravaca y foto de la tapa o c\u00f3ctel, recibir\u00e1 un lote de productos Estrella Levante.<\/p>\n<p>Toda la informaci\u00f3n en el siguiente enlace:<\/p>\n<p>http:\/\/www.turismocaravaca.com\/images\/jevents\/5be2dab722ad74.25295653.pdf<\/p>\n","protected":false},"excerpt":{"rendered":"<p>\u2018De tapas en Caravaca\u2019 es un evento gastron\u00f3mico que se celebra en Caravaca de la Cruz por quinto a\u00f1o consecutivo. &nbsp; Esta iniciativa intenta promover nuestra gastronom\u00eda a la vez que es un revulsivo para los\u00a0 establecimientos participantes. Nuestros hosteleros \u00a0experimentan e innovan buscando la mejor creaci\u00f3n con la que agasajar a sus clientes. Este [&hellip;]<\/p>\n","protected":false},"author":2,"featured_media":0,"comment_status":"open","ping_status":"open","sticky":false,"template":"","format":"standard","meta":{"footnotes":""},"categories":[2126,19],"tags":[101,1024],"class_list":["post-7659","post","type-post","status-publish","format-standard","hentry","category-espanol","category-gastronomia-3","tag-actividades-2","tag-gastronomia"],"_links":{"self":[{"href":"https:\/\/www.turismocaravaca.com\/blog\/wp-json\/wp\/v2\/posts\/7659"}],"collection":[{"href":"https:\/\/www.turismocaravaca.com\/blog\/wp-json\/wp\/v2\/posts"}],"about":[{"href":"https:\/\/www.turismocaravaca.com\/blog\/wp-json\/wp\/v2\/types\/post"}],"author":[{"embeddable":true,"href":"https:\/\/www.turismocaravaca.com\/blog\/wp-json\/wp\/v2\/users\/2"}],"replies":[{"embeddable":true,"href":"https:\/\/www.turismocaravaca.com\/blog\/wp-json\/wp\/v2\/comments?post=7659"}],"version-history":[{"count":1,"href":"https:\/\/www.turismocaravaca.com\/blog\/wp-json\/wp\/v2\/posts\/7659\/revisions"}],"predecessor-version":[{"id":7661,"href":"https:\/\/www.turismocaravaca.com\/blog\/wp-json\/wp\/v2\/posts\/7659\/revisions\/7661"}],"wp:attachment":[{"href":"https:\/\/www.turismocaravaca.com\/blog\/wp-json\/wp\/v2\/media?parent=7659"}],"wp:term":[{"taxonomy":"category","embeddable":true,"href":"https:\/\/www.turismocaravaca.com\/blog\/wp-json\/wp\/v2\/categories?post=7659"},{"taxonomy":"post_tag","embeddable":true,"href":"https:\/\/www.turismocaravaca.com\/blog\/wp-json\/wp\/v2\/tags?post=7659"}],"curies":[{"name":"wp","href":"https:\/\/api.w.org\/{rel}","templated":true}]}}