{"id":7673,"date":"2018-11-20T18:05:42","date_gmt":"2018-11-20T17:05:42","guid":{"rendered":"http:\/\/www.turismocaravaca.com\/blog\/?p=7673"},"modified":"2018-11-21T12:07:14","modified_gmt":"2018-11-21T11:07:14","slug":"misticos-exposicion-extraordinaria-con-algunos-de-los-mejores-artistas-del-siglo-de-oro","status":"publish","type":"post","link":"https:\/\/www.turismocaravaca.com\/blog\/misticos-exposicion-extraordinaria-con-algunos-de-los-mejores-artistas-del-siglo-de-oro\/","title":{"rendered":"&#8216;M\u00edsticos&#8217; exposici\u00f3n extraordinaria con algunos de los mejores artistas del siglo de Oro."},"content":{"rendered":"<p style=\"text-align: center;\"><strong>Jos\u00e9 de Ribera y su \u2018San Pedro\u2019en \u2018MISTICOS\u2019.<\/strong><\/p>\n<p><img loading=\"lazy\" decoding=\"async\" class=\"aligncenter wp-image-7676 size-full\" src=\"https:\/\/www.turismocaravaca.com\/blog\/wp-content\/uploads\/2018\/11\/Captura.jpg\" alt=\"\" width=\"446\" height=\"592\" srcset=\"https:\/\/www.turismocaravaca.com\/blog\/wp-content\/uploads\/2018\/11\/Captura.jpg 446w, https:\/\/www.turismocaravaca.com\/blog\/wp-content\/uploads\/2018\/11\/Captura-226x300.jpg 226w\" sizes=\"(max-width: 446px) 100vw, 446px\" \/><\/p>\n<p><strong>\u00a0<\/strong><\/p>\n<p>Este trabajo est\u00e1 dedicado a un ilustre pintor valenciano Jos\u00e9 de Ribera, <strong>\u00abel Espa\u00f1oleto\u00bb<\/strong>, este apodo le qued\u00f3 de cuando estuvo estudiando a los cl\u00e1sicos en Italia, por su bravura, su corta estatura y algunos cuentan que por sus continuas pendencias. Fue disc\u00edpulo de Francisco Ribalta, y parece ser que hacia 1610 se traslad\u00f3 a Italia llevado por su vocaci\u00f3n pict\u00f3rica.<br \/>\n<strong><br \/>\n<\/strong>Tambi\u00e9n hay que reconocer que gran parte de su obra, la pint\u00f3 en Italia, pa\u00eds donde vivi\u00f3 muchos a\u00f1os, y estuvo muy influenciado por Caravaggio, Tiziano, Veron\u00e9s, Rembrandt y otros pintores renacentistas.<\/p>\n<p>Dejando el car\u00e1cter a un lado, no cabe duda que ha sido <strong>uno de los grandes pintores espa\u00f1oles de su \u00e9poca<\/strong>, cuentan que<strong> por el dominio de su t\u00e9cnica y su af\u00e1n perfeccionista.<\/strong><\/p>\n<p>La perfecci\u00f3n de su t\u00e9cnica, la solidez imbatible del dibujo el impacto de su obra, habituadas las retinas y estragado el gusto por los artificios manieristas, le merecieron sin tardanza clientes, fama y dinero. Se vio obligado a huir de Roma y refugiarse en N\u00e1poles, donde labr\u00f3 su fama y perfeccion\u00f3 su estilo; \u00a0all\u00ed se cas\u00f3 con Catalina Azzorino y all\u00ed nacieron sus cinco hijos.<\/p>\n<p><strong><img loading=\"lazy\" decoding=\"async\" class=\"aligncenter wp-image-7675 size-full\" src=\"https:\/\/www.turismocaravaca.com\/blog\/wp-content\/uploads\/2018\/11\/San-Pedro-de-Jos\u00e9-Ribera.jpg\" alt=\"\" width=\"507\" height=\"640\" srcset=\"https:\/\/www.turismocaravaca.com\/blog\/wp-content\/uploads\/2018\/11\/San-Pedro-de-Jos\u00e9-Ribera.jpg 507w, https:\/\/www.turismocaravaca.com\/blog\/wp-content\/uploads\/2018\/11\/San-Pedro-de-Jos\u00e9-Ribera-238x300.jpg 238w\" sizes=\"(max-width: 507px) 100vw, 507px\" \/><\/strong><\/p>\n<p>Poco a poco se fue alejando de los violentos contrastes tenebristas, su pintura se fue haciendo m\u00e1s clara y luminosa. Los fondos negros y abetunados se convirtieron en amables paisajes.<\/p>\n<p>El vigoroso naturalismo de sus primeras obras deja paso a un picyorismo m\u00e1s delicado y la gama crom\u00e1tica se rebaja a unos tonos terrosos. Como en las obras maduras, los fuertes contrastes claroscuristas son sustituidos por un uso m\u00e1s natural de la luz.<\/p>\n<p>A la muerte de su esposa, envejecido, vuelve a ennegrecer sus fondos, borra el paisaje luminoso. Sus personajes surgen de la oscura noche o parecen volver a el.<\/p>\n<p><img loading=\"lazy\" decoding=\"async\" class=\"aligncenter wp-image-7674 size-large\" src=\"https:\/\/www.turismocaravaca.com\/blog\/wp-content\/uploads\/2018\/11\/San-Pedro-penitente-Jos\u00e9-de-Ribera-1024x1024.jpg\" alt=\"\" width=\"768\" height=\"768\" srcset=\"https:\/\/www.turismocaravaca.com\/blog\/wp-content\/uploads\/2018\/11\/San-Pedro-penitente-Jos\u00e9-de-Ribera-1024x1024.jpg 1024w, https:\/\/www.turismocaravaca.com\/blog\/wp-content\/uploads\/2018\/11\/San-Pedro-penitente-Jos\u00e9-de-Ribera-150x150.jpg 150w, https:\/\/www.turismocaravaca.com\/blog\/wp-content\/uploads\/2018\/11\/San-Pedro-penitente-Jos\u00e9-de-Ribera-300x300.jpg 300w, https:\/\/www.turismocaravaca.com\/blog\/wp-content\/uploads\/2018\/11\/San-Pedro-penitente-Jos\u00e9-de-Ribera-768x768.jpg 768w, https:\/\/www.turismocaravaca.com\/blog\/wp-content\/uploads\/2018\/11\/San-Pedro-penitente-Jos\u00e9-de-Ribera.jpg 1080w\" sizes=\"(max-width: 768px) 100vw, 768px\" \/><\/p>\n<p>Tras haber renegado tres veces de Cristo despu\u00e9s de su captura en el monte de los Olivos, San Pedro muestra su arrepentimiento. Esta tem\u00e1tica ser\u00e1 muy frecuente en la iconograf\u00eda occidental, desde El Greco a Ribera. El maestro valenciano nos muestra aqu\u00ed una forma bastante rara de tratar el asunto ya que el santo se encuentra en un interior, en pie, apoyando su cuerpo en una gran losa c\u00fabica que cubre con su manto. Eleva la cabeza y la mirada al cielo y con sus manos refuerza el gesto de arrepentimiento. La monumental figura se recorta ante un fondo neutro, creando un doble plano de perspectiva, y recibe un potente foco de luz procedente de la izquierda que resalta su naturalismo, tomando Ribera como modelo a un hombre de su entorno, humanizando de esta manera el asunto y dotando de cotidianeidad a la imagen. Las arrugadas manos recuerdan a la serie de los Cinco Sentidos pero la t\u00e9cnica m\u00e1s r\u00e1pida y menos \u00e1spera sit\u00faan este trabajo en la d\u00e9cada de 1630. La influencia de Caravaggio sigue presente pero el valenciano toma una l\u00ednea cada vez m\u00e1s personal.<\/p>\n<p><strong>\u00a0<\/strong><\/p>\n<p>Fuentes:<\/p>\n<p>www.foroxerbar.com<\/p>\n","protected":false},"excerpt":{"rendered":"<p>Jos\u00e9 de Ribera y su \u2018San Pedro\u2019en \u2018MISTICOS\u2019. \u00a0 Este trabajo est\u00e1 dedicado a un ilustre pintor valenciano Jos\u00e9 de Ribera, \u00abel Espa\u00f1oleto\u00bb, este apodo le qued\u00f3 de cuando estuvo estudiando a los cl\u00e1sicos en Italia, por su bravura, su corta estatura y algunos cuentan que por sus continuas pendencias. Fue disc\u00edpulo de Francisco Ribalta, [&hellip;]<\/p>\n","protected":false},"author":2,"featured_media":0,"comment_status":"open","ping_status":"open","sticky":false,"template":"","format":"standard","meta":{"footnotes":""},"categories":[4,13,2126,16,28],"tags":[364,896],"class_list":["post-7673","post","type-post","status-publish","format-standard","hentry","category-arte","category-escultura-2","category-espanol","category-exposiones","category-pintura-2","tag-caravaca-de-la-cruz","tag-exposiciones"],"_links":{"self":[{"href":"https:\/\/www.turismocaravaca.com\/blog\/wp-json\/wp\/v2\/posts\/7673"}],"collection":[{"href":"https:\/\/www.turismocaravaca.com\/blog\/wp-json\/wp\/v2\/posts"}],"about":[{"href":"https:\/\/www.turismocaravaca.com\/blog\/wp-json\/wp\/v2\/types\/post"}],"author":[{"embeddable":true,"href":"https:\/\/www.turismocaravaca.com\/blog\/wp-json\/wp\/v2\/users\/2"}],"replies":[{"embeddable":true,"href":"https:\/\/www.turismocaravaca.com\/blog\/wp-json\/wp\/v2\/comments?post=7673"}],"version-history":[{"count":2,"href":"https:\/\/www.turismocaravaca.com\/blog\/wp-json\/wp\/v2\/posts\/7673\/revisions"}],"predecessor-version":[{"id":7678,"href":"https:\/\/www.turismocaravaca.com\/blog\/wp-json\/wp\/v2\/posts\/7673\/revisions\/7678"}],"wp:attachment":[{"href":"https:\/\/www.turismocaravaca.com\/blog\/wp-json\/wp\/v2\/media?parent=7673"}],"wp:term":[{"taxonomy":"category","embeddable":true,"href":"https:\/\/www.turismocaravaca.com\/blog\/wp-json\/wp\/v2\/categories?post=7673"},{"taxonomy":"post_tag","embeddable":true,"href":"https:\/\/www.turismocaravaca.com\/blog\/wp-json\/wp\/v2\/tags?post=7673"}],"curies":[{"name":"wp","href":"https:\/\/api.w.org\/{rel}","templated":true}]}}