{"id":7689,"date":"2018-11-27T13:06:58","date_gmt":"2018-11-27T12:06:58","guid":{"rendered":"http:\/\/www.turismocaravaca.com\/blog\/?p=7689"},"modified":"2018-11-28T10:11:04","modified_gmt":"2018-11-28T09:11:04","slug":"misticos-murillo-y-luis-de-morales","status":"publish","type":"post","link":"https:\/\/www.turismocaravaca.com\/blog\/misticos-murillo-y-luis-de-morales\/","title":{"rendered":"&#8216;M\u00edsticos&#8217;: Murillo y Luis de Morales."},"content":{"rendered":"<p><strong>\u2018Ecce Homo\u2019 de \u00a0Murillo<\/strong><\/p>\n<p>El &#8216;Ecce Homo&#8217; de Murillo representa el episodio b\u00edblico de<strong> la Pasi\u00f3n de Cristo<\/strong>. El pintor plasma a Cristo maniatado, con una corona de espinas, una ca\u00f1a en la mano a modo de b\u00e1culo y un manto p\u00farpura en el regazo, s\u00edmbolos del escarnio al que fue sometido. Su composici\u00f3n responde a un modelo com\u00fan de fuerte raigambre que se remonta al g\u00f3tico y que evoluciona para insertarse en las diversas corrientes art\u00edsticas.<\/p>\n<p>Una de las destrezas m\u00e1s aguzadas de <strong>Murillo<\/strong> era su <strong>capacidad para plasmar emociones y sentimientos en los rostros<\/strong> que pintaba, lo cual, en este retrato est\u00e1 generosamente conseguido.<\/p>\n<p><img loading=\"lazy\" decoding=\"async\" class=\"aligncenter wp-image-7691 size-full\" src=\"https:\/\/www.turismocaravaca.com\/blog\/wp-content\/uploads\/2018\/11\/Ecce-Homo-Murillo.jpg\" alt=\"\" width=\"432\" height=\"640\" srcset=\"https:\/\/www.turismocaravaca.com\/blog\/wp-content\/uploads\/2018\/11\/Ecce-Homo-Murillo.jpg 432w, https:\/\/www.turismocaravaca.com\/blog\/wp-content\/uploads\/2018\/11\/Ecce-Homo-Murillo-203x300.jpg 203w\" sizes=\"(max-width: 432px) 100vw, 432px\" \/><\/p>\n<p>&nbsp;<\/p>\n<p><strong>\u2018Ecce Homo\u2019 de Luis de Morales<\/strong><\/p>\n<p>La representaci\u00f3n del <em>Ecce Homo<\/em> es una de las m\u00e1s frecuentes y personales dentro de su producci\u00f3n, cuyo repertorio tem\u00e1tico no fue muy variado pero s\u00ed extraordinariamente eficaz en su voluntad de crear im\u00e1genes de piadoso fervor. En ellas el artista logr\u00f3 plasmar la expresi\u00f3n del misticismo espa\u00f1ol de la \u00e9poca y su acierto propici\u00f3 la existencia de numerosos ejemplos de taller y de imitadores, que devaluaron la calidad de su aportaci\u00f3n y perjudicaron su estimaci\u00f3n posterior.<\/p>\n<p>En esta obra, Jes\u00fas, coronado de espinas, cruza sus brazos delante del pecho con las manos atadas con una gruesa soga, que tambi\u00e9n aparece anudada alrededor del cuello, y no lleva el manto p\u00farpura que suele cubrir sus hombros en otros ejemplos de la <em>Ostentatio Christi<\/em> ni sostiene entre sus manos la ca\u00f1a del ludibrio, lo que fue criticado por Francisco Pacheco en su <em>Arte de la pintura<\/em>. <strong>El modelo<\/strong>, que <strong>presenta un suave <em>sfumato<\/em> <\/strong>de origen leonardesco es, seg\u00fan E. du Gu\u00e9 Trapier, de procedencia lombarda, relacionado con el arte de Gian Petrino. <strong>Su rostro expresa<\/strong> <strong>serena resignaci\u00f3n y la mirada es sumisa<\/strong>, <strong>pero<\/strong> tiene<strong> los ojos m\u00e1s abiertos que en otros ejemplos<\/strong>, siguiendo una tipolog\u00eda m\u00e1s cercana a las im\u00e1genes del nazareno. El artista acent\u00faa el <strong>car\u00e1cter dram\u00e1tico de la representaci\u00f3n<\/strong> recortando la figura sobre un oscuro fondo, en el que prescinde de toda connotaci\u00f3n espacial. Con ello sigue la doctrina del Concilio de Trento que exig\u00eda decoro en las representaciones religiosas y desechar en ellas todo lo ajeno a la espiritualidad de la obra. No pretende narrar un momento preciso de la Pasi\u00f3n de Cristo, sino pintar una figura desamparada que incite a la meditaci\u00f3n, una imagen m\u00e1s mental que real, convirti\u00e9ndose as\u00ed en un veh\u00edculo para la oraci\u00f3n. Esta concepci\u00f3n pict\u00f3rica es consecuencia de la espiritualidad de la \u00e9poca y de pensamientos religiosos como el de fray Luis de Granada (1504-1588) quien, en sus preceptos de meditaci\u00f3n emocional, reitera la necesidad de una imagen mental que, sin duda, podr\u00eda apoyarse en obras como esta. Tambi\u00e9n responde a la ideolog\u00eda trentina, cuyo sentimiento pasionista debi\u00f3 de aprender de san Juan de Ribera, de quien fue pintor de c\u00e1mara cuando este ocup\u00f3 la sede episcopal de Badajoz entre 1562 y 1568.<\/p>\n<p><img loading=\"lazy\" decoding=\"async\" class=\"aligncenter wp-image-7692 size-large\" src=\"https:\/\/www.turismocaravaca.com\/blog\/wp-content\/uploads\/2018\/11\/0_luis_de_morales_ecce_homo_google_art_project_-664x1024.jpg\" alt=\"\" width=\"664\" height=\"1024\" srcset=\"https:\/\/www.turismocaravaca.com\/blog\/wp-content\/uploads\/2018\/11\/0_luis_de_morales_ecce_homo_google_art_project_.jpg 664w, https:\/\/www.turismocaravaca.com\/blog\/wp-content\/uploads\/2018\/11\/0_luis_de_morales_ecce_homo_google_art_project_-195x300.jpg 195w\" sizes=\"(max-width: 664px) 100vw, 664px\" \/><\/p>\n<p>Fuentes:<\/p>\n<p>-www.laverdad.es<\/p>\n<p>-www.fundacionbancosantander.com<\/p>\n","protected":false},"excerpt":{"rendered":"<p>\u2018Ecce Homo\u2019 de \u00a0Murillo El &#8216;Ecce Homo&#8217; de Murillo representa el episodio b\u00edblico de la Pasi\u00f3n de Cristo. El pintor plasma a Cristo maniatado, con una corona de espinas, una ca\u00f1a en la mano a modo de b\u00e1culo y un manto p\u00farpura en el regazo, s\u00edmbolos del escarnio al que fue sometido. Su composici\u00f3n responde [&hellip;]<\/p>\n","protected":false},"author":2,"featured_media":0,"comment_status":"open","ping_status":"open","sticky":false,"template":"","format":"standard","meta":{"footnotes":""},"categories":[4,2126,28],"tags":[364,869],"class_list":["post-7689","post","type-post","status-publish","format-standard","hentry","category-arte","category-espanol","category-pintura-2","tag-caravaca-de-la-cruz","tag-exposicion"],"_links":{"self":[{"href":"https:\/\/www.turismocaravaca.com\/blog\/wp-json\/wp\/v2\/posts\/7689"}],"collection":[{"href":"https:\/\/www.turismocaravaca.com\/blog\/wp-json\/wp\/v2\/posts"}],"about":[{"href":"https:\/\/www.turismocaravaca.com\/blog\/wp-json\/wp\/v2\/types\/post"}],"author":[{"embeddable":true,"href":"https:\/\/www.turismocaravaca.com\/blog\/wp-json\/wp\/v2\/users\/2"}],"replies":[{"embeddable":true,"href":"https:\/\/www.turismocaravaca.com\/blog\/wp-json\/wp\/v2\/comments?post=7689"}],"version-history":[{"count":2,"href":"https:\/\/www.turismocaravaca.com\/blog\/wp-json\/wp\/v2\/posts\/7689\/revisions"}],"predecessor-version":[{"id":7694,"href":"https:\/\/www.turismocaravaca.com\/blog\/wp-json\/wp\/v2\/posts\/7689\/revisions\/7694"}],"wp:attachment":[{"href":"https:\/\/www.turismocaravaca.com\/blog\/wp-json\/wp\/v2\/media?parent=7689"}],"wp:term":[{"taxonomy":"category","embeddable":true,"href":"https:\/\/www.turismocaravaca.com\/blog\/wp-json\/wp\/v2\/categories?post=7689"},{"taxonomy":"post_tag","embeddable":true,"href":"https:\/\/www.turismocaravaca.com\/blog\/wp-json\/wp\/v2\/tags?post=7689"}],"curies":[{"name":"wp","href":"https:\/\/api.w.org\/{rel}","templated":true}]}}