{"id":7699,"date":"2018-12-04T13:56:19","date_gmt":"2018-12-04T12:56:19","guid":{"rendered":"http:\/\/www.turismocaravaca.com\/blog\/?p=7699"},"modified":"2018-12-04T13:56:19","modified_gmt":"2018-12-04T12:56:19","slug":"xv-mercado-medieval-de-caravaca-de-la-cruz","status":"publish","type":"post","link":"https:\/\/www.turismocaravaca.com\/blog\/xv-mercado-medieval-de-caravaca-de-la-cruz\/","title":{"rendered":"XV Mercado Medieval de Caravaca de la Cruz"},"content":{"rendered":"<p><strong>\u00a0<\/strong><\/p>\n<h2><\/h2>\n<p><em>\u00a0<img loading=\"lazy\" decoding=\"async\" class=\"aligncenter wp-image-7700 size-large\" src=\"https:\/\/www.turismocaravaca.com\/blog\/wp-content\/uploads\/2018\/12\/MERCADO-MEDIEVAL-CARTEL-2018-723x1024.jpg\" alt=\"\" width=\"723\" height=\"1024\" srcset=\"https:\/\/www.turismocaravaca.com\/blog\/wp-content\/uploads\/2018\/12\/MERCADO-MEDIEVAL-CARTEL-2018-723x1024.jpg 723w, https:\/\/www.turismocaravaca.com\/blog\/wp-content\/uploads\/2018\/12\/MERCADO-MEDIEVAL-CARTEL-2018-212x300.jpg 212w, https:\/\/www.turismocaravaca.com\/blog\/wp-content\/uploads\/2018\/12\/MERCADO-MEDIEVAL-CARTEL-2018-768x1087.jpg 768w\" sizes=\"(max-width: 723px) 100vw, 723px\" \/><\/em><\/p>\n<p><strong>El mercado se celebra los d\u00edas 6, 7, 8 y 9 de diciembre, coincidiendo con el Puente de la Constituci\u00f3n, en el casco hist\u00f3rico de la localidad. <\/strong><strong>Esta edici\u00f3n viene acompa\u00f1ada de espect\u00e1culos novedosos y actividades como el \u2018Museo de la Tortura\u2019 o el \u2018Campamento Medieval\u2019 con recreaciones hist\u00f3ricas <\/strong><\/p>\n<p><strong>\u00a0<\/strong><\/p>\n<p>Unos <strong>200 artesanos<\/strong> llegados de numerosos puntos de la geograf\u00eda espa\u00f1ola y m\u00e1s de diez grupos de animaci\u00f3n formar\u00e1n parte de la decimoquinta edici\u00f3n del <strong>Mercado Medieval de Caravaca de la Cruz<\/strong>, cuya programaci\u00f3n ha sido presentada por la <strong>concejal de Turismo y Artesan\u00eda en el Consistorio caravaque\u00f1o, Gloria G\u00f3mez,<\/strong> acompa\u00f1ada por representantes de la asociaci\u00f3n de artesanos<strong> \u2018ArtAndante\u2019.<\/strong><\/p>\n<p>Durante los d\u00edas <strong>6, 7, 8 y 9 de diciembre<\/strong>, coincidiendo con el Puente de la Constituci\u00f3n, Caravaca regresar\u00e1 a su pasado medieval con este evento que consigue reunir cada a\u00f1o a miles de personas y que tiene lugar en parte de su casco hist\u00f3rico, promovido por el Ayuntamiento de Caravaca de la Cruz. A lo largo de cuatro d\u00edas se realizar\u00e1n espect\u00e1culos musicales y teatrales, demostraciones artesanales, talleres demostrativos de oficios tradicionales y numerosas actividades itinerantes dirigidas a todos los p\u00fablicos.<\/p>\n<p>La presente edici\u00f3n viene acompa\u00f1ada de varias novedades, como el<strong> \u2018Campamento Medieval\u2019<\/strong> del paseo de Santa Clara, donde se realizar\u00e1n recreaciones hist\u00f3ricas, o el <strong>Museo de la Tortura<\/strong>, que estar\u00e1 localizado en el claustro del antiguo convento de las Madres Carmelitas de la calle Mayor. Otro de los atractivos del mercado ser\u00e1n las exhibiciones de vuelo de aves rapaces <strong>\u2018\u00c1guilas del sol\u2019,<\/strong> que se realizar\u00e1n a las 13.30 y 17.30 horas en la calle Rafael Tejeo, junto a una <strong>exposici\u00f3n de reptiles, loros y animales de granja<\/strong> y charlas educativas sobre medio ambiente.<\/p>\n<p><img loading=\"lazy\" decoding=\"async\" class=\"aligncenter wp-image-7701 size-large\" src=\"https:\/\/www.turismocaravaca.com\/blog\/wp-content\/uploads\/2018\/12\/CARTEL-TORNEO-MEDIEVAL-2018-001-726x1024.jpg\" alt=\"\" width=\"726\" height=\"1024\" srcset=\"https:\/\/www.turismocaravaca.com\/blog\/wp-content\/uploads\/2018\/12\/CARTEL-TORNEO-MEDIEVAL-2018-001-726x1024.jpg 726w, https:\/\/www.turismocaravaca.com\/blog\/wp-content\/uploads\/2018\/12\/CARTEL-TORNEO-MEDIEVAL-2018-001-213x300.jpg 213w, https:\/\/www.turismocaravaca.com\/blog\/wp-content\/uploads\/2018\/12\/CARTEL-TORNEO-MEDIEVAL-2018-001-768x1084.jpg 768w, https:\/\/www.turismocaravaca.com\/blog\/wp-content\/uploads\/2018\/12\/CARTEL-TORNEO-MEDIEVAL-2018-001.jpg 1695w\" sizes=\"(max-width: 726px) 100vw, 726px\" \/><\/p>\n<p>El Gran Torneo Medieval llegar\u00e1 a la <strong>Plaza de Toros<\/strong> el s\u00e1bado, 8 de diciembre, a las 17.00 horas, de la mano de \u2018Legend Especialistas\u2019. Los mejores caballeros del Reino luchar\u00e1n por hacerse con <strong>\u2018Exc\u00e1libur\u2019<\/strong>. Las entradas est\u00e1n a la venta de forma anticipada en <a href=\"http:\/\/www.ticketea.com\">www.ticketea.com<\/a>.<\/p>\n<p>Pero el XV Mercado Medieval abrir\u00e1 sus puertas dos d\u00edas antes. En concreto, el jueves 6 de diciembre, con el pasacalles inaugural, que se iniciar\u00e1 a las 11.30 horas desde Plaza Paco Pim, amenizado por diversos grupos musicales y animaci\u00f3n, para finalizar en la Plaza del Arco con el ya tradicional preg\u00f3n de apertura.<\/p>\n<p>El XV Mercado Medieval de Caravaca de la Cruz estar\u00e1 abierto al p\u00fablico de forma ininterrumpida de 11.00 a 22.00 horas. La Oficina Municipal de Turismo de la calle Las Monjas y el Punto de Informaci\u00f3n Tur\u00edstica de la Plaza del Arco prestar\u00e1n sus servicios los d\u00edas 6, 7 y 8 de diciembre, de 10.00 a 14.00 y de 16.30 a 20.00 horas (el domingo, 9 de diciembre, permanecer\u00e1 abierta la Oficina Municipal de Turismo, de 10.00 a 14.00 horas).<\/p>\n<p>&nbsp;<\/p>\n<p>&nbsp;<\/p>\n<p>&nbsp;<\/p>\n<p><strong>PROGRAMACI\u00d3N<\/strong><\/p>\n<p>http:\/\/www.turismocaravaca.com\/images\/jevents\/5bfe5e63a915a2.08940334.pdf<\/p>\n<p>&nbsp;<\/p>\n<p><strong>Del jueves 6 a domingo 9<\/strong><\/p>\n<p><strong>\u00a0<\/strong><\/p>\n<p><strong>ACTIVIDADES DIARIAS<\/strong><\/p>\n<p><strong><u>\u00a0<\/u><\/strong><\/p>\n<p><strong>11:00 h. APERTURA DEL MERCADO.<\/strong><\/p>\n<p><strong>\u00a0<\/strong><\/p>\n<p><strong>De 11:00 a 14:00 h.\u00a0 y\u00a0 de 16:00 a 22:00 h.<\/strong><\/p>\n<p><strong>\u00a0<\/strong><\/p>\n<p><strong>FERIA MEDIEVAL INFANTIL:<\/strong><\/p>\n<p>Noria, Carrusel, Saltarina, Atracciones de Caballeros Medievales y Juegos Tradicionales. En C\/ Rafael Tejeo y P\u00ba de Sta. Clara.<\/p>\n<p><strong>\u00a0<\/strong><\/p>\n<p><strong>CETRERIA, REPTILES, LOROS Y GRANJA ANIMALES AUT\u00d3CTONOS.<\/strong><\/p>\n<p>En C\/ Rafael Tejeo.<\/p>\n<p><strong>\u00a0<\/strong><\/p>\n<p><strong>TALLERES ARTESANOS, LOS OFICIOS:<\/strong><\/p>\n<p>Forja, Picapedrero, Mimbre, Esparto, Vidrio Soplado, Cuero y Ebanister\u00eda.<\/p>\n<p>En C\/ Rafael Tejeo y C\/ Mayor.<\/p>\n<p><strong>\u00a0<\/strong><\/p>\n<p><strong>TALLERES INFANTILES:<\/strong><\/p>\n<p>Panader\u00eda en Horno de Le\u00f1a, Velas y Marionetas. En P\u00ba Sta. Clara y C\/ Rafael Tejeo.<\/p>\n<p>&nbsp;<\/p>\n<p><strong>MUSEO DE LA TORTURA. <\/strong>En C\/ Mayor (antigua iglesia de las Madres Carmelitas).<\/p>\n<p><strong>\u00a0<\/strong><\/p>\n<p><strong>FOTOCALL JUEGO DE THONOS. <\/strong>En C\/ Rafael Tejeo.<\/p>\n<p><strong>\u00a0<\/strong><\/p>\n<p><strong>FOTOCALL \u00c1RABE. <\/strong>En C\/ Rafael Tejeo.<\/p>\n<p>&nbsp;<\/p>\n<p><strong>CAMPAMENTO MEDIEVAL<\/strong><strong>: <\/strong>Vida de Campamento (recreaci\u00f3n hist\u00f3rica). Vestir al<\/p>\n<p>Caballero \/ Princesa (armadura de caballero medieval y vestidos de dama).<\/p>\n<p>Cuentacuentos. Taller de Softcombat. En P\u00ba de Sta. Clara.<\/p>\n<p>&nbsp;<\/p>\n<p><strong>14:00 h. LAS ACTIVIDADES DE ANIMACI\u00d3N DESCANSAN PARA COMER.<\/strong><\/p>\n<p><strong>\u00a0 LOS PUESTOS DE VENTA SIGUEN ABIERTOS ININTERRUMPIDAMENTE.<\/strong><\/p>\n<p><strong>\u00a0<\/strong><\/p>\n<p><strong>22:00 h. CIERRE DEL MERCADO.<\/strong><\/p>\n<p><strong><u>\u00a0<\/u><\/strong><\/p>\n<p><strong><u>\u00a0<\/u><\/strong><\/p>\n<p><strong>Jueves 6 de diciembre<\/strong><\/p>\n<p><strong><u>\u00a0<\/u><\/strong><\/p>\n<p><strong>11:30 h. PASACALLE INAUGURAL.<\/strong><\/p>\n<p>Acompa\u00f1an a las autoridades: Ministriles de San Miguel, Chirim\u00eda de Murcia,<\/p>\n<p>Guerreros Medievales, Yoruba Batucada, Gigante, Hombre Bola y Bosque\u00a0 Encantado<\/p>\n<p>Desde Pza. Paco Pim, por Gran V\u00eda, hasta Pza. del Arco.<\/p>\n<p>&nbsp;<\/p>\n<p><strong>12:00 h. PREG\u00d3N DE APERTURA.<\/strong><\/p>\n<p><strong>\u00a0 ACROBACIAS \u201cD\u00daO LAPSUS\u201d. <\/strong>En Pza. del Arco.<\/p>\n<p>&nbsp;<\/p>\n<p><strong>13:00 h. MINISTRILES DE SAN MIGUEL. <\/strong>Itinerante por todo el Mercado.<\/p>\n<p><strong>\u00a0GUERREROS MEDIEVALES. <\/strong>Itinerante por todo el Mercado.<\/p>\n<p><strong>\u00a0CHIRIMIA DE MURCIA.<\/strong> Itinerante por todo el Mercado.<\/p>\n<p><strong>\u00a0YORUBABATUCADA. <\/strong>Itinerante por todo el Mercado.<\/p>\n<p><strong>\u00a0EL GIGANTE Y LA BOLA. <\/strong>Itinerante por todo el Mercado.<\/p>\n<p><strong>\u00a0TEK CLOWNS. <\/strong>Itinerante por todo el Mercado.<\/p>\n<p><strong>\u00a0<\/strong><\/p>\n<p><strong>13:30 h. EXHIBICI\u00d3N DE VUELO DE AVES RAPACES, \u201cAGUILAS DEL SOL\u00bb.<\/strong><\/p>\n<p><strong>\u00a0\u00a0\u00a0\u00a0\u00a0\u00a0\u00a0\u00a0\u00a0\u00a0\u00a0 \u00a0 MANEJO Y CURIOSIDADES DE REPTILES.<\/strong><\/p>\n<p><strong>\u00a0\u00a0\u00a0\u00a0\u00a0\u00a0\u00a0\u00a0\u00a0\u00a0\u00a0\u00a0\u00a0\u00a0 EXPOSICI\u00d3N DE LOROS.<\/strong><\/p>\n<p><strong>\u00a0\u00a0\u00a0\u00a0\u00a0\u00a0\u00a0\u00a0\u00a0\u00a0\u00a0\u00a0\u00a0\u00a0 CHARLA EDUCATIVA MEDIOAMBIENTAL.<\/strong><\/p>\n<p>En C\/ Rafael Tejeo.<\/p>\n<p>&nbsp;<\/p>\n<p><strong>17:00 h. BUFONES Y SUS K CHARROS. <\/strong>Itinerante por todo el Mercado.<\/p>\n<p><strong>\u00a0<\/strong><\/p>\n<p><strong>17:30 h. EXHIBICI\u00d3N DE VUELO DE AVES RAPACES, \u201cAGUILAS DEL SOL\u00bb.<\/strong><\/p>\n<p><strong>\u00a0\u00a0\u00a0\u00a0\u00a0\u00a0\u00a0\u00a0\u00a0\u00a0\u00a0 \u00a0 MANEJO Y CURIOSIDADES DE REPTILES.<\/strong><\/p>\n<p><strong>\u00a0\u00a0\u00a0\u00a0\u00a0\u00a0\u00a0\u00a0\u00a0\u00a0\u00a0\u00a0\u00a0\u00a0 EXPOSICI\u00d3N DE LOROS.<\/strong><\/p>\n<p><strong>\u00a0\u00a0\u00a0\u00a0\u00a0\u00a0\u00a0\u00a0\u00a0\u00a0\u00a0\u00a0\u00a0\u00a0 CHARLA EDUCATIVA MEDIOAMBIENTAL.<\/strong><\/p>\n<p>En C\/ Rafael tejeo.<\/p>\n<p><strong>\u00a0 CHIRIMIA DE MURCIA con TEK CLOWNS. <\/strong>Itinerante por todo el Mercado.<\/p>\n<p><strong>\u00a0 TALLER DE ELABORACI\u00d3N DE VELAS. <\/strong>En Campamento Medieval. P\u00ba Sta. Clara.<\/p>\n<p><strong>\u00a0<\/strong><\/p>\n<p><strong>18:00 h. TALLER DE ELABORACION DE PAN EN HORNO MORUNO.<\/strong><\/p>\n<p>En C\/ Rafael Tejeo y P\u00ba de Sta. Clara.<\/p>\n<p><strong>\u00a0 YORUBA BATUCADA. <\/strong>Itinerante por todo el Mercado.<\/p>\n<p><strong>\u00a0<\/strong><\/p>\n<p><strong>18:30 h. TIEMPO DE CRUZADAS: Pasacalle de Caballeros Cristianos y Muestra de<\/strong><\/p>\n<p><strong>\u00a0 Esgrima Hist\u00f3rica. <\/strong>Itinerante por todo el Mercado<strong>.<\/strong><\/p>\n<p><strong>\u00a0\u00a0\u00a0\u00a0\u00a0\u00a0\u00a0\u00a0\u00a0\u00a0\u00a0\u00a0\u00a0\u00a0 EL GIGANTE Y LA BOLA. <\/strong>Itinerante por todo el Mercado.<\/p>\n<p>&nbsp;<\/p>\n<p><strong>19:30 h. LOS BRUJOS. <\/strong>Itinerante por todo el Mercado.<\/p>\n<p><strong>\u00a0<\/strong><\/p>\n<p><strong>20:00 h. LOS MINISTRILES DE SAN MIGUEL. <\/strong>En la Puerta de la Iglesia de El Salvador.<\/p>\n<p><strong>\u00a0<\/strong><\/p>\n<p><strong>20:30 h. SERES FANTASTICOS, LA HORDA DE MELKOR. <\/strong>Itinerante por todo el Mercado<strong>.<\/strong><\/p>\n<p>&nbsp;<\/p>\n<p><strong><u>\u00a0<\/u><\/strong><\/p>\n<p><strong>Viernes, 7 de diciembre<\/strong><\/p>\n<p><strong>\u00a0<\/strong><\/p>\n<p><strong>11.30 h. TALLER DE MARIONETAS. <\/strong>En P\u00ba de Sta. Clara.<\/p>\n<p><strong>\u00a0 EL GIGANTE Y LA BOLA. <\/strong>Itinerante por todo el Mercado.<\/p>\n<p><strong>\u00a0 ARLEQUINADAS. <\/strong>Itinerante por todo el Mercado.<\/p>\n<p><strong>\u00a0<\/strong><\/p>\n<p><strong>12:00 h. CIRCO DISPARATE. <\/strong>Teatro itinerante por todo el Mercado.<\/p>\n<p><strong>\u00a0 TROVEROS DE SEQURA. <\/strong>En la Puerta de la Iglesia de El Salvador<strong>, <\/strong>frente a la<\/p>\n<p><strong>\u00a0<\/strong>Iglesia de la Compa\u00f1\u00eda y en la Pza. del Arco. Est\u00e1tico.<\/p>\n<p><strong>\u00a0 TALLER DE ELABORACION DE PAN EN HORNO MORUNO.<\/strong><\/p>\n<p>En C\/ Rafael Tejeo y P\u00ba de Sta. Clara.<\/p>\n<p><strong>\u00a0<\/strong><\/p>\n<p><strong>12.30\u00a0 h.<\/strong> <strong>CHIRIMIA DE MURCIA Con TEK CLOWNS. <\/strong>Itinerante por todo el Mercado.<\/p>\n<p>&nbsp;<\/p>\n<p><strong>13:00 h. EXHIBICI\u00d3N DE VUELO DE AVES RAPACES, \u201cAGUILAS DEL SOL\u00bb.<\/strong><\/p>\n<p><strong>\u00a0\u00a0\u00a0\u00a0\u00a0\u00a0\u00a0\u00a0\u00a0\u00a0\u00a0 \u00a0 MANEJO Y CURIOSIDADES DE REPTILES.<\/strong><\/p>\n<p><strong>\u00a0\u00a0\u00a0\u00a0\u00a0\u00a0\u00a0\u00a0\u00a0\u00a0\u00a0\u00a0\u00a0\u00a0 EXPOSICI\u00d3N DE LOROS.<\/strong><\/p>\n<p><strong>\u00a0\u00a0\u00a0\u00a0\u00a0\u00a0\u00a0\u00a0\u00a0\u00a0\u00a0\u00a0\u00a0\u00a0 CHARLA EDUCATIVA MEDIOAMBIENTAL.<\/strong><\/p>\n<p>En C\/ Rafael Tejeo.<\/p>\n<p><strong>\u00a0 EL ARTE DE LA GUERRA: Pasacalle de Mercenarios y Muestra de Esgrima<\/strong><\/p>\n<p><strong>\u00a0 Hist\u00f3rica. <\/strong>Itinerante por todo el Mercado.<\/p>\n<p><strong>\u00a0\u00a0\u00a0\u00a0\u00a0\u00a0\u00a0\u00a0\u00a0\u00a0\u00a0 \u00a0 <\/strong><strong>BUFONES Y SUS K CHARROS. <\/strong>Itinerante por todo el Mercado.<\/p>\n<p>&nbsp;<\/p>\n<p><strong>13:30 h. INDIGENAS TRIBU. <\/strong>Itinerante por todo el Mercado.<\/p>\n<p>&nbsp;<\/p>\n<p><strong>17:00 h. EL GIGANTE Y LA BOLA. <\/strong>Itinerante por todo el Mercado.<\/p>\n<p><strong>\u00a0\u00a0\u00a0\u00a0\u00a0\u00a0\u00a0\u00a0\u00a0\u00a0\u00a0\u00a0\u00a0\u00a0 HADAS Y MADR\u00c1GORAS. <\/strong>Itinerante por todo el Mercado.<\/p>\n<p><strong>\u00a0<\/strong><\/p>\n<p><strong>17:30 h. EXHIBICI\u00d3N DE VUELO DE AVES RAPACES, \u201cAGUILAS DEL SOL\u00bb.<\/strong><\/p>\n<p><strong>\u00a0\u00a0\u00a0\u00a0\u00a0\u00a0\u00a0\u00a0\u00a0\u00a0\u00a0 \u00a0 MANEJO Y CURIOSIDADES DE REPTILES.<\/strong><\/p>\n<p><strong>\u00a0\u00a0\u00a0\u00a0\u00a0\u00a0\u00a0\u00a0\u00a0\u00a0\u00a0\u00a0\u00a0\u00a0 EXPOSICI\u00d3N DE LOROS.<\/strong><\/p>\n<p><strong>\u00a0\u00a0\u00a0\u00a0\u00a0\u00a0\u00a0\u00a0\u00a0\u00a0\u00a0\u00a0\u00a0\u00a0 CHARLA EDUCATIVA MEDIOAMBIENTAL.<\/strong><\/p>\n<p>En C\/ Rafael Tejeo.<\/p>\n<p><strong>\u00a0 CHIRIMIA DE MURCIA con TEK CLONW. <\/strong>Itinerante por todo el Mercado.<\/p>\n<p><strong>\u00a0 TALLER DE ELABORACI\u00d3N DE VELAS.<\/strong><\/p>\n<p>En el Campamento Medieval. P\u00ba de Sta. Clara.<\/p>\n<p>&nbsp;<\/p>\n<p><strong>18:00 h. TALLER DE ELABORACION DE PAN EN HORNO MORUNO.<\/strong><\/p>\n<p>En C\/ Rafael Tejeo y P\u00ba de Sta. Clara.<\/p>\n<p><strong>\u00a0 LAS MUJERCITAS DE LA CORTE. <\/strong>Itinerante por todo el Mercado.<\/p>\n<p>&nbsp;<\/p>\n<p><strong>18:30 h. TROVEROS DE SEQURA. <\/strong>En la Puerta de la Iglesia de El Salvador<strong>, <\/strong>frente a la Iglesia<\/p>\n<p>de la Compa\u00f1\u00eda y en la Pza. del Arco. Est\u00e1tico.<\/p>\n<p><strong>\u00a0 BUFONES Y SUS K CHARROS. <\/strong>Itinerante por todo el Mercado.<\/p>\n<p>&nbsp;<\/p>\n<p><strong>19:00 h. MARIONETA HUMANA<\/strong><strong>. <\/strong>Itinerante por todo el Mercado.<\/p>\n<p><strong>\u00a0<\/strong><\/p>\n<p><strong>20:30 h. SERES FANTASTICOS, LA HORDA DE MELKOR. <\/strong>Itinerante por todo el Mercado<strong>.<\/strong><\/p>\n<p>&nbsp;<\/p>\n<p><strong>21:00 h. FUEGO INDIGENA. <\/strong>Itinerante por todo el Mercado.<\/p>\n<p>&nbsp;<\/p>\n<p>&nbsp;<\/p>\n<p><strong>S\u00e1bado, 8 de diciembre<\/strong><\/p>\n<p>&nbsp;<\/p>\n<p><strong>11.30 h. TALLER DE MARIONETAS. <\/strong>En P\u00ba de Sta. Clara.<\/p>\n<p><strong>\u00a0 ANIMALES FANTASTICOS. <\/strong>Itinerante por todo el Mercado.<\/p>\n<p><strong>\u00a0\u00a0\u00a0\u00a0\u00a0\u00a0\u00a0 \u00a0\u00a0\u00a0\u00a0\u00a0\u00a0\u00a0EL GIGANTE Y LA BOLA. <\/strong>Itinerante por todo el Mercado.<\/p>\n<p><strong>\u00a0<\/strong><\/p>\n<p><strong>12:00 h. CHIRIMIA DE MURCIA. <\/strong>Itinerante por todo el Mercado.<\/p>\n<p><strong>\u00a0TROVEROS DE SEQURA. <\/strong>En la Puerta de la Iglesia de El Salvador<strong>, <\/strong>frente a la Iglesia<\/p>\n<p>de la Compa\u00f1\u00eda y en la Pza. del Arco. Est\u00e1tico.<\/p>\n<p><strong>\u00a0 TALLER DE ELABORACION DE PAN EN HORNO MORUNO.<\/strong><\/p>\n<p>En C\/ Rafael Tejeo y P\u00ba de Sta. Clara.<\/p>\n<p><strong>\u00a0<\/strong><\/p>\n<p><strong>12:30 h. YORUBA BATUCADA. <\/strong>Itinerante por todo el Mercado.<\/p>\n<p><strong>\u00a0<\/strong><\/p>\n<p><strong>13:00 h. EXHIBICI\u00d3N DE VUELO DE AVES RAPACES, \u201cAGUILAS DEL SOL\u00bb.<\/strong><\/p>\n<p><strong>\u00a0\u00a0\u00a0\u00a0\u00a0\u00a0\u00a0\u00a0\u00a0\u00a0\u00a0 \u00a0 MANEJO Y CURIOSIDADES DE REPTILES.<\/strong><\/p>\n<p><strong>\u00a0 \u00a0\u00a0\u00a0\u00a0\u00a0\u00a0\u00a0\u00a0\u00a0\u00a0\u00a0\u00a0\u00a0EXPOSICI\u00d3N DE LOROS.<\/strong><\/p>\n<p><strong>\u00a0\u00a0\u00a0\u00a0\u00a0\u00a0\u00a0\u00a0\u00a0\u00a0\u00a0\u00a0\u00a0\u00a0 CHARLA EDUCATIVA MEDIOAMBIENTAL.<\/strong><\/p>\n<p>En C\/ Rafael Tejeo.<\/p>\n<p><strong>\u00a0 BUFONES Y SUS K CHARROS. <\/strong>Itinerante por todo el Mercado.<\/p>\n<p><strong>\u00a0 INDIGENAS TRIBU. <\/strong>Itinerante por todo el Mercado.<\/p>\n<p><strong>\u00a0<\/strong><\/p>\n<p><strong>17:00 h. GRAN TORNEO MEDIEVAL LEGEND. <\/strong>En Plaza de Toros<\/p>\n<p>&nbsp;<\/p>\n<p><strong>17:00 h. <\/strong><strong>HADAS Y MADR\u00c1GORAS. <\/strong>Itinerante por todo el Mercado.<\/p>\n<p><strong>\u00a0\u00a0\u00a0\u00a0\u00a0\u00a0\u00a0\u00a0\u00a0\u00a0\u00a0\u00a0\u00a0\u00a0 EL GIGANTE Y LA BOLA. <\/strong>Itinerante por todo el Mercado.<\/p>\n<p><strong>\u00a0<\/strong><\/p>\n<p><strong>17:30 h. EXHIBICI\u00d3N DE VUELO DE AVES RAPACES, \u201cAGUILAS DEL SOL\u00bb.<\/strong><\/p>\n<p><strong>\u00a0\u00a0\u00a0\u00a0\u00a0\u00a0\u00a0\u00a0\u00a0\u00a0\u00a0 \u00a0 MANEJO Y CURIOSIDADES DE REPTILES.<\/strong><\/p>\n<p><strong>\u00a0\u00a0\u00a0\u00a0 \u00a0\u00a0\u00a0\u00a0\u00a0\u00a0\u00a0\u00a0\u00a0\u00a0EXPOSICI\u00d3N DE LOROS.<\/strong><\/p>\n<p><strong>\u00a0\u00a0\u00a0\u00a0\u00a0\u00a0\u00a0\u00a0\u00a0\u00a0\u00a0\u00a0\u00a0\u00a0 CHARLA EDUCATIVA MEDIOAMBIENTAL.<\/strong><\/p>\n<p>En C\/ Rafael Tejeo.<\/p>\n<p><strong>\u00a0 TIEMPO DE CRUZADAS: Pasacalle de Mercenarios y Muestra de Esgrima<\/strong><\/p>\n<p><strong>\u00a0 Hist\u00f3rica. <\/strong>Itinerante por todo el Mercado<strong>.<\/strong><\/p>\n<p><strong>\u00a0 TALLER DE ELABORACI\u00d3N DE VELAS. <\/strong>En Campamento Medieval, P\u00ba Sta. Clara.<\/p>\n<p>&nbsp;<\/p>\n<p><strong>18:00 h. TALLER DE ELABORACION DE PAN EN HORNO MORUNO.<\/strong><\/p>\n<p>En C\/ Rafael Tejeo y P\u00ba de Sta. Clara.<\/p>\n<p><strong>\u00a0 YORUBA BATUCADA. <\/strong>Itinerante por todo el Mercado.<\/p>\n<p><strong>\u00a0TROVEROS DE SEQURA. <\/strong>En la Puerta de la Iglesia de El Salvador<strong>, <\/strong>frente a la Iglesia<\/p>\n<p>de la Compa\u00f1\u00eda y en la Pza. del Arco. Est\u00e1tico.<\/p>\n<p><strong>\u00a0<\/strong><\/p>\n<p><strong>18:30 h. CHIRIMIA DE MURCIA. <\/strong>Itinerante por todo el Mercado.<\/p>\n<p><strong>\u00a0 BUFONES Y SUS K CHARROS. <\/strong>Itinerante por todo el Mercado.<\/p>\n<p><strong>\u00a0 MANEJO Y CURIOSIDADES DE REPTILES. <\/strong>En C\/ Rafael Tejeo<\/p>\n<p>&nbsp;<\/p>\n<p><strong>19:00 h. MARIONETA HUMANA. <\/strong>Itinerante por todo el Mercado.<\/p>\n<p>&nbsp;<\/p>\n<p><strong>19:30 h. BRUJOS MITOL\u00d3GICOS. <\/strong>Itinerante por todo el Mercado.<\/p>\n<p><strong>\u00a0<\/strong><\/p>\n<p><strong>20:30 h. SERES FANTASTICOS, LA HORDA DE MELKOR. <\/strong>Itinerante por todo el Mercado<strong>.<\/strong><\/p>\n<p>&nbsp;<\/p>\n<p><strong>21:00 h. FUEGO INDIGENA. <\/strong>Itinerante por todo el Mercado.<\/p>\n<p>&nbsp;<\/p>\n<p>&nbsp;<\/p>\n<p><strong>Domingo, 9 de diciembre<\/strong><\/p>\n<p><strong><u>\u00a0<\/u><\/strong><\/p>\n<p><strong>11.30 h. TALLER DE MARIONETAS. <\/strong>En P\u00ba de Sta. Clara.<\/p>\n<p><strong>\u00a0 CHIRIMIA DE MURCIA. <\/strong>Itinerante por todo el Mercado.<\/p>\n<p><strong>\u00a0<\/strong><\/p>\n<p><strong>12:00 h. CIRCO DISPARATE. <\/strong>Teatro itinerante por todo el Mercado.<\/p>\n<p><strong>\u00a0 LOS BUFONES DE LA CORTE. <\/strong>En la Puerta de la Iglesia de El Salvador.<\/p>\n<p><strong>\u00a0 TALLER DE ELABORACION DE PAN EN HORNO MORUNO.<\/strong><\/p>\n<p>En C\/ Rafael Tejeo y P\u00ba de Sta. Clara.<\/p>\n<p>&nbsp;<\/p>\n<p><strong>12:30 h. TROVEROS DE SEQURA. <\/strong>En la Puerta de la Iglesia de El Salvador<strong>, <\/strong>frente a la Iglesia<\/p>\n<p>de la Compa\u00f1\u00eda y en la Pza. del Arco. Est\u00e1tico.<\/p>\n<p><strong>\u00a0<\/strong><\/p>\n<p><strong>13:00 h. EXHIBICI\u00d3N DE VUELO DE AVES RAPACES, \u201cAGUILAS DEL SOL\u00bb.<\/strong><\/p>\n<p><strong>\u00a0\u00a0\u00a0\u00a0\u00a0\u00a0\u00a0\u00a0\u00a0\u00a0\u00a0 \u00a0 MANEJO Y CURIOSIDADES DE REPTILES.<\/strong><\/p>\n<p><strong>\u00a0\u00a0\u00a0\u00a0\u00a0\u00a0\u00a0\u00a0\u00a0\u00a0\u00a0\u00a0\u00a0\u00a0 EXPOSICI\u00d3N DE LOROS.<\/strong><\/p>\n<p><strong>\u00a0\u00a0\u00a0\u00a0\u00a0\u00a0\u00a0\u00a0\u00a0\u00a0\u00a0\u00a0\u00a0\u00a0 CHARLA EDUCATIVA MEDIOAMBIENTAL.<\/strong><\/p>\n<p>En C\/ Rafael Tejeo.<\/p>\n<p><strong>\u00a0 EL ARTE DE LA GUERRA: Pasacalle de Mercenarios y Muestra de Esgrima<\/strong><\/p>\n<p><strong>\u00a0 Hist\u00f3rica. <\/strong>Itinerante por todo el Mercado.<\/p>\n<p>&nbsp;<\/p>\n<p><strong>17:00 h. <\/strong><strong>LAS MUJERCITAS DE LA CORTE. <\/strong>Itinerante por todo el Mercado.<\/p>\n<p>&nbsp;<\/p>\n<p><strong>17:30 h. EXHIBICI\u00d3N DE VUELO DE AVES RAPACES, \u201cAGUILAS DEL SOL\u00bb.<\/strong><\/p>\n<p><strong>\u00a0\u00a0\u00a0\u00a0\u00a0\u00a0\u00a0\u00a0\u00a0\u00a0\u00a0 \u00a0 MANEJO Y CURIOSIDADES DE REPTILES.<\/strong><\/p>\n<p><strong>\u00a0\u00a0\u00a0\u00a0\u00a0\u00a0\u00a0\u00a0\u00a0\u00a0\u00a0\u00a0\u00a0\u00a0 EXPOSICI\u00d3N DE LOROS.<\/strong><\/p>\n<p><strong>\u00a0\u00a0 \u00a0\u00a0\u00a0\u00a0\u00a0\u00a0\u00a0\u00a0\u00a0\u00a0\u00a0\u00a0CHARLA EDUCATIVA MEDIOAMBIENTAL.<\/strong><\/p>\n<p>En C\/ Rafael Tejeo.<\/p>\n<p><strong>\u00a0 TALLER DE ELABORACI\u00d3N DE VELAS. <\/strong>En Campamento Medieval. P\u00ba Sta. Clara.<\/p>\n<p><strong>\u00a0<\/strong><\/p>\n<p><strong>18:00 h. TALLER DE ELABORACION DE PAN EN HORNO MORUNO.<\/strong><\/p>\n<p>En C\/ Rafael Tejeo y P\u00ba de Sta. Clara.<\/p>\n<p><strong>\u00a0<\/strong><\/p>\n<p><strong>19:30 h. LOS BRUJOS MITOL\u00d3GICOS. <\/strong>Itinerante por todo el Mercado.<\/p>\n<p>&nbsp;<\/p>\n<p>&nbsp;<\/p>\n<p><strong>\u00a0<\/strong><\/p>\n","protected":false},"excerpt":{"rendered":"<p>\u00a0 \u00a0 El mercado se celebra los d\u00edas 6, 7, 8 y 9 de diciembre, coincidiendo con el Puente de la Constituci\u00f3n, en el casco hist\u00f3rico de la localidad. Esta edici\u00f3n viene acompa\u00f1ada de espect\u00e1culos novedosos y actividades como el \u2018Museo de la Tortura\u2019 o el \u2018Campamento Medieval\u2019 con recreaciones hist\u00f3ricas \u00a0 Unos 200 artesanos [&hellip;]<\/p>\n","protected":false},"author":2,"featured_media":0,"comment_status":"open","ping_status":"open","sticky":false,"template":"","format":"standard","meta":{"footnotes":""},"categories":[3,2117,2126,14,15,17,18,20,23,24,33],"tags":[364],"class_list":["post-7699","post","type-post","status-publish","format-standard","hentry","category-actividades","category-cruz-de-caravaca","category-espanol","category-eventos","category-exhibiciones","category-ferias","category-fiestas-2","category-horarios-2","category-mercado-2","category-monumentos-2","category-torneo-medieval","tag-caravaca-de-la-cruz"],"_links":{"self":[{"href":"https:\/\/www.turismocaravaca.com\/blog\/wp-json\/wp\/v2\/posts\/7699"}],"collection":[{"href":"https:\/\/www.turismocaravaca.com\/blog\/wp-json\/wp\/v2\/posts"}],"about":[{"href":"https:\/\/www.turismocaravaca.com\/blog\/wp-json\/wp\/v2\/types\/post"}],"author":[{"embeddable":true,"href":"https:\/\/www.turismocaravaca.com\/blog\/wp-json\/wp\/v2\/users\/2"}],"replies":[{"embeddable":true,"href":"https:\/\/www.turismocaravaca.com\/blog\/wp-json\/wp\/v2\/comments?post=7699"}],"version-history":[{"count":1,"href":"https:\/\/www.turismocaravaca.com\/blog\/wp-json\/wp\/v2\/posts\/7699\/revisions"}],"predecessor-version":[{"id":7702,"href":"https:\/\/www.turismocaravaca.com\/blog\/wp-json\/wp\/v2\/posts\/7699\/revisions\/7702"}],"wp:attachment":[{"href":"https:\/\/www.turismocaravaca.com\/blog\/wp-json\/wp\/v2\/media?parent=7699"}],"wp:term":[{"taxonomy":"category","embeddable":true,"href":"https:\/\/www.turismocaravaca.com\/blog\/wp-json\/wp\/v2\/categories?post=7699"},{"taxonomy":"post_tag","embeddable":true,"href":"https:\/\/www.turismocaravaca.com\/blog\/wp-json\/wp\/v2\/tags?post=7699"}],"curies":[{"name":"wp","href":"https:\/\/api.w.org\/{rel}","templated":true}]}}