{"id":7744,"date":"2019-01-08T12:13:57","date_gmt":"2019-01-08T11:13:57","guid":{"rendered":"http:\/\/www.turismocaravaca.com\/blog\/?p=7744"},"modified":"2019-01-08T17:04:44","modified_gmt":"2019-01-08T16:04:44","slug":"acto-de-hermanamiento","status":"publish","type":"post","link":"https:\/\/www.turismocaravaca.com\/blog\/acto-de-hermanamiento\/","title":{"rendered":"Acto de Hermanamiento"},"content":{"rendered":"<p><img loading=\"lazy\" decoding=\"async\" class=\"aligncenter wp-image-7745 size-full\" src=\"https:\/\/www.turismocaravaca.com\/blog\/wp-content\/uploads\/2019\/01\/hermanamiento.jpg\" alt=\"\" width=\"878\" height=\"614\" srcset=\"https:\/\/www.turismocaravaca.com\/blog\/wp-content\/uploads\/2019\/01\/hermanamiento.jpg 878w, https:\/\/www.turismocaravaca.com\/blog\/wp-content\/uploads\/2019\/01\/hermanamiento-300x210.jpg 300w, https:\/\/www.turismocaravaca.com\/blog\/wp-content\/uploads\/2019\/01\/hermanamiento-768x537.jpg 768w\" sizes=\"(max-width: 878px) 100vw, 878px\" \/><\/p>\n<p>El domingo 13 de enero de 2019 se producir\u00e1, tras la misa de las 12 horas, en la Bas\u00edlica Santuario de la Sant\u00edsima y Vera Cruz de Caravaca, el Acto de Hermanamiento de nuestra Cofrad\u00eda de la Sant\u00edsima y Vera Cruz con la Hermandad de Esclavos de Nuestro Padre Jes\u00fas del Rescate y Mar\u00eda Sant\u00edsima de la Esperanza de Murcia. Gracias a esto, dar\u00e1 lugar una relaci\u00f3n de amistad, uni\u00f3n y fraternal hermandad para divulgar y fortalecer la fe cat\u00f3lica.<\/p>\n<p>Adem\u00e1s, al finalizar dicho acto, habr\u00e1 un almuerzo en los Salones Castillo, con el precio de 25 euros. Para poder adquirir los tickets, deber\u00e1n dirigirse al lugar del almuerzo antes del d\u00eda 11 de enero.<\/p>\n<p>A continuaci\u00f3n, les daremos a conocer de forma breve el recorrido de la nueva cofrad\u00eda hermana y el proceso de hermanamiento.<\/p>\n<p><strong><u>Hermandad de Esclavos de Nuestro Padre Jes\u00fas del Rescate y Mar\u00eda Sant\u00edsima de la Esperanza de Murcia (Hermandad del Rescate)<\/u><\/strong><\/p>\n<p>Esta hermandad se origina en junio de 1941, fruto de la devoci\u00f3n hist\u00f3rica que se tiene en Murcia a la imagen del Cristo del Rescate, tambi\u00e9n conocido como \u201cCristo de las Manos Atadas\u201d. Esta se encontraba en el Convento de los Trinitarios en su origen hasta que se cede en el siglo XIX a la Iglesia de San Juan Bautista con la desamortizaci\u00f3n de Mendizabal.<\/p>\n<p>Entre sus pasos procesionarios se encuentra el Cristo del Rescate, la Cruz Gu\u00eda y la Virgen de la Esperanza. La primera procesi\u00f3n data de abril de 1947, con la imagen del Cristo del Rescate. Dos a\u00f1os despu\u00e9s, se incluye el trono de la Mar\u00eda Sant\u00edsima de la Esperanza. Por \u00faltimo, se a\u00f1ade la Cruz Gu\u00eda, desfilando por primera vez en 1956.<\/p>\n<ul>\n<li>El Cristo del Rescate:<\/li>\n<\/ul>\n<p><img loading=\"lazy\" decoding=\"async\" class=\"aligncenter wp-image-7748 size-full\" src=\"https:\/\/www.turismocaravaca.com\/blog\/wp-content\/uploads\/2019\/01\/cristo-e1546944607808.jpg\" alt=\"\" width=\"310\" height=\"428\" srcset=\"https:\/\/www.turismocaravaca.com\/blog\/wp-content\/uploads\/2019\/01\/cristo-e1546944607808.jpg 310w, https:\/\/www.turismocaravaca.com\/blog\/wp-content\/uploads\/2019\/01\/cristo-e1546944607808-217x300.jpg 217w\" sizes=\"(max-width: 310px) 100vw, 310px\" \/><\/p>\n<p>Es una talla an\u00f3nima del siglo XVII, aunque se atribuye a Santiago Baglietto. En ella, se representa a Jes\u00fas en posici\u00f3n esclava. Para protegerlo, durante la Guerra Civil, se enclaustra tras una pared en la parroquia de San Juan Bautista, rescat\u00e1ndose al finalizar la guerra.<\/p>\n<p>Sus penitentes visten de blanco y morado, destacando el escapulario de la Hermandad que se puede ver en el centro del pecho.<\/p>\n<p>&nbsp;<\/p>\n<ul>\n<li>La Virgen de la Esperanza:<\/li>\n<\/ul>\n<p><img loading=\"lazy\" decoding=\"async\" class=\"aligncenter wp-image-7749 size-full\" src=\"https:\/\/www.turismocaravaca.com\/blog\/wp-content\/uploads\/2019\/01\/espe.jpg\" alt=\"\" width=\"404\" height=\"640\" srcset=\"https:\/\/www.turismocaravaca.com\/blog\/wp-content\/uploads\/2019\/01\/espe.jpg 404w, https:\/\/www.turismocaravaca.com\/blog\/wp-content\/uploads\/2019\/01\/espe-189x300.jpg 189w\" sizes=\"(max-width: 404px) 100vw, 404px\" \/><\/p>\n<p>Se trata de una talla del escultor Jos\u00e9 S\u00e1nchez Lozano, entregada a la Hermandad en 1948. Esta se basa en el simbolismo andaluz. La talla desfila con velas blancas y una esplendida corona, adem\u00e1s de con sus penitentes, quien visten en colores blanco y verde.<\/p>\n<ul>\n<li>Cruz Gu\u00eda:<\/li>\n<\/ul>\n<p><img loading=\"lazy\" decoding=\"async\" class=\"aligncenter wp-image-7750 size-full\" src=\"https:\/\/www.turismocaravaca.com\/blog\/wp-content\/uploads\/2019\/01\/curz-guia.jpg\" alt=\"\" width=\"361\" height=\"500\" srcset=\"https:\/\/www.turismocaravaca.com\/blog\/wp-content\/uploads\/2019\/01\/curz-guia.jpg 361w, https:\/\/www.turismocaravaca.com\/blog\/wp-content\/uploads\/2019\/01\/curz-guia-217x300.jpg 217w\" sizes=\"(max-width: 361px) 100vw, 361px\" \/><\/p>\n<p>La Cruz es obra de Vicente Segura, con fecha de 1955. Esta se ha convertido en un s\u00edmbolo de Pasi\u00f3n en el Martes Santo murciano, cuando sale de la parroquia precediendo al Cristo del Rescate. Originariamente, el trono pose\u00eda ruedas, hasta que en los a\u00f1os 80 se reforma, dando lugar a un trono dispuesto con dos pares de varas para portarlo. Sus nazarenos ser\u00edan los mismos que los del Cristo del Rescate.<\/p>\n<p><strong><u>Hermanamiento entre Cofrad\u00edas<\/u><\/strong><\/p>\n<p>En este punto, les explicaremos brevemente en qu\u00e9 consiste un hermanamiento y qu\u00e9 es lo que implica. No obstante, es algo complejo, puesto que depende de los acuerdos de cada una de las cofrad\u00edas a hermanarse, ya que pueden ser dos o m\u00e1s. Aunque la mayor\u00eda es un mero formalismo para consolidar los lazos fraternales entre ellos.<\/p>\n<p>Estos lazos pueden venir movidos por varias causas. Entre ellas, se puede dar que las hermandades compartan la sede can\u00f3nica, que salgan en procesi\u00f3n el mismo d\u00eda, que pertenezcan a la misma orden religiosa o que coincidan hist\u00f3ricamente. Tambi\u00e9n, es frecuente que compartan el culto a titulares bajo la misma advocaci\u00f3n.<\/p>\n<p>Las consecuencias de estos actos suelen traducirse en una serie de obligaciones que serian las siguientes: representaci\u00f3n f\u00edsica en los actos de los hermanados, participaci\u00f3n en cultos o realizaci\u00f3n de jornadas formativas o de convivencia. Tambi\u00e9n, se dan casos de sellado de compromisos de colaboraci\u00f3n personal, religiosa o material.<\/p>\n<p><strong><u>Fuentes<\/u><\/strong><\/p>\n<ul>\n<li>Real e Ilustre Cofrad\u00eda de la Sant\u00edsima y Vera Cruz de Caravaca. Disponible en: <a href=\"http:\/\/www.lacruzdecaravaca.com\/\">http:\/\/www.lacruzdecaravaca.com\/<\/a><\/li>\n<li>Hermandad de Esclavos de Nuestro Padre Jes\u00fas del Rescate y Mar\u00eda Sant\u00edsima de la Esperanza de Murcia. Disponible en: <a href=\"http:\/\/www.hermandaddelrescate.es\/\">http:\/\/www.hermandaddelrescate.es\/<\/a><\/li>\n<li>\u00bfQu\u00e9 implica un hermanamiento entre cofrad\u00edas? Disponible en: <a href=\"https:\/\/sevilla.abc.es\/andalucia\/sevi-implica-hermanamiento-entre-cofradias-201512100810_noticia.html\">https:\/\/sevilla.abc.es\/andalucia\/sevi-implica-hermanamiento-entre-cofradias-201512100810_noticia.html<\/a><\/li>\n<\/ul>\n","protected":false},"excerpt":{"rendered":"<p>El domingo 13 de enero de 2019 se producir\u00e1, tras la misa de las 12 horas, en la Bas\u00edlica Santuario de la Sant\u00edsima y Vera Cruz de Caravaca, el Acto de Hermanamiento de nuestra Cofrad\u00eda de la Sant\u00edsima y Vera Cruz con la Hermandad de Esclavos de Nuestro Padre Jes\u00fas del Rescate y Mar\u00eda Sant\u00edsima [&hellip;]<\/p>\n","protected":false},"author":2,"featured_media":7745,"comment_status":"open","ping_status":"open","sticky":false,"template":"","format":"standard","meta":{"footnotes":""},"categories":[3,9,2126,2377],"tags":[501,1057,1394],"class_list":["post-7744","post","type-post","status-publish","format-standard","has-post-thumbnail","hentry","category-actividades","category-cofradias","category-espanol","category-religion","tag-cofradia","tag-hermandad","tag-murcia"],"_links":{"self":[{"href":"https:\/\/www.turismocaravaca.com\/blog\/wp-json\/wp\/v2\/posts\/7744"}],"collection":[{"href":"https:\/\/www.turismocaravaca.com\/blog\/wp-json\/wp\/v2\/posts"}],"about":[{"href":"https:\/\/www.turismocaravaca.com\/blog\/wp-json\/wp\/v2\/types\/post"}],"author":[{"embeddable":true,"href":"https:\/\/www.turismocaravaca.com\/blog\/wp-json\/wp\/v2\/users\/2"}],"replies":[{"embeddable":true,"href":"https:\/\/www.turismocaravaca.com\/blog\/wp-json\/wp\/v2\/comments?post=7744"}],"version-history":[{"count":3,"href":"https:\/\/www.turismocaravaca.com\/blog\/wp-json\/wp\/v2\/posts\/7744\/revisions"}],"predecessor-version":[{"id":7753,"href":"https:\/\/www.turismocaravaca.com\/blog\/wp-json\/wp\/v2\/posts\/7744\/revisions\/7753"}],"wp:featuredmedia":[{"embeddable":true,"href":"https:\/\/www.turismocaravaca.com\/blog\/wp-json\/wp\/v2\/media\/7745"}],"wp:attachment":[{"href":"https:\/\/www.turismocaravaca.com\/blog\/wp-json\/wp\/v2\/media?parent=7744"}],"wp:term":[{"taxonomy":"category","embeddable":true,"href":"https:\/\/www.turismocaravaca.com\/blog\/wp-json\/wp\/v2\/categories?post=7744"},{"taxonomy":"post_tag","embeddable":true,"href":"https:\/\/www.turismocaravaca.com\/blog\/wp-json\/wp\/v2\/tags?post=7744"}],"curies":[{"name":"wp","href":"https:\/\/api.w.org\/{rel}","templated":true}]}}