{"id":7868,"date":"2019-02-26T17:41:49","date_gmt":"2019-02-26T16:41:49","guid":{"rendered":"http:\/\/www.turismocaravaca.com\/blog\/?p=7868"},"modified":"2019-02-26T17:45:12","modified_gmt":"2019-02-26T16:45:12","slug":"concierto-monografico-f-j-haydn-del-conservatorio-de-musica-leandro-martinez-romero-de-caravaca-de-la-cruz","status":"publish","type":"post","link":"https:\/\/www.turismocaravaca.com\/blog\/concierto-monografico-f-j-haydn-del-conservatorio-de-musica-leandro-martinez-romero-de-caravaca-de-la-cruz\/","title":{"rendered":"Concierto monogr\u00e1fico F. J. Haydn del Conservatorio de M\u00fasica Leandro Mart\u00ednez Romero de Caravaca de la Cruz"},"content":{"rendered":"<p>El pr\u00f3ximo mi\u00e9rcoles 27 de febrero, a las 20:00, tendr\u00e1 lugar en el Aula de Cultura de la Fundaci\u00f3n Cajamurcia de Caravaca un concierto monogr\u00e1fico sobre el compositor austr\u00edaco Franz Joseph Haydn. La organizaci\u00f3n del evento correr\u00e1 a cargo del Conservatorio de M\u00fasica Leandro Mart\u00ednez Romero. En este centro se ofrecen clases tanto de la escuela de m\u00fasica como de ense\u00f1anzas profesionales. Ambas incluyen las siguientes especialidades: clarinete, contrabajo, viol\u00edn, piano, percusi\u00f3n, saxof\u00f3n, etc.\u00a0 Mientras que las clases de danza, canto e iniciaci\u00f3n se ofrecen solo como especialidades de la escuela de m\u00fasica.<\/p>\n<p style=\"text-align: center;\"><img loading=\"lazy\" decoding=\"async\" class=\"aligncenter size-full wp-image-7869\" src=\"https:\/\/www.turismocaravaca.com\/blog\/wp-content\/uploads\/2019\/02\/haydn_joseph.jpg\" alt=\"\" width=\"420\" height=\"457\" srcset=\"https:\/\/www.turismocaravaca.com\/blog\/wp-content\/uploads\/2019\/02\/haydn_joseph.jpg 420w, https:\/\/www.turismocaravaca.com\/blog\/wp-content\/uploads\/2019\/02\/haydn_joseph-276x300.jpg 276w\" sizes=\"(max-width: 420px) 100vw, 420px\" \/><\/p>\n<p>El m\u00fasico al que van a conmemorar en el monogr\u00e1fico naci\u00f3 en Rohrau (Austria) en 1732 y falleci\u00f3 en Viena en 1809. Fue uno de los grandes representantes del clasicismo vien\u00e9s. Adem\u00e1s, ayud\u00f3 a establecer definitivamente formas tan apreciadas como la sonata y g\u00e9neros como la sinfon\u00eda o el cuarteto de cuerda.\u00a0 El mayor impulso en su carrera viene de mano de los pr\u00edncipes Esterh\u00e1zy, Paul Anton y Nikolaus, que lo contrataron como compositor de una de las mejores orquestas de Europa, para la que escribi\u00f3 la mayor parte de sus obras orquestales, oper\u00edsticas y religiosas.<\/p>\n<p>Al fallecer Nikolaus, en 1790, Haydn se instala en Viena y viaja a Londres, donde difunde sus doce \u00faltimas sinfon\u00edas. Al fallecer Paul Anton, el nuevo pr\u00edncipe Esterh\u00e1zy, Nikolaus, lo reclama. Para \u00e9l escribe sus seis \u00faltimas misas, entre las que destacan la <em>Misa Nelson<\/em> y la <em>Misa Mar\u00eda Teresa<\/em>. El trabajo del maestro austr\u00edaco contribuy\u00f3 de forma innegable a consolidar la t\u00e9cnica de las orquestas sinf\u00f3nicas modernas.<\/p>\n<p>Como habr\u00e9is podido leer, Haydn fue uno de los principales representantes del clasicismo vien\u00e9s y, aunque no sea tan mencionado como Mozart, Beethoven o Schubert, ayud\u00f3 a consolidar t\u00e9cnicas, g\u00e9neros y formas de gran importancia en la m\u00fasica. Entre sus obras, se han elegido las siguientes para que sean interpretadas ma\u00f1ana:<\/p>\n<ul>\n<li>Sonata Hob. XVI n\u00ba\u00a034.<\/li>\n<li>Divertimento Hob. XIV n\u00ba 3.<\/li>\n<li>Divertimento Hob. XIV n\u00ba\u00a08.<\/li>\n<li>Divertimento Hob. XIV n\u00ba 7.<\/li>\n<li>Divertimento Hob. XIV n\u00ba\u00a04.<\/li>\n<\/ul>\n<p>A continuaci\u00f3n, os ofrecemos dos de las piezas que los alumnos del conservatorio van a interpretar ma\u00f1ana:<\/p>\n<p><iframe loading=\"lazy\" width=\"768\" height=\"576\" src=\"https:\/\/www.youtube.com\/embed\/3TTbrU8bFdM?feature=oembed\" frameborder=\"0\" allow=\"accelerometer; autoplay; encrypted-media; gyroscope; picture-in-picture\" allowfullscreen><\/iframe><\/p>\n<p><iframe loading=\"lazy\" width=\"768\" height=\"576\" src=\"https:\/\/www.youtube.com\/embed\/Od1n111hrlo?feature=oembed\" frameborder=\"0\" allow=\"accelerometer; autoplay; encrypted-media; gyroscope; picture-in-picture\" allowfullscreen><\/iframe><\/p>\n<p>&nbsp;<\/p>\n<p><strong>Fuentes:<\/strong><\/p>\n<ul>\n<li><a href=\"http:\/\/www.conservatoriodecaravaca.es\">http:\/\/www.conservatoriodecaravaca.es<\/a><\/li>\n<li><a href=\"https:\/\/www.biografiasyvidas.com\/biografia\/h\/haydn.htm\">https:\/\/www.biografiasyvidas.com\/biografia\/h\/haydn.htm<\/a><\/li>\n<\/ul>\n","protected":false},"excerpt":{"rendered":"<p>El pr\u00f3ximo mi\u00e9rcoles 27 de febrero, a las 20:00, tendr\u00e1 lugar en el Aula de Cultura de la Fundaci\u00f3n Cajamurcia de Caravaca un concierto monogr\u00e1fico sobre el compositor austr\u00edaco Franz Joseph Haydn. La organizaci\u00f3n del evento correr\u00e1 a cargo del Conservatorio de M\u00fasica Leandro Mart\u00ednez Romero. En este centro se ofrecen clases tanto de la [&hellip;]<\/p>\n","protected":false},"author":2,"featured_media":7870,"comment_status":"open","ping_status":"open","sticky":false,"template":"","format":"standard","meta":{"footnotes":""},"categories":[3,4,10,2126,14,2138],"tags":[2422,566,2421,1124,2423],"class_list":["post-7868","post","type-post","status-publish","format-standard","has-post-thumbnail","hentry","category-actividades","category-arte","category-conciertos-2","category-espanol","category-eventos","category-musica","tag-concierto-monografico","tag-conservatorio-de-caravaca","tag-haydn","tag-instrumentos-musicales","tag-orquesta"],"_links":{"self":[{"href":"https:\/\/www.turismocaravaca.com\/blog\/wp-json\/wp\/v2\/posts\/7868"}],"collection":[{"href":"https:\/\/www.turismocaravaca.com\/blog\/wp-json\/wp\/v2\/posts"}],"about":[{"href":"https:\/\/www.turismocaravaca.com\/blog\/wp-json\/wp\/v2\/types\/post"}],"author":[{"embeddable":true,"href":"https:\/\/www.turismocaravaca.com\/blog\/wp-json\/wp\/v2\/users\/2"}],"replies":[{"embeddable":true,"href":"https:\/\/www.turismocaravaca.com\/blog\/wp-json\/wp\/v2\/comments?post=7868"}],"version-history":[{"count":4,"href":"https:\/\/www.turismocaravaca.com\/blog\/wp-json\/wp\/v2\/posts\/7868\/revisions"}],"predecessor-version":[{"id":7874,"href":"https:\/\/www.turismocaravaca.com\/blog\/wp-json\/wp\/v2\/posts\/7868\/revisions\/7874"}],"wp:featuredmedia":[{"embeddable":true,"href":"https:\/\/www.turismocaravaca.com\/blog\/wp-json\/wp\/v2\/media\/7870"}],"wp:attachment":[{"href":"https:\/\/www.turismocaravaca.com\/blog\/wp-json\/wp\/v2\/media?parent=7868"}],"wp:term":[{"taxonomy":"category","embeddable":true,"href":"https:\/\/www.turismocaravaca.com\/blog\/wp-json\/wp\/v2\/categories?post=7868"},{"taxonomy":"post_tag","embeddable":true,"href":"https:\/\/www.turismocaravaca.com\/blog\/wp-json\/wp\/v2\/tags?post=7868"}],"curies":[{"name":"wp","href":"https:\/\/api.w.org\/{rel}","templated":true}]}}