{"id":7881,"date":"2019-03-05T18:01:30","date_gmt":"2019-03-05T17:01:30","guid":{"rendered":"http:\/\/www.turismocaravaca.com\/blog\/?p=7881"},"modified":"2019-03-05T19:15:01","modified_gmt":"2019-03-05T18:15:01","slug":"dia-internacional-de-la-mujer-2019","status":"publish","type":"post","link":"https:\/\/www.turismocaravaca.com\/blog\/dia-internacional-de-la-mujer-2019\/","title":{"rendered":"D\u00eda Internacional de la Mujer 2019"},"content":{"rendered":"<p style=\"text-align: center;\"><span style=\"color: #333399;\">\u00abLas mujeres, como los hombres, deber\u00edan tratar de hacer lo imposible. Y cuando fallan, su fracaso debe ser un desaf\u00edo para los dem\u00e1s\u00bb. Amelia Earhart.<\/span><\/p>\n<p>Como todos los a\u00f1os, el d\u00eda <strong>8 de marzo<\/strong> se celebra el <strong>D\u00eda Internacional de la Mujer<\/strong>. Este fue declarado as\u00ed por la ONU en 1975 para conmemorar la <strong>lucha por la igualdad de derechos<\/strong> el 8 de marzo de 1957, durante la Revoluci\u00f3n Industrial. Ese d\u00eda las mujeres decidieron salir a la calle a protestar por sus p\u00e9simas condiciones laborales.<\/p>\n<p>En conmemoraci\u00f3n a nuestras antecesoras luchadoras, de forma anual se celebran diversas actividades en torno al d\u00eda. Este a\u00f1o, en Caravaca de la Cruz, las actividades se dar\u00e1n desde el 7 hasta el 29 de marzo. A continuaci\u00f3n, procederemos a explicaros m\u00e1s a fondo cada una de ellas. Se trata de #S\u00famateCaravaca, la exposici\u00f3n Hypatia, la IV Marcha Urbana \u00abS\u00famate\u00bb; Encuentros con Autor: Francisco Jos\u00e9 Motos, autor de\u00a0<em>Las llaves del Para\u00edso;<\/em> el Homenaje a la Mujer Empresaria y a la Mujer Trabajadora, la II Marcha por la Igualdad y una jornada jur\u00eddica.<\/p>\n<ul>\n<li><strong>#S\u00famateCaravaca<\/strong><\/li>\n<\/ul>\n<p style=\"text-align: center;\"><img loading=\"lazy\" decoding=\"async\" class=\"aligncenter size-full wp-image-7882\" src=\"https:\/\/www.turismocaravaca.com\/blog\/wp-content\/uploads\/2019\/03\/FB_IMG_1551790366570.jpg\" alt=\"\" width=\"720\" height=\"1057\" srcset=\"https:\/\/www.turismocaravaca.com\/blog\/wp-content\/uploads\/2019\/03\/FB_IMG_1551790366570.jpg 720w, https:\/\/www.turismocaravaca.com\/blog\/wp-content\/uploads\/2019\/03\/FB_IMG_1551790366570-204x300.jpg 204w, https:\/\/www.turismocaravaca.com\/blog\/wp-content\/uploads\/2019\/03\/FB_IMG_1551790366570-698x1024.jpg 698w\" sizes=\"(max-width: 720px) 100vw, 720px\" \/><\/p>\n<p>Se trata de una campa\u00f1a de las <strong>redes sociales<\/strong>, en la que se pide que las mujeres suban im\u00e1genes en los \u00e1mbitos laboral, familiar o l\u00fadico con la etiqueta <strong>#S\u00famateCaravaca<\/strong>. De esta forma, contribuyen a apoyar y a mostrar la participaci\u00f3n real de la mujer en todos los sectores de la sociedad.<\/p>\n<ul>\n<li><strong>Exposici\u00f3n Hypatia<\/strong><\/li>\n<\/ul>\n<p style=\"text-align: center;\"><img loading=\"lazy\" decoding=\"async\" class=\"aligncenter size-full wp-image-7883\" src=\"https:\/\/www.turismocaravaca.com\/blog\/wp-content\/uploads\/2019\/03\/Exposici\u00f3n-D\u00eda-de-la-Mujer.jpg\" alt=\"\" width=\"1240\" height=\"1754\" srcset=\"https:\/\/www.turismocaravaca.com\/blog\/wp-content\/uploads\/2019\/03\/Exposici\u00f3n-D\u00eda-de-la-Mujer.jpg 1240w, https:\/\/www.turismocaravaca.com\/blog\/wp-content\/uploads\/2019\/03\/Exposici\u00f3n-D\u00eda-de-la-Mujer-212x300.jpg 212w, https:\/\/www.turismocaravaca.com\/blog\/wp-content\/uploads\/2019\/03\/Exposici\u00f3n-D\u00eda-de-la-Mujer-768x1086.jpg 768w, https:\/\/www.turismocaravaca.com\/blog\/wp-content\/uploads\/2019\/03\/Exposici\u00f3n-D\u00eda-de-la-Mujer-724x1024.jpg 724w\" sizes=\"(max-width: 1240px) 100vw, 1240px\" \/><\/p>\n<p>El jueves 7 de marzo se inaugura a las 20:30 horas en la Casa de Cultura Emilio S\u00e1ez, donde continuar\u00e1 hasta el 29 de marzo, con las interpretaciones musicales de Ana Mart\u00ednez R\u00edos Olivares e Irene Cant\u00f3 Cuadrado.<\/p>\n<p>El nombre escogido es el de <strong>Hypatia<\/strong>, una mujer de la Alejandr\u00eda de los siglos IV y V, precursora de valores igualitarios que pasa a la historia por su labor como cabeza de la Escuela neoplat\u00f3nica y como cient\u00edfica. Por ello, Socrates dice lo siguiente de ella: \u00abHab\u00eda una mujer en Alejandr\u00eda que se llamaba Hypatia, hija del fil\u00f3sofo Te\u00f3n, que logr\u00f3 tales alcances en literatura y ciencia, que sobrepas\u00f3 en mucho a todos los fil\u00f3sofos de su propio tiempo\u00bb.<\/p>\n<p>La exposici\u00f3n est\u00e1 coordinada por <strong>Ana Mar\u00eda Vacas<\/strong> y se basa en una muestra art\u00edstica de ilustraci\u00f3n, dise\u00f1o y fotograf\u00eda. En ella, participar\u00e1n doce artistas caravaque\u00f1as, como son <strong>Marina Campoy<\/strong>, <strong>Mar\u00eda Caparr\u00f3s<\/strong>, <strong>Martina de la Cruz<\/strong>, <strong>Eva Barrilado<\/strong>, <strong>Gloria L\u00f3pez<\/strong>, <strong>Yolanda Noguera<\/strong>, <strong>Vanesa Garc\u00eda<\/strong>, <strong>Laura Zafra<\/strong>, <strong>Sefi Mart\u00ednez<\/strong>, <strong>Raquel Rosique<\/strong> y <strong>Pathirke J\u00e9rez<\/strong>.<\/p>\n<ul>\n<li><strong>IV Marcha Urbana \u00abS\u00famate\u00bb<\/strong><\/li>\n<\/ul>\n<p>La marcha dar\u00e1 comienzo a las 9:00 horas, desde la Plaza del Templete.<\/p>\n<ul>\n<li><strong>Lectura del manifiesto del D\u00eda Internacional de la Mujer<\/strong><\/li>\n<\/ul>\n<p>El manifiesto ser\u00e1 le\u00eddo a las 11:00 en el Sal\u00f3n de Plenos del Ayuntamiento de Caravaca de la Cruz.<\/p>\n<ul>\n<li><strong>Encuentros con autor: Francisco Jos\u00e9 Motos, <em>Las llaves del Para\u00edso<\/em><\/strong><\/li>\n<\/ul>\n<p style=\"text-align: center;\"><strong><img loading=\"lazy\" decoding=\"async\" class=\"aligncenter size-full wp-image-7885\" src=\"https:\/\/www.turismocaravaca.com\/blog\/wp-content\/uploads\/2019\/03\/8-Marzo2019.-Encuentro-con-autor.jpg\" alt=\"\" width=\"415\" height=\"600\" srcset=\"https:\/\/www.turismocaravaca.com\/blog\/wp-content\/uploads\/2019\/03\/8-Marzo2019.-Encuentro-con-autor.jpg 415w, https:\/\/www.turismocaravaca.com\/blog\/wp-content\/uploads\/2019\/03\/8-Marzo2019.-Encuentro-con-autor-208x300.jpg 208w\" sizes=\"(max-width: 415px) 100vw, 415px\" \/><\/strong><\/p>\n<ul>\n<li><strong>Homenaje a la Mujer Empresaria y a la Mujer Trabajadora<\/strong><\/li>\n<\/ul>\n<p>A las 21:00 horas, en el Teatro Thuillier se proceder\u00e1 a homenajear a <strong>Eva \u00c1lvarez Carre\u00f1o<\/strong> y a las <strong>bordadoras locales<\/strong>. Eva \u00c1lvarez es la gerente de las Cl\u00ednicas \u00abLipoescultor\u00bb, que comenz\u00f3 en Caravaca en 2010, extendi\u00e9ndose posteriormente a Cegeg\u00edn y a Murcia. Las bordadoras locales son m\u00e1s de 30 mujeres que se encargan de confeccionar los enjaezamientos de los Caballos del Vino y otras labores para Moros y Cristianos y Semana Santa.<\/p>\n<p>*Inciso: En la programaci\u00f3n oficial, lo fija a las 20:30 horas. No obstante, el horario ha sido modificado para las 21:00 horas.<\/p>\n<ul>\n<li><strong>II Marcha por la Igualdad<\/strong><\/li>\n<\/ul>\n<p style=\"text-align: center;\"><img loading=\"lazy\" decoding=\"async\" class=\"aligncenter size-full wp-image-7884\" src=\"https:\/\/www.turismocaravaca.com\/blog\/wp-content\/uploads\/2019\/03\/marcha-igualdad.jpg\" alt=\"\" width=\"593\" height=\"960\" srcset=\"https:\/\/www.turismocaravaca.com\/blog\/wp-content\/uploads\/2019\/03\/marcha-igualdad.jpg 593w, https:\/\/www.turismocaravaca.com\/blog\/wp-content\/uploads\/2019\/03\/marcha-igualdad-185x300.jpg 185w\" sizes=\"(max-width: 593px) 100vw, 593px\" \/><\/p>\n<p>El 10 de marzo tendr\u00e1 lugar la marcha, siendo promovida por la <strong>Asociaci\u00f3n Cultural C\u00e1bila Femenina Almor\u00e1vides<\/strong>, con la <strong>Concejal\u00eda de Deportes<\/strong> y otros muchos patrocinadores.<\/p>\n<p>Las <strong>inscripciones<\/strong> se pueden hacer de forma presencial en la Librer\u00eda Papiro y online en <a href=\"http:\/\/www.asuspuestos.com\/evento\/ii-marcha-por-la-igualdad\">asuspuestos.com<\/a>. Esta tiene un coste de 13\u20ac para los adultos y 6\u20ac para ni\u00f1os y ni\u00f1as de 3 a 12 a\u00f1os. En ella, se incluye el avituallamiento, la asistencia m\u00e9dica y el seguro de responsabilidad civil. Adem\u00e1s, tiene una parte ben\u00e9fica, ya que parcialmente se destinar\u00e1 a la <strong>Asociaci\u00f3n contra la Violencia Dom\u00e9stica de la Regi\u00f3n de Murcia AVIDA<\/strong>. Las camisetas y dorsales se podr\u00e1n recoger el mi\u00e9rcoles 7 de marzo en la Casa de Cultura, de 16 a 20 horas, presentando el justificante de pago.<\/p>\n<p>La competici\u00f3n consta de 3 modalidades que son las siguientes: Marcha \u00abDesfile Infantil\u00bb para ni\u00f1os y adultos, 3 km.; Marcha \u00abFestera\u00bb, ni\u00f1os y adultos, 5km.; y prueba de senderismo y running, 10 km. Esta sale desde el Paseo de la Corredera a las 10:00 horas, donde finalizar\u00e1 y se realizar\u00e1n actividades de animaci\u00f3n, sorteos y talleres infantiles.<\/p>\n<ul>\n<li><strong>Jornada jur\u00eddica<\/strong><\/li>\n<\/ul>\n<p>El 29 de marzo tendr\u00e1 lugar una jornada jur\u00eddica sobre las modificaciones legislativas en materia de violencia de g\u00e9nero y las consecuentes actuaciones policiales, incluidas en los fondos destinados a las actuaciones en materia de la prevenci\u00f3n del <strong>Pacto Nacional contra la Violencia de G\u00e9nero<\/strong>.<\/p>\n<p>&nbsp;<\/p>\n<p><strong>Fuentes: <\/strong><\/p>\n<ul>\n<li><a href=\"https:\/\/www.elperiodico.com\/es\/sociedad\/20180307\/dia-internacional-de-la-mujer-6672998\">https:\/\/www.elperiodico.com\/es\/sociedad\/20180307\/dia-internacional-de-la-mujer-6672998<\/a><\/li>\n<li><a href=\"https:\/\/mujeresconciencia.com\/2015\/06\/15\/hipatia\/\">https:\/\/mujeresconciencia.com\/2015\/06\/15\/hipatia\/<\/a><\/li>\n<li><a href=\"http:\/\/www.caravaca.org\/index.php?option=com_content&amp;task=view&amp;id=2807&amp;Itemid=60\">http:\/\/www.caravaca.org\/index.php?option=com_content&amp;task=view&amp;id=2807&amp;Itemid=60<\/a><\/li>\n<li><a href=\"http:\/\/www.caravaca.org\/index.php?option=com_content&amp;task=view&amp;id=2804&amp;Itemid=60\">http:\/\/www.caravaca.org\/index.php?option=com_content&amp;task=view&amp;id=2804&amp;Itemid=60<\/a><\/li>\n<li><a href=\"http:\/\/www.caravaca.org\/index.php?option=com_content&amp;task=view&amp;id=2792&amp;Itemid=60\">http:\/\/www.caravaca.org\/index.php?option=com_content&amp;task=view&amp;id=2792&amp;Itemid=60<\/a><\/li>\n<\/ul>\n<p><strong>Agradecimientos:<\/strong><\/p>\n<ul>\n<li>Ana Mar\u00eda Vacas, coordinadora de la exposici\u00f3n Hypatia, por aportarnos informaci\u00f3n al respecto.<\/li>\n<li>Todas las artistas participantes de la exposici\u00f3n Hypatia, por ofrecernos esta posibilidad de conocer el arte femenino.<\/li>\n<li>Ayuntamiento de Caravaca de la Cruz y Concejal\u00eda de la Mujer, por organizar todos los a\u00f1os estas actividades conmemorativas.<\/li>\n<li>Asociaci\u00f3n Cultural C\u00e1bila Femenina Almor\u00e1vides, por su colaboraci\u00f3n en la II Marcha por la Igualdad.<\/li>\n<li>C\u00edrculo Art\u00edstico 1911, por organizar el encuentro con el autor Francisco Jos\u00e9 Motos.<\/li>\n<li><strong>En especial, a todas y cada una de las mujeres.<\/strong><\/li>\n<\/ul>\n","protected":false},"excerpt":{"rendered":"<p>\u00abLas mujeres, como los hombres, deber\u00edan tratar de hacer lo imposible. Y cuando fallan, su fracaso debe ser un desaf\u00edo para los dem\u00e1s\u00bb. Amelia Earhart. Como todos los a\u00f1os, el d\u00eda 8 de marzo se celebra el D\u00eda Internacional de la Mujer. Este fue declarado as\u00ed por la ONU en 1975 para conmemorar la lucha [&hellip;]<\/p>\n","protected":false},"author":2,"featured_media":7886,"comment_status":"open","ping_status":"open","sticky":false,"template":"","format":"standard","meta":{"footnotes":""},"categories":[3,4,12,2126,14,16,2313,2138,28],"tags":[2425,198,2428,2426,869,2430,2431,2427,2434,2429,2257,2433,2432,2435],"class_list":["post-7881","post","type-post","status-publish","format-standard","has-post-thumbnail","hentry","category-actividades","category-arte","category-deportes","category-espanol","category-eventos","category-exposiones","category-fotografia","category-musica","category-pintura-2","tag-sumatecaravaca","tag-arte-2","tag-artistas-caravaquenas","tag-dia-internacional-de-la-mujer","tag-exposicion","tag-francisco-jose-motos","tag-homenajes","tag-hypatia","tag-ii-marcha-por-igualdad","tag-iv-marcha-urbana-sumate","tag-mujer","tag-mujer-empresaria","tag-mujer-trabajadora","tag-violencia-de-genero"],"_links":{"self":[{"href":"https:\/\/www.turismocaravaca.com\/blog\/wp-json\/wp\/v2\/posts\/7881"}],"collection":[{"href":"https:\/\/www.turismocaravaca.com\/blog\/wp-json\/wp\/v2\/posts"}],"about":[{"href":"https:\/\/www.turismocaravaca.com\/blog\/wp-json\/wp\/v2\/types\/post"}],"author":[{"embeddable":true,"href":"https:\/\/www.turismocaravaca.com\/blog\/wp-json\/wp\/v2\/users\/2"}],"replies":[{"embeddable":true,"href":"https:\/\/www.turismocaravaca.com\/blog\/wp-json\/wp\/v2\/comments?post=7881"}],"version-history":[{"count":6,"href":"https:\/\/www.turismocaravaca.com\/blog\/wp-json\/wp\/v2\/posts\/7881\/revisions"}],"predecessor-version":[{"id":7893,"href":"https:\/\/www.turismocaravaca.com\/blog\/wp-json\/wp\/v2\/posts\/7881\/revisions\/7893"}],"wp:featuredmedia":[{"embeddable":true,"href":"https:\/\/www.turismocaravaca.com\/blog\/wp-json\/wp\/v2\/media\/7886"}],"wp:attachment":[{"href":"https:\/\/www.turismocaravaca.com\/blog\/wp-json\/wp\/v2\/media?parent=7881"}],"wp:term":[{"taxonomy":"category","embeddable":true,"href":"https:\/\/www.turismocaravaca.com\/blog\/wp-json\/wp\/v2\/categories?post=7881"},{"taxonomy":"post_tag","embeddable":true,"href":"https:\/\/www.turismocaravaca.com\/blog\/wp-json\/wp\/v2\/tags?post=7881"}],"curies":[{"name":"wp","href":"https:\/\/api.w.org\/{rel}","templated":true}]}}