{"id":7894,"date":"2019-03-07T18:01:38","date_gmt":"2019-03-07T17:01:38","guid":{"rendered":"http:\/\/www.turismocaravaca.com\/blog\/?p=7894"},"modified":"2019-03-07T18:01:38","modified_gmt":"2019-03-07T17:01:38","slug":"auto-sacramental-de-la-aparicion-de-la-santisima-y-vera-cruz","status":"publish","type":"post","link":"https:\/\/www.turismocaravaca.com\/blog\/auto-sacramental-de-la-aparicion-de-la-santisima-y-vera-cruz\/","title":{"rendered":"Auto Sacramental de la Aparici\u00f3n de la Sant\u00edsima y Vera Cruz"},"content":{"rendered":"<p>Este domingo, d\u00eda <strong>10 de marzo<\/strong>, la <strong>Bas\u00edlica-Santuario de la Sant\u00edsima y Vera Cruz<\/strong> interpretar\u00e1 el <strong>Auto Sacramental de la Aparici\u00f3n de la Sant\u00edsima y Vera Cruz<\/strong>. Se trata de una obra de teatro de tem\u00e1tica religiosa, adaptada por el autor caravaque\u00f1o don <strong>Jos\u00e9 Antonio L\u00f3pez Navarro<\/strong>, \u201cel Jata\u201d.<\/p>\n<p>El acto consiste en representar la tradici\u00f3n hist\u00f3rica local que nos habla de la misteriosa aparici\u00f3n del \u201c<strong>Lignum Crucis<\/strong>\u201d en Caravaca. La historia nos cuenta c\u00f3mo el sayid almohade de Valencia, <strong>Zayd Abu-Zayd<\/strong>, habiendo conquistado este territorio, toma varios rehenes. Entre ellos, se encontraba el sacerdote conquense <strong>Gin\u00e9s P\u00e9rez de Chirinos<\/strong>. Por ello, cuando el sayid los interroga para saber sus oficios, el cura le habla de su trabajo dando <strong>misa<\/strong>. As\u00ed, el musulm\u00e1n queda intrigado y decide que le traigan de Cuenca todo lo necesario para que puedan mostrarle lo qu\u00e9 es una misa.<\/p>\n<p>Cuando llegan todos los ornamentos, Chirinos empieza a celebrar la liturgia en el sal\u00f3n principal del Alc\u00e1zar. El problema es que este no pudo continuar el acto, ya que le faltaba el crucifijo y esto le imped\u00eda proseguir el oficio. Por ello, de repente, a trav\u00e9s de la ventana del sal\u00f3n, aparecieron <strong>dos \u00e1ngeles con el \u201clignum crucis\u201d<\/strong> y lo depositaron en el altar, lo que le permiti\u00f3 continuar. Gracias a este maravilloso acto, el sayid y toda su corte quedaron prendados y decidieron bautizarse.<\/p>\n<p>&nbsp;<\/p>\n<p>Como todos sabemos, las misas de los domingos de la Bas\u00edlica son a las 12:00 y a las 18:00 horas. Sin embargo, este domingo solo se ofrecer\u00e1 la de la ma\u00f1ana, debido a la representaci\u00f3n de dicho acto por la tarde.<\/p>\n<p>Para m\u00e1s informaci\u00f3n:<\/p>\n<ul>\n<li><strong>Cofrad\u00eda de la Sant\u00edsima y Vera Cruz<\/strong>.<\/li>\n<\/ul>\n<p>Tel\u00e9fono: 968707743<\/p>\n<p>Email: <a href=\"mailto:cofrad\u00eda@lacruzdecaravaca.es\">cofrad\u00eda@lacruzdecaravaca.es<\/a><\/p>\n<p>P\u00e1ginas web:<\/p>\n<p><a href=\"http:\/\/www.lacruzdecaravaca.com\/\">http:\/\/www.lacruzdecaravaca.com\/<\/a><\/p>\n<p><a href=\"http:\/\/www.turismocaravaca.com\/es\/la-cruz-de-caravaca\">http:\/\/www.turismocaravaca.com\/es\/la-cruz-de-caravaca<\/a><\/p>\n<p>&nbsp;<\/p>\n<p><strong>Fuente:<\/strong> <a href=\"http:\/\/www.turismocaravaca.com\/es\/la-cruz-de-caravaca\">http:\/\/www.turismocaravaca.com\/es\/la-cruz-de-caravaca<\/a><\/p>\n","protected":false},"excerpt":{"rendered":"<p>Este domingo, d\u00eda 10 de marzo, la Bas\u00edlica-Santuario de la Sant\u00edsima y Vera Cruz interpretar\u00e1 el Auto Sacramental de la Aparici\u00f3n de la Sant\u00edsima y Vera Cruz. Se trata de una obra de teatro de tem\u00e1tica religiosa, adaptada por el autor caravaque\u00f1o don Jos\u00e9 Antonio L\u00f3pez Navarro, \u201cel Jata\u201d. El acto consiste en representar la [&hellip;]<\/p>\n","protected":false},"author":2,"featured_media":7895,"comment_status":"open","ping_status":"open","sticky":false,"template":"","format":"standard","meta":{"footnotes":""},"categories":[6,9,2117,2126,14,21,2377,31,2116],"tags":[2436,2437,262,263,603,1064,2438,1822,1902],"class_list":["post-7894","post","type-post","status-publish","format-standard","has-post-thumbnail","hentry","category-basilicas","category-cofradias","category-cruz-de-caravaca","category-espanol","category-eventos","category-iglesias","category-religion","category-santuarios","category-teatro","tag-acto","tag-aparicion","tag-basilica","tag-basilica-santuario","tag-cruz","tag-historia","tag-representacion","tag-santuario","tag-teatro"],"_links":{"self":[{"href":"https:\/\/www.turismocaravaca.com\/blog\/wp-json\/wp\/v2\/posts\/7894"}],"collection":[{"href":"https:\/\/www.turismocaravaca.com\/blog\/wp-json\/wp\/v2\/posts"}],"about":[{"href":"https:\/\/www.turismocaravaca.com\/blog\/wp-json\/wp\/v2\/types\/post"}],"author":[{"embeddable":true,"href":"https:\/\/www.turismocaravaca.com\/blog\/wp-json\/wp\/v2\/users\/2"}],"replies":[{"embeddable":true,"href":"https:\/\/www.turismocaravaca.com\/blog\/wp-json\/wp\/v2\/comments?post=7894"}],"version-history":[{"count":1,"href":"https:\/\/www.turismocaravaca.com\/blog\/wp-json\/wp\/v2\/posts\/7894\/revisions"}],"predecessor-version":[{"id":7896,"href":"https:\/\/www.turismocaravaca.com\/blog\/wp-json\/wp\/v2\/posts\/7894\/revisions\/7896"}],"wp:featuredmedia":[{"embeddable":true,"href":"https:\/\/www.turismocaravaca.com\/blog\/wp-json\/wp\/v2\/media\/7895"}],"wp:attachment":[{"href":"https:\/\/www.turismocaravaca.com\/blog\/wp-json\/wp\/v2\/media?parent=7894"}],"wp:term":[{"taxonomy":"category","embeddable":true,"href":"https:\/\/www.turismocaravaca.com\/blog\/wp-json\/wp\/v2\/categories?post=7894"},{"taxonomy":"post_tag","embeddable":true,"href":"https:\/\/www.turismocaravaca.com\/blog\/wp-json\/wp\/v2\/tags?post=7894"}],"curies":[{"name":"wp","href":"https:\/\/api.w.org\/{rel}","templated":true}]}}