{"id":7918,"date":"2019-03-21T14:11:58","date_gmt":"2019-03-21T13:11:58","guid":{"rendered":"http:\/\/www.turismocaravaca.com\/blog\/?p=7918"},"modified":"2019-03-21T14:12:56","modified_gmt":"2019-03-21T13:12:56","slug":"caravaca-en-marcha-por-venezuela","status":"publish","type":"post","link":"https:\/\/www.turismocaravaca.com\/blog\/caravaca-en-marcha-por-venezuela\/","title":{"rendered":"Caravaca en marcha por Venezuela"},"content":{"rendered":"<p><img loading=\"lazy\" decoding=\"async\" class=\"aligncenter size-full wp-image-7920\" src=\"https:\/\/www.turismocaravaca.com\/blog\/wp-content\/uploads\/2019\/03\/marcha-delwende.jpg\" alt=\"\" width=\"678\" height=\"960\" srcset=\"https:\/\/www.turismocaravaca.com\/blog\/wp-content\/uploads\/2019\/03\/marcha-delwende.jpg 678w, https:\/\/www.turismocaravaca.com\/blog\/wp-content\/uploads\/2019\/03\/marcha-delwende-212x300.jpg 212w\" sizes=\"(max-width: 678px) 100vw, 678px\" \/><\/p>\n<p>El pr\u00f3ximo domingo, d\u00eda 24 de marzo de 2019, tendr\u00e1 lugar la <strong>II Marcha Solidaria DELWENDE<\/strong>. Esta comenzar\u00e1 a las 10 de la ma\u00f1ana, desde el Parque Pedro Garc\u00eda-Esteller, donde tambi\u00e9n se situar\u00e1 la meta, en la que se realizar\u00e1n otras actividades complementarias. Durante el recorrido, pasar\u00e1n por las Fuentes del Marqu\u00e9s, donde parar\u00e1n a tomar el almuerzo. Se trata de una marcha ben\u00e9fica, destinada al <strong>proyecto \u201cCrecer con talentos\u201d<\/strong> de la <strong>ONG \u201cDELWENDE, al Servicio de la Vida\u201d<\/strong>.<\/p>\n<p><img loading=\"lazy\" decoding=\"async\" class=\"aligncenter size-full wp-image-7919\" src=\"https:\/\/www.turismocaravaca.com\/blog\/wp-content\/uploads\/2019\/03\/delwende.jpg\" alt=\"\" width=\"400\" height=\"400\" srcset=\"https:\/\/www.turismocaravaca.com\/blog\/wp-content\/uploads\/2019\/03\/delwende.jpg 400w, https:\/\/www.turismocaravaca.com\/blog\/wp-content\/uploads\/2019\/03\/delwende-150x150.jpg 150w, https:\/\/www.turismocaravaca.com\/blog\/wp-content\/uploads\/2019\/03\/delwende-300x300.jpg 300w\" sizes=\"(max-width: 400px) 100vw, 400px\" \/><\/p>\n<p>La ONG nace en 1997, por iniciativa de las <strong>Hermanas de Nuestra Se\u00f1ora de la Consolaci\u00f3n<\/strong>, con el objetivo de ayudar a los necesitados de los pa\u00edses m\u00e1s pobres de <strong>Asia, \u00c1frica y Latinoam\u00e9rica<\/strong>. Posteriormente, se la declara de Utilidad P\u00fablica y se inscribe al Registro de Asociaciones del Ministerio del Interior y al de ONGD de la AECID. Tambi\u00e9n, se hace miembro de la Coordinadora de ONGD de la Regi\u00f3n de Murcia, de la Federaci\u00f3n Aragonesa de Solidaridad y de la Federaci\u00f3n de ONGD de la Comunidad de Madrid.<\/p>\n<p>Por ello, repartidas por toda Espa\u00f1a tiene <strong>30 delegaciones locales<\/strong>, en las que se puede colaborar, ya que todas las personas de la organizaci\u00f3n son <strong>voluntarios<\/strong>. Adem\u00e1s, sus proyectos se centran en el desarrollo, la educaci\u00f3n y la sanidad.<\/p>\n<p>Entre ellos, se encuentra al que est\u00e1 destinada dicha marcha, centr\u00e1ndose en los m\u00e1s necesitados de <strong>Venezuela<\/strong>. En este proyecto tienen los siguientes objetivos:<\/p>\n<ul>\n<li>Reparaciones y obras en la <strong>Casa Hogar de San Jos\u00e9 de Barcelona<\/strong>.<\/li>\n<li>Construir un pozo en <strong>Caicara del Orinoco<\/strong>.<\/li>\n<li>Comprar un tractor para la Casa Hogar de San Jos\u00e9 en Barcelona.<\/li>\n<li>Pagar el salario del personal de la <strong>guarder\u00eda El Pinar en Tucan\u00ed<\/strong>.<\/li>\n<li>Comprar material escolar para la Casa Hogar de San Jos\u00e9 en Barcelona.<\/li>\n<li>Reparar los sanitarios y la sala en la Casa Hogar de San Jos\u00e9 en Barcelona, a\u00fan pendiente de recaudar.<\/li>\n<\/ul>\n<p>A continuaci\u00f3n, os enlazamos el primer spot de la ONG para que los conozc\u00e1is un poco m\u00e1s.<\/p>\n<p><a href=\"https:\/\/www.youtube.com\/watch?time_continue=1&amp;v=n3MqPrH9Mr8\">https:\/\/www.youtube.com\/watch?time_continue=1&amp;v=n3MqPrH9Mr8<\/a><\/p>\n<p>Fuentes:<\/p>\n<ul>\n<li><a href=\"http:\/\/www.caravaca.org\/index.php?option=com_content&amp;task=view&amp;id=2768&amp;Itemid=50\">http:\/\/www.caravaca.org\/index.php?option=com_content&amp;task=view&amp;id=2768&amp;Itemid=50<\/a><\/li>\n<li><a href=\"http:\/\/delwende.es\/\">http:\/\/delwende.es\/<\/a><\/li>\n<\/ul>\n","protected":false},"excerpt":{"rendered":"<p>El pr\u00f3ximo domingo, d\u00eda 24 de marzo de 2019, tendr\u00e1 lugar la II Marcha Solidaria DELWENDE. Esta comenzar\u00e1 a las 10 de la ma\u00f1ana, desde el Parque Pedro Garc\u00eda-Esteller, donde tambi\u00e9n se situar\u00e1 la meta, en la que se realizar\u00e1n otras actividades complementarias. Durante el recorrido, pasar\u00e1n por las Fuentes del Marqu\u00e9s, donde parar\u00e1n a [&hellip;]<\/p>\n","protected":false},"author":2,"featured_media":7920,"comment_status":"open","ping_status":"open","sticky":false,"template":"","format":"standard","meta":{"footnotes":""},"categories":[3,12,2126,14,2376,30],"tags":[2450,2447,2451,2448,2449],"class_list":["post-7918","post","type-post","status-publish","format-standard","has-post-thumbnail","hentry","category-actividades","category-deportes","category-espanol","category-eventos","category-ninos","category-rutas","tag-caridad","tag-marcha-solidaria","tag-necesitados","tag-ong-delwende","tag-venezuela"],"_links":{"self":[{"href":"https:\/\/www.turismocaravaca.com\/blog\/wp-json\/wp\/v2\/posts\/7918"}],"collection":[{"href":"https:\/\/www.turismocaravaca.com\/blog\/wp-json\/wp\/v2\/posts"}],"about":[{"href":"https:\/\/www.turismocaravaca.com\/blog\/wp-json\/wp\/v2\/types\/post"}],"author":[{"embeddable":true,"href":"https:\/\/www.turismocaravaca.com\/blog\/wp-json\/wp\/v2\/users\/2"}],"replies":[{"embeddable":true,"href":"https:\/\/www.turismocaravaca.com\/blog\/wp-json\/wp\/v2\/comments?post=7918"}],"version-history":[{"count":2,"href":"https:\/\/www.turismocaravaca.com\/blog\/wp-json\/wp\/v2\/posts\/7918\/revisions"}],"predecessor-version":[{"id":7922,"href":"https:\/\/www.turismocaravaca.com\/blog\/wp-json\/wp\/v2\/posts\/7918\/revisions\/7922"}],"wp:featuredmedia":[{"embeddable":true,"href":"https:\/\/www.turismocaravaca.com\/blog\/wp-json\/wp\/v2\/media\/7920"}],"wp:attachment":[{"href":"https:\/\/www.turismocaravaca.com\/blog\/wp-json\/wp\/v2\/media?parent=7918"}],"wp:term":[{"taxonomy":"category","embeddable":true,"href":"https:\/\/www.turismocaravaca.com\/blog\/wp-json\/wp\/v2\/categories?post=7918"},{"taxonomy":"post_tag","embeddable":true,"href":"https:\/\/www.turismocaravaca.com\/blog\/wp-json\/wp\/v2\/tags?post=7918"}],"curies":[{"name":"wp","href":"https:\/\/api.w.org\/{rel}","templated":true}]}}