{"id":7924,"date":"2019-03-26T17:02:29","date_gmt":"2019-03-26T16:02:29","guid":{"rendered":"http:\/\/www.turismocaravaca.com\/blog\/?p=7924"},"modified":"2019-03-26T17:02:29","modified_gmt":"2019-03-26T16:02:29","slug":"dia-mundial-del-teatro","status":"publish","type":"post","link":"https:\/\/www.turismocaravaca.com\/blog\/dia-mundial-del-teatro\/","title":{"rendered":"D\u00eda Mundial del Teatro"},"content":{"rendered":"<p>En Caravaca de la Cruz, el <strong>Teatro Thuillier<\/strong> ocupa una posici\u00f3n privilegiada, ya que acoge actos de todo tipo que <strong>vertebran<\/strong> la vida social, pol\u00edtica y cultural de la ciudad. En total, el teatro puede acoger hasta 428 personas. El nombre le viene del malague\u00f1o <strong>Emilio Thuillier<\/strong>, que visit\u00f3 Caravaca en 1903. El \u00e9xito de la visita de su compa\u00f1\u00eda dram\u00e1tica movi\u00f3 a los caravaque\u00f1os a poner su nombre al teatro.<\/p>\n<p><img loading=\"lazy\" decoding=\"async\" class=\"aligncenter size-full wp-image-7925\" src=\"https:\/\/www.turismocaravaca.com\/blog\/wp-content\/uploads\/2019\/03\/1917-05-06_La_Novela_Teatral_Emilio_Thuillier_Tovar.jpg\" alt=\"\" width=\"631\" height=\"905\" srcset=\"https:\/\/www.turismocaravaca.com\/blog\/wp-content\/uploads\/2019\/03\/1917-05-06_La_Novela_Teatral_Emilio_Thuillier_Tovar.jpg 631w, https:\/\/www.turismocaravaca.com\/blog\/wp-content\/uploads\/2019\/03\/1917-05-06_La_Novela_Teatral_Emilio_Thuillier_Tovar-209x300.jpg 209w\" sizes=\"(max-width: 631px) 100vw, 631px\" \/><\/p>\n<p>La afici\u00f3n de los caravaque\u00f1os por el teatro viene de lejos, pues ya en el <strong>siglo XIV<\/strong> se hac\u00edan representaciones religiosas en la calle con motivo de la festividad del Corpus. M\u00e1s adelante, y siguiendo con la vinculaci\u00f3n entre el teatro y la religi\u00f3n, existi\u00f3 un <strong>patio de comedias <\/strong>en el patio de la Ermita del Buen Suceso, a la que se donaba la recaudaci\u00f3n. Adem\u00e1s, se representaban obras en la <strong>Plaza Mayor<\/strong> cuando alg\u00fan suceso importante ocurr\u00eda en el pueblo. Para tener un<strong> teatro moderno<\/strong> y acorde a la importancia de Caravaca, el pueblo tuvo que esperar hasta mediados del S. XIX. La obra corri\u00f3 a cargo de Alejandro L\u00f3pez y los decorados los hizo Enrique D\u2019Almont. El solar en el que lo edificaron lo ocupaba anteriormente la antigua <strong>casa-hospital de los Hermanos de San Juan de Dios<\/strong>.<\/p>\n<p>Dada la larga historia del edificio y la gran actividad que ha tenido desde siempre, se ha tenido que <strong>rehabilitar<\/strong> y <strong>reformar<\/strong> en diferentes ocasiones. Esto ha permitido, adem\u00e1s, <strong>adaptarlo<\/strong> a las diferentes necesidades que han ido surgiendo a lo largo del tiempo. De esta forma, se pudo utilizar el teatro, por ejemplo, para <strong>proyecciones cinematogr\u00e1ficas<\/strong>. Esto ocurri\u00f3 en el a\u00f1o 1926, cuando se adapt\u00f3 el edificio al s\u00e9ptimo arte. Sin embargo, el Teatro Thuillier ya conoc\u00eda el cine, ya que en <strong>1901<\/strong> fue testigo de la llegada del cinemat\u00f3grafo por primera vez a Caravaca. La \u00faltima <strong>gran remodelaci\u00f3n<\/strong> del teatro tuvo lugar en 1986 y corri\u00f3 a cargo de los arquitectos Joaqu\u00edn y Manuel Sainz de Vicu\u00f1a.<\/p>\n<p><img loading=\"lazy\" decoding=\"async\" class=\"aligncenter size-full wp-image-7927\" src=\"https:\/\/www.turismocaravaca.com\/blog\/wp-content\/uploads\/2019\/03\/thumb.png\" alt=\"\" width=\"502\" height=\"219\" srcset=\"https:\/\/www.turismocaravaca.com\/blog\/wp-content\/uploads\/2019\/03\/thumb.png 502w, https:\/\/www.turismocaravaca.com\/blog\/wp-content\/uploads\/2019\/03\/thumb-300x131.png 300w\" sizes=\"(max-width: 502px) 100vw, 502px\" \/><\/p>\n<p>Sin embargo, no todo han sido grandes remodelaciones, ya que tambi\u00e9n ha resultado necesario ir conservando su aspecto con peque\u00f1as <strong>renovaciones<\/strong> de tanto en cuando. La <strong>\u00faltima<\/strong> de estas remodelaciones ha tenido lugar a comienzos de este a\u00f1o. El Ayuntamiento renov\u00f3 la pintura de la fachada y el recibidor del teatro. Los trabajos corrieron a cargo de los participantes de un programa de inclusi\u00f3n, bajo la supervisi\u00f3n del Departamento de Obras y Urbanismo.<\/p>\n<figure id=\"attachment_7926\" aria-describedby=\"caption-attachment-7926\" style=\"width: 540px\" class=\"wp-caption aligncenter\"><img loading=\"lazy\" decoding=\"async\" class=\"size-full wp-image-7926\" src=\"https:\/\/www.turismocaravaca.com\/blog\/wp-content\/uploads\/2019\/03\/teatro-thuillier.jpg\" alt=\"\" width=\"540\" height=\"359\" srcset=\"https:\/\/www.turismocaravaca.com\/blog\/wp-content\/uploads\/2019\/03\/teatro-thuillier.jpg 540w, https:\/\/www.turismocaravaca.com\/blog\/wp-content\/uploads\/2019\/03\/teatro-thuillier-300x199.jpg 300w\" sizes=\"(max-width: 540px) 100vw, 540px\" \/><figcaption id=\"caption-attachment-7926\" class=\"wp-caption-text\">Teatro Thuillier<\/figcaption><\/figure>\n<p>Ma\u00f1ana es el <strong>D\u00eda del Teatro<\/strong> y no quer\u00edamos dejar pasar la oportunidad de hablar sobre unos de los m\u00e1s ilustres vecinos de Caravaca: el Teatro Thuillier. Durante <strong>siglos<\/strong>, el teatro ha formado parte de la identidad y la vida de los caravaque\u00f1os. Con la llegada del siglo XIX y la inauguraci\u00f3n de un teatro acorde a la importancia del municipio, los caravaque\u00f1os pudieron contar con un espacio en el que expresarse cuando lo necesitaran. Como integrante de esa lista de selectos lugares que conforman el <strong>alma<\/strong> de la ciudad, el teatro Thuillier ha permitido que los caravaque\u00f1os disfruten de un espacio de ocio, de cultura, de pol\u00edtica, de reuni\u00f3n, etc. en el que todo cabe y para que <strong>todos<\/strong> puedan sentirse acogidos y acompa\u00f1ados.<\/p>\n<p><u>Fuentes<\/u>:<\/p>\n<ul>\n<li><a href=\"http:\/\/www.caravaca.org\/index.php?option=com_content&amp;task=view&amp;id=2755&amp;Itemid=60\">http:\/\/www.caravaca.org\/index.php?option=com_content&amp;task=view&amp;id=2755&amp;Itemid=60<\/a><\/li>\n<li><a href=\"https:\/\/www.laopiniondemurcia.es\/municipios\/2019\/01\/17\/ayuntamiento-caravaca-renueva-pintura-fachada\/989338.html\">https:\/\/www.laopiniondemurcia.es\/municipios\/2019\/01\/17\/ayuntamiento-caravaca-renueva-pintura-fachada\/989338.html<\/a><\/li>\n<li><a href=\"http:\/\/www.regmurcia.com\/servlet\/s.Sl?sit=a,74,c,371,m,1215&amp;r=CeP-911-DETALLE_CENTRO\">http:\/\/www.regmurcia.com\/servlet\/s.Sl?sit=a,74,c,371,m,1215&amp;r=CeP-911-DETALLE_CENTRO<\/a><\/li>\n<li><a href=\"https:\/\/www.murciaturistica.es\/es\/monumento\/teatro-thuillier-924\/#fotos-recurso\">https:\/\/www.murciaturistica.es\/es\/monumento\/teatro-thuillier-924\/#fotos-recurso<\/a><\/li>\n<li><a href=\"https:\/\/www.turismocaravaca.com\/blog\/teatro-thuillier-como-se-creo-theatre-thuillier-how-was-it-created\/\">https:\/\/www.turismocaravaca.com\/blog\/teatro-thuillier-como-se-creo-theatre-thuillier-how-was-it-created\/<\/a><\/li>\n<li><a href=\"https:\/\/en.wikipedia.org\/wiki\/es:Manuel_Tovar_Siles\">Manuel Tovar<\/a> &#8211; <em>La Novela Teatral<\/em>, a\u00f1o II, n\u00ba 21. \u00abLa se\u00f1orita de Trevelez\u00bb por Carlos Arniches.<\/li>\n<li><a href=\"https:\/\/www.taquilla.com\/caravaca-de-la-cruz\/teatro-thuillier-caravaca\">https:\/\/www.taquilla.com\/caravaca-de-la-cruz\/teatro-thuillier-caravaca<\/a><\/li>\n<li><a href=\"https:\/\/www.laopiniondemurcia.es\/municipios\/2019\/01\/17\/ayuntamiento-caravaca-renueva-pintura-fachada\/989338.html\">https:\/\/www.laopiniondemurcia.es\/municipios\/2019\/01\/17\/ayuntamiento-caravaca-renueva-pintura-fachada\/989338.html<\/a><\/li>\n<li><a href=\"http:\/\/www.regmurcia.com\/servlet\/s.Sl?sit=a,74,c,371,m,1215&amp;r=CeP-911-DETALLE_CENTRO\">http:\/\/www.regmurcia.com\/servlet\/s.Sl?sit=a,74,c,371,m,1215&amp;r=CeP-911-DETALLE_CENTRO<\/a><\/li>\n<\/ul>\n","protected":false},"excerpt":{"rendered":"<p>En Caravaca de la Cruz, el Teatro Thuillier ocupa una posici\u00f3n privilegiada, ya que acoge actos de todo tipo que vertebran la vida social, pol\u00edtica y cultural de la ciudad. En total, el teatro puede acoger hasta 428 personas. El nombre le viene del malague\u00f1o Emilio Thuillier, que visit\u00f3 Caravaca en 1903. El \u00e9xito de [&hellip;]<\/p>\n","protected":false},"author":2,"featured_media":7928,"comment_status":"open","ping_status":"open","sticky":false,"template":"","format":"standard","meta":{"footnotes":""},"categories":[2114,10,2126,14,22,24,2116],"tags":[475,2452,2454,1093,2453,1902,1935],"class_list":["post-7924","post","type-post","status-publish","format-standard","has-post-thumbnail","hentry","category-cine","category-conciertos-2","category-espanol","category-eventos","category-lugares-de-interes","category-monumentos-2","category-teatro","tag-cine","tag-dia-del-teatro","tag-hospital","tag-iglesia","tag-religion","tag-teatro","tag-thuillier"],"_links":{"self":[{"href":"https:\/\/www.turismocaravaca.com\/blog\/wp-json\/wp\/v2\/posts\/7924"}],"collection":[{"href":"https:\/\/www.turismocaravaca.com\/blog\/wp-json\/wp\/v2\/posts"}],"about":[{"href":"https:\/\/www.turismocaravaca.com\/blog\/wp-json\/wp\/v2\/types\/post"}],"author":[{"embeddable":true,"href":"https:\/\/www.turismocaravaca.com\/blog\/wp-json\/wp\/v2\/users\/2"}],"replies":[{"embeddable":true,"href":"https:\/\/www.turismocaravaca.com\/blog\/wp-json\/wp\/v2\/comments?post=7924"}],"version-history":[{"count":1,"href":"https:\/\/www.turismocaravaca.com\/blog\/wp-json\/wp\/v2\/posts\/7924\/revisions"}],"predecessor-version":[{"id":7929,"href":"https:\/\/www.turismocaravaca.com\/blog\/wp-json\/wp\/v2\/posts\/7924\/revisions\/7929"}],"wp:featuredmedia":[{"embeddable":true,"href":"https:\/\/www.turismocaravaca.com\/blog\/wp-json\/wp\/v2\/media\/7928"}],"wp:attachment":[{"href":"https:\/\/www.turismocaravaca.com\/blog\/wp-json\/wp\/v2\/media?parent=7924"}],"wp:term":[{"taxonomy":"category","embeddable":true,"href":"https:\/\/www.turismocaravaca.com\/blog\/wp-json\/wp\/v2\/categories?post=7924"},{"taxonomy":"post_tag","embeddable":true,"href":"https:\/\/www.turismocaravaca.com\/blog\/wp-json\/wp\/v2\/tags?post=7924"}],"curies":[{"name":"wp","href":"https:\/\/api.w.org\/{rel}","templated":true}]}}