{"id":7998,"date":"2019-04-23T18:12:32","date_gmt":"2019-04-23T16:12:32","guid":{"rendered":"http:\/\/www.turismocaravaca.com\/blog\/?p=7998"},"modified":"2019-04-23T18:12:32","modified_gmt":"2019-04-23T16:12:32","slug":"baile-del-panuelo-2019","status":"publish","type":"post","link":"https:\/\/www.turismocaravaca.com\/blog\/baile-del-panuelo-2019\/","title":{"rendered":"Baile del Pa\u00f1uelo 2019"},"content":{"rendered":"<p><img loading=\"lazy\" decoding=\"async\" class=\"aligncenter size-full wp-image-7999\" src=\"https:\/\/www.turismocaravaca.com\/blog\/wp-content\/uploads\/2019\/04\/dia-del-pa\u00f1uelo.jpg\" alt=\"\" width=\"707\" height=\"1000\" srcset=\"https:\/\/www.turismocaravaca.com\/blog\/wp-content\/uploads\/2019\/04\/dia-del-pa\u00f1uelo.jpg 707w, https:\/\/www.turismocaravaca.com\/blog\/wp-content\/uploads\/2019\/04\/dia-del-pa\u00f1uelo-212x300.jpg 212w\" sizes=\"(max-width: 707px) 100vw, 707px\" \/><\/p>\n<p>Este s\u00e1bado 27 de abril, le toca celebrar su d\u00eda grande al Bando Caballista. Como ya os habr\u00e9is dado cuenta, los bailes de las Prefiestas suelen tener la misma estructura: pasacalles, banda de m\u00fasica, comidas, juegos infantiles, m\u00fasica por la noche, etc. Por eso, este s\u00e1bado, durante el D\u00eda del Pa\u00f1uelo (o del Caballo), podr\u00e9is disfrutar de este tipo de actividades. Aunque sean similares a las que se organizan en los otros Bailes, tendr\u00e1n el toque inconfundible de la Fiesta de los Caballos del Vino.<\/p>\n<p><img loading=\"lazy\" decoding=\"async\" class=\"aligncenter size-full wp-image-8000\" src=\"https:\/\/www.turismocaravaca.com\/blog\/wp-content\/uploads\/2019\/04\/escudo.jpg\" alt=\"\" width=\"340\" height=\"160\" srcset=\"https:\/\/www.turismocaravaca.com\/blog\/wp-content\/uploads\/2019\/04\/escudo.jpg 340w, https:\/\/www.turismocaravaca.com\/blog\/wp-content\/uploads\/2019\/04\/escudo-300x141.jpg 300w\" sizes=\"(max-width: 340px) 100vw, 340px\" \/><\/p>\n<p>Este Bando est\u00e1 compuesto por todas las Pe\u00f1as Caballistas, que son las que compiten por tener el mejor caballo, el manto m\u00e1s bello y el desempe\u00f1o m\u00e1s r\u00e1pido en la carrera. Se reconoce a sus miembros por llevar una camisa blanca y un pa\u00f1uelo y un faj\u00edn rojos. Todo esto ocurre durante los d\u00edas 1 y 2 de mayo, que son los m\u00e1s centrados en los caballos. El bando es adem\u00e1s encargado de actuar como \u00e1rbitro y supervisor de los actos de los d\u00edas 1 y 2 de mayo y de mediar entre las pe\u00f1as en caso de disputas.<\/p>\n<p><img loading=\"lazy\" decoding=\"async\" class=\"aligncenter size-full wp-image-8001\" src=\"https:\/\/www.turismocaravaca.com\/blog\/wp-content\/uploads\/2019\/04\/foto-simbolica.jpg\" alt=\"\" width=\"700\" height=\"460\" srcset=\"https:\/\/www.turismocaravaca.com\/blog\/wp-content\/uploads\/2019\/04\/foto-simbolica.jpg 700w, https:\/\/www.turismocaravaca.com\/blog\/wp-content\/uploads\/2019\/04\/foto-simbolica-300x197.jpg 300w\" sizes=\"(max-width: 700px) 100vw, 700px\" \/><\/p>\n<p>Al igual que los otros bandos, tambi\u00e9n tienen a sus personajes destacados, que son los que les representan p\u00fablicamente durante dos a\u00f1os. En el caso, se trata de las Amazonas Mayor e Infantil. El papel recae en dos j\u00f3venes designadas por el Bando, a las que se puede ver en los actos p\u00fablicos montadas a caballo y con una vestimenta caracter\u00edstica. Este a\u00f1o, se ha elegido a Carmen Mar\u00eda Jorquera como Amazona Mayor y a Mar\u00eda Mar\u00edn como Amazona Infantil.<\/p>\n<p><img loading=\"lazy\" decoding=\"async\" class=\"aligncenter size-full wp-image-8002\" src=\"https:\/\/www.turismocaravaca.com\/blog\/wp-content\/uploads\/2019\/04\/53921396_2237442019647044_4902319853982973952_n.jpg\" alt=\"\" width=\"720\" height=\"628\" srcset=\"https:\/\/www.turismocaravaca.com\/blog\/wp-content\/uploads\/2019\/04\/53921396_2237442019647044_4902319853982973952_n.jpg 720w, https:\/\/www.turismocaravaca.com\/blog\/wp-content\/uploads\/2019\/04\/53921396_2237442019647044_4902319853982973952_n-300x262.jpg 300w\" sizes=\"(max-width: 720px) 100vw, 720px\" \/><\/p>\n<p>Como ya hemos dicho anteriormente, su d\u00eda grande es el 2 de mayo. Durante la jornada, se disputan dos premios relacionados con los caballos. El primero de ellos es el premio de enjaezamientos, en el que gana el mejor manto. El segundo premio es el que se disputa en la carrera de los Caballos del Vino, inspirado en la leyenda en torno a la Cruz de Caravaca. Para la carrera, se suele realizar un concurso para decidir el orden de subida. Este a\u00f1o, ha quedado as\u00ed:<\/p>\n<p><img loading=\"lazy\" decoding=\"async\" class=\"aligncenter size-full wp-image-8003\" src=\"https:\/\/www.turismocaravaca.com\/blog\/wp-content\/uploads\/2019\/04\/listado-bloques.jpg\" alt=\"\" width=\"960\" height=\"895\" srcset=\"https:\/\/www.turismocaravaca.com\/blog\/wp-content\/uploads\/2019\/04\/listado-bloques.jpg 960w, https:\/\/www.turismocaravaca.com\/blog\/wp-content\/uploads\/2019\/04\/listado-bloques-300x280.jpg 300w, https:\/\/www.turismocaravaca.com\/blog\/wp-content\/uploads\/2019\/04\/listado-bloques-768x716.jpg 768w\" sizes=\"(max-width: 960px) 100vw, 960px\" \/><\/p>\n","protected":false},"excerpt":{"rendered":"<p>Este s\u00e1bado 27 de abril, le toca celebrar su d\u00eda grande al Bando Caballista. Como ya os habr\u00e9is dado cuenta, los bailes de las Prefiestas suelen tener la misma estructura: pasacalles, banda de m\u00fasica, comidas, juegos infantiles, m\u00fasica por la noche, etc. Por eso, este s\u00e1bado, durante el D\u00eda del Pa\u00f1uelo (o del Caballo), podr\u00e9is [&hellip;]<\/p>\n","protected":false},"author":2,"featured_media":8004,"comment_status":"open","ping_status":"open","sticky":false,"template":"","format":"standard","meta":{"footnotes":""},"categories":[2302,11,2117,2126,14,18],"tags":[168,251,316,414,2303,1278,2491],"class_list":["post-7998","post","type-post","status-publish","format-standard","has-post-thumbnail","hentry","category-caballos-del-vino","category-concursos","category-cruz-de-caravaca","category-espanol","category-eventos","category-fiestas-2","tag-amazona","tag-bando","tag-caballos-del-vino","tag-carrera","tag-enjaezamiento","tag-manto","tag-panuelo"],"_links":{"self":[{"href":"https:\/\/www.turismocaravaca.com\/blog\/wp-json\/wp\/v2\/posts\/7998"}],"collection":[{"href":"https:\/\/www.turismocaravaca.com\/blog\/wp-json\/wp\/v2\/posts"}],"about":[{"href":"https:\/\/www.turismocaravaca.com\/blog\/wp-json\/wp\/v2\/types\/post"}],"author":[{"embeddable":true,"href":"https:\/\/www.turismocaravaca.com\/blog\/wp-json\/wp\/v2\/users\/2"}],"replies":[{"embeddable":true,"href":"https:\/\/www.turismocaravaca.com\/blog\/wp-json\/wp\/v2\/comments?post=7998"}],"version-history":[{"count":1,"href":"https:\/\/www.turismocaravaca.com\/blog\/wp-json\/wp\/v2\/posts\/7998\/revisions"}],"predecessor-version":[{"id":8005,"href":"https:\/\/www.turismocaravaca.com\/blog\/wp-json\/wp\/v2\/posts\/7998\/revisions\/8005"}],"wp:featuredmedia":[{"embeddable":true,"href":"https:\/\/www.turismocaravaca.com\/blog\/wp-json\/wp\/v2\/media\/8004"}],"wp:attachment":[{"href":"https:\/\/www.turismocaravaca.com\/blog\/wp-json\/wp\/v2\/media?parent=7998"}],"wp:term":[{"taxonomy":"category","embeddable":true,"href":"https:\/\/www.turismocaravaca.com\/blog\/wp-json\/wp\/v2\/categories?post=7998"},{"taxonomy":"post_tag","embeddable":true,"href":"https:\/\/www.turismocaravaca.com\/blog\/wp-json\/wp\/v2\/tags?post=7998"}],"curies":[{"name":"wp","href":"https:\/\/api.w.org\/{rel}","templated":true}]}}