{"id":8079,"date":"2019-05-21T17:37:05","date_gmt":"2019-05-21T15:37:05","guid":{"rendered":"http:\/\/www.turismocaravaca.com\/blog\/?p=8079"},"modified":"2019-05-21T17:37:05","modified_gmt":"2019-05-21T15:37:05","slug":"feria-del-libro-antiguo-y-de-ocasion-2019","status":"publish","type":"post","link":"https:\/\/www.turismocaravaca.com\/blog\/feria-del-libro-antiguo-y-de-ocasion-2019\/","title":{"rendered":"Feria del Libro Antiguo y de Ocasi\u00f3n 2019"},"content":{"rendered":"<p>Desde el pasado s\u00e1bado, <strong>18 de mayo<\/strong>, podemos disfrutar de la <strong>Feria del Libro Antiguo y de Ocasi\u00f3n<\/strong> que se celebra en Caravaca de la Cruz hasta el primer domingo del mes de junio. En esta, tendremos una gran cantidad de actividades en torno a la literatura para todas las edades, acompa\u00f1adas de unas <strong>casetas<\/strong> para la venta de libros que estar\u00e1n abiertas de 10.30 a 14.00 y de 17.00 a 21.00 horas. Por un lado, los ni\u00f1os podr\u00e1n acercarse a la lectura gracias a los <strong>cuenta cuentos<\/strong> que se realizar\u00e1n de la mano de <strong>Inma Ruiz<\/strong> y de <strong>Alhory Teatro<\/strong>. Tambi\u00e9n, se producir\u00e1 un gran n\u00famero de <strong>firmas<\/strong> de ejemplares, con la visita de diversos <strong>autores<\/strong>. A continuaci\u00f3n, os hablamos de cada uno de los cuentos y autores que podremos conocer estos d\u00edas.<\/p>\n<p><img loading=\"lazy\" decoding=\"async\" class=\"aligncenter size-full wp-image-8080\" src=\"https:\/\/www.turismocaravaca.com\/blog\/wp-content\/uploads\/2019\/05\/Feria-del-Libro-2019-1.jpg\" alt=\"\" width=\"678\" height=\"960\" srcset=\"https:\/\/www.turismocaravaca.com\/blog\/wp-content\/uploads\/2019\/05\/Feria-del-Libro-2019-1.jpg 678w, https:\/\/www.turismocaravaca.com\/blog\/wp-content\/uploads\/2019\/05\/Feria-del-Libro-2019-1-212x300.jpg 212w\" sizes=\"(max-width: 678px) 100vw, 678px\" \/><\/p>\n<p>Comenzamos por el ya celebrado d\u00eda <strong>18 de mayo<\/strong>, donde se inaugur\u00f3 la Feria del Libro con la firma de seis autores. Por la ma\u00f1ana, pudimos estar con Emilio Tom\u00e1s, Paco Rabad\u00e1n Aroca, Tom\u00e1s Vicente Mart\u00ednez y Enrique Garc\u00e9s de los Fayos. Por la tarde, tuvimos aqu\u00ed a Ana Ballabriga y a David Zaplana. Los libros firmados fueron los siguientes:<\/p>\n<ul>\n<li><em>Nietos de Ca\u00edn<\/em> de <strong>Emilio Tom\u00e1s<\/strong>.<\/li>\n<\/ul>\n<p><img loading=\"lazy\" decoding=\"async\" class=\"aligncenter size-full wp-image-8081\" src=\"https:\/\/www.turismocaravaca.com\/blog\/wp-content\/uploads\/2019\/05\/emilio-tomas.jpg\" alt=\"\" width=\"476\" height=\"352\" srcset=\"https:\/\/www.turismocaravaca.com\/blog\/wp-content\/uploads\/2019\/05\/emilio-tomas.jpg 476w, https:\/\/www.turismocaravaca.com\/blog\/wp-content\/uploads\/2019\/05\/emilio-tomas-300x222.jpg 300w\" sizes=\"(max-width: 476px) 100vw, 476px\" \/><\/p>\n<ul>\n<li><em>El h\u00e9roe que muri\u00f3 dos veces <\/em>de <strong>Paco Rabad\u00e1n Aroca<\/strong>.<\/li>\n<\/ul>\n<p><img loading=\"lazy\" decoding=\"async\" class=\"aligncenter size-full wp-image-8082\" src=\"https:\/\/www.turismocaravaca.com\/blog\/wp-content\/uploads\/2019\/05\/paco-rabadan.jpg\" alt=\"\" width=\"391\" height=\"282\" srcset=\"https:\/\/www.turismocaravaca.com\/blog\/wp-content\/uploads\/2019\/05\/paco-rabadan.jpg 391w, https:\/\/www.turismocaravaca.com\/blog\/wp-content\/uploads\/2019\/05\/paco-rabadan-300x216.jpg 300w\" sizes=\"(max-width: 391px) 100vw, 391px\" \/><\/p>\n<ul>\n<li><em>Abonico: Retratos de la Represi\u00f3n susurrada<\/em> de <strong>Tom\u00e1s Vicente Mart\u00ednez<\/strong>.<\/li>\n<\/ul>\n<p><img loading=\"lazy\" decoding=\"async\" class=\"aligncenter size-full wp-image-8083\" src=\"https:\/\/www.turismocaravaca.com\/blog\/wp-content\/uploads\/2019\/05\/tomas-vicente.jpg\" alt=\"\" width=\"346\" height=\"282\" srcset=\"https:\/\/www.turismocaravaca.com\/blog\/wp-content\/uploads\/2019\/05\/tomas-vicente.jpg 346w, https:\/\/www.turismocaravaca.com\/blog\/wp-content\/uploads\/2019\/05\/tomas-vicente-300x245.jpg 300w\" sizes=\"(max-width: 346px) 100vw, 346px\" \/><\/p>\n<ul>\n<li><em>M\u00e1s all\u00e1 de esta vida<\/em> de <strong>Enrique Garc\u00e9s de Los Fayos Ruiz<\/strong>.<\/li>\n<\/ul>\n<p><img loading=\"lazy\" decoding=\"async\" class=\"aligncenter size-full wp-image-8084\" src=\"https:\/\/www.turismocaravaca.com\/blog\/wp-content\/uploads\/2019\/05\/enrique-garces.jpg\" alt=\"\" width=\"321\" height=\"280\" srcset=\"https:\/\/www.turismocaravaca.com\/blog\/wp-content\/uploads\/2019\/05\/enrique-garces.jpg 321w, https:\/\/www.turismocaravaca.com\/blog\/wp-content\/uploads\/2019\/05\/enrique-garces-300x262.jpg 300w\" sizes=\"(max-width: 321px) 100vw, 321px\" \/><\/p>\n<ul>\n<li><em>Soy Rose Black <\/em>de <strong>Ana Ballabriga<\/strong> y <strong>David Zaplana<\/strong>.<\/li>\n<\/ul>\n<p><img loading=\"lazy\" decoding=\"async\" class=\"aligncenter size-full wp-image-8085\" src=\"https:\/\/www.turismocaravaca.com\/blog\/wp-content\/uploads\/2019\/05\/David-Zaplana-y-Ana-Ballabriga.jpg\" alt=\"\" width=\"373\" height=\"277\" srcset=\"https:\/\/www.turismocaravaca.com\/blog\/wp-content\/uploads\/2019\/05\/David-Zaplana-y-Ana-Ballabriga.jpg 373w, https:\/\/www.turismocaravaca.com\/blog\/wp-content\/uploads\/2019\/05\/David-Zaplana-y-Ana-Ballabriga-300x223.jpg 300w\" sizes=\"(max-width: 373px) 100vw, 373px\" \/><\/p>\n<p>Ayer comenzaba el turno de los m\u00e1s peque\u00f1os que podr\u00e1n acercarse al mundo literario con una serie de Cuenta Cuentos. El primero fue <strong><em>La monta\u00f1a de libros m\u00e1s alta del mundo<\/em><\/strong> de Roc\u00edo Bonilla, contado por Inma Ruiz a las 19:00 horas.<\/p>\n<p><img loading=\"lazy\" decoding=\"async\" class=\"aligncenter size-full wp-image-8086\" src=\"https:\/\/www.turismocaravaca.com\/blog\/wp-content\/uploads\/2019\/05\/la-monta\u00f1a-de-libros.jpg\" alt=\"\" width=\"370\" height=\"499\" srcset=\"https:\/\/www.turismocaravaca.com\/blog\/wp-content\/uploads\/2019\/05\/la-monta\u00f1a-de-libros.jpg 370w, https:\/\/www.turismocaravaca.com\/blog\/wp-content\/uploads\/2019\/05\/la-monta\u00f1a-de-libros-222x300.jpg 222w\" sizes=\"(max-width: 370px) 100vw, 370px\" \/><\/p>\n<p>Ma\u00f1ana d\u00eda 22 de mayo, Inma Ruiz repetir\u00e1 de nuevo cont\u00e1ndonos la historia de dos animales muy curiosos y divertidos a las 19:00. Se trata del cuento <strong><em>Dos ardillas y una pi\u00f1a<\/em><\/strong> de Rachel Bright.<\/p>\n<p><img loading=\"lazy\" decoding=\"async\" class=\"aligncenter size-full wp-image-8087\" src=\"https:\/\/www.turismocaravaca.com\/blog\/wp-content\/uploads\/2019\/05\/dos-ardillas-y-una-pi\u00f1a.jpg\" alt=\"\" width=\"1125\" height=\"1400\" srcset=\"https:\/\/www.turismocaravaca.com\/blog\/wp-content\/uploads\/2019\/05\/dos-ardillas-y-una-pi\u00f1a.jpg 1125w, https:\/\/www.turismocaravaca.com\/blog\/wp-content\/uploads\/2019\/05\/dos-ardillas-y-una-pi\u00f1a-241x300.jpg 241w, https:\/\/www.turismocaravaca.com\/blog\/wp-content\/uploads\/2019\/05\/dos-ardillas-y-una-pi\u00f1a-768x956.jpg 768w, https:\/\/www.turismocaravaca.com\/blog\/wp-content\/uploads\/2019\/05\/dos-ardillas-y-una-pi\u00f1a-823x1024.jpg 823w\" sizes=\"(max-width: 1125px) 100vw, 1125px\" \/><\/p>\n<p>El viernes 24 de mayo a las 19:00 tendremos un cuenta cuentos especial, a modo de obra de teatro, de la mano de Alhory Teatro. La obra que nos van a contar ya la conocemos por la divertida pel\u00edcula para todos los p\u00fablicos, por lo que creemos que ser\u00e1 muy interesante, son <strong><em>Los Futbol\u00edsimos<\/em><\/strong> de Roberto Garc\u00eda Santiago.<\/p>\n<p><img loading=\"lazy\" decoding=\"async\" class=\"aligncenter size-full wp-image-8088\" src=\"https:\/\/www.turismocaravaca.com\/blog\/wp-content\/uploads\/2019\/05\/Futbolisimos-Promo.jpg\" alt=\"\" width=\"1500\" height=\"826\" srcset=\"https:\/\/www.turismocaravaca.com\/blog\/wp-content\/uploads\/2019\/05\/Futbolisimos-Promo.jpg 1500w, https:\/\/www.turismocaravaca.com\/blog\/wp-content\/uploads\/2019\/05\/Futbolisimos-Promo-300x165.jpg 300w, https:\/\/www.turismocaravaca.com\/blog\/wp-content\/uploads\/2019\/05\/Futbolisimos-Promo-768x423.jpg 768w, https:\/\/www.turismocaravaca.com\/blog\/wp-content\/uploads\/2019\/05\/Futbolisimos-Promo-1024x564.jpg 1024w\" sizes=\"(max-width: 1500px) 100vw, 1500px\" \/><\/p>\n<p>La ma\u00f1ana del s\u00e1bado 25, a las 11:30, volvemos a conocer a dos autores, como son <strong>Juan Gil Palao<\/strong> y <strong>Ana Gil Quiles<\/strong>. Ambos nos traer\u00e1n la firma de sus obras, <em>Aracil <\/em>y <em>Toca mi ventana. <\/em><\/p>\n<p><img loading=\"lazy\" decoding=\"async\" class=\"aligncenter size-full wp-image-8089\" src=\"https:\/\/www.turismocaravaca.com\/blog\/wp-content\/uploads\/2019\/05\/JuanGilPalao.jpg\" alt=\"\" width=\"409\" height=\"361\" srcset=\"https:\/\/www.turismocaravaca.com\/blog\/wp-content\/uploads\/2019\/05\/JuanGilPalao.jpg 409w, https:\/\/www.turismocaravaca.com\/blog\/wp-content\/uploads\/2019\/05\/JuanGilPalao-300x265.jpg 300w\" sizes=\"(max-width: 409px) 100vw, 409px\" \/><\/p>\n<p><img loading=\"lazy\" decoding=\"async\" class=\"aligncenter size-full wp-image-8090\" src=\"https:\/\/www.turismocaravaca.com\/blog\/wp-content\/uploads\/2019\/05\/ana-gil.jpg\" alt=\"\" width=\"349\" height=\"288\" srcset=\"https:\/\/www.turismocaravaca.com\/blog\/wp-content\/uploads\/2019\/05\/ana-gil.jpg 349w, https:\/\/www.turismocaravaca.com\/blog\/wp-content\/uploads\/2019\/05\/ana-gil-300x248.jpg 300w\" sizes=\"(max-width: 349px) 100vw, 349px\" \/><\/p>\n<p>El martes 28 tendremos la firma de dos autores m\u00e1s a las 19:30. <strong>Luis Leante<\/strong> nos firmar\u00e1 su obra <em>Se ofrece mezzosoprano para labores del hogar<\/em> y <strong>Fulgencio Caballero<\/strong>, <em>Sim\u00fan <\/em>y <em>Pasos perdidos. <\/em><\/p>\n<p><img loading=\"lazy\" decoding=\"async\" class=\"aligncenter size-full wp-image-8091\" src=\"https:\/\/www.turismocaravaca.com\/blog\/wp-content\/uploads\/2019\/05\/luis-leante.jpg\" alt=\"\" width=\"358\" height=\"349\" srcset=\"https:\/\/www.turismocaravaca.com\/blog\/wp-content\/uploads\/2019\/05\/luis-leante.jpg 358w, https:\/\/www.turismocaravaca.com\/blog\/wp-content\/uploads\/2019\/05\/luis-leante-300x292.jpg 300w\" sizes=\"(max-width: 358px) 100vw, 358px\" \/><\/p>\n<p><img loading=\"lazy\" decoding=\"async\" class=\"aligncenter size-full wp-image-8092\" src=\"https:\/\/www.turismocaravaca.com\/blog\/wp-content\/uploads\/2019\/05\/Fulgencio-Caballero_feaured.jpg.jpg\" alt=\"\" width=\"571\" height=\"271\" srcset=\"https:\/\/www.turismocaravaca.com\/blog\/wp-content\/uploads\/2019\/05\/Fulgencio-Caballero_feaured.jpg.jpg 571w, https:\/\/www.turismocaravaca.com\/blog\/wp-content\/uploads\/2019\/05\/Fulgencio-Caballero_feaured.jpg-300x142.jpg 300w\" sizes=\"(max-width: 571px) 100vw, 571px\" \/><\/p>\n<p>Al d\u00eda siguiente, el mi\u00e9rcoles 29, los ni\u00f1os volver\u00e1n a ser protagonistas gracias a Inma Ruiz. En este caso, el cuento elegido es <strong><em>La cabra boba<\/em><\/strong>, el cual contar\u00e1\u00a0 a las 19:00.<\/p>\n<p><img loading=\"lazy\" decoding=\"async\" class=\"aligncenter size-full wp-image-8093\" src=\"https:\/\/www.turismocaravaca.com\/blog\/wp-content\/uploads\/2019\/05\/libro-cabra-boba-ES.jpg\" alt=\"\" width=\"997\" height=\"949\" srcset=\"https:\/\/www.turismocaravaca.com\/blog\/wp-content\/uploads\/2019\/05\/libro-cabra-boba-ES.jpg 997w, https:\/\/www.turismocaravaca.com\/blog\/wp-content\/uploads\/2019\/05\/libro-cabra-boba-ES-300x286.jpg 300w, https:\/\/www.turismocaravaca.com\/blog\/wp-content\/uploads\/2019\/05\/libro-cabra-boba-ES-768x731.jpg 768w\" sizes=\"(max-width: 997px) 100vw, 997px\" \/><\/p>\n<p>Adem\u00e1s de las firmas y los cuenta cuentos, podremos presenciar la presentaci\u00f3n de un nuevo libro del autor caravaque\u00f1o <strong>Ignacio Ramos<\/strong>, <strong><em>El hombre de la penicilina y otros relatos<\/em><\/strong><em>. <\/em>Para darnos a conocer su nueva obra, estar\u00e1n en el Convento de los Carmelitas a las 20:30, acompa\u00f1ado por el periodista <strong>Juan de Dios Mart\u00ednez Mateo<\/strong> y la m\u00fasica de la solista <strong>Ana Lorencio.<\/strong><\/p>\n<p>Las jornadas de cuenta cuentos finalizar\u00e1n junto con el mes de mayo, el viernes d\u00eda 31. Para zanjar estas actividades, el cuento ser\u00e1 <strong><em>Las aventuras del Capit\u00e1n Calzoncillos<\/em><\/strong><em>, <\/em>contado e interpretado por Alhory Teatro.<\/p>\n<p><img loading=\"lazy\" decoding=\"async\" class=\"aligncenter size-full wp-image-8094\" src=\"https:\/\/www.turismocaravaca.com\/blog\/wp-content\/uploads\/2019\/05\/Las-Aventuras-del-Capit\u00e1n-Calzoncillos-portada-215x342.jpg\" alt=\"\" width=\"215\" height=\"342\" srcset=\"https:\/\/www.turismocaravaca.com\/blog\/wp-content\/uploads\/2019\/05\/Las-Aventuras-del-Capit\u00e1n-Calzoncillos-portada-215x342.jpg 215w, https:\/\/www.turismocaravaca.com\/blog\/wp-content\/uploads\/2019\/05\/Las-Aventuras-del-Capit\u00e1n-Calzoncillos-portada-215x342-189x300.jpg 189w\" sizes=\"(max-width: 215px) 100vw, 215px\" \/><\/p>\n<p>Para finalizar las actividades de la Feria del Libro, tendremos otros dos autores m\u00e1s. Estos son <strong>Beatriz Esteban<\/strong>, quien nos firmar\u00e1 sus ejemplares de <em>Presas<\/em>, <em>Ser\u00e9 fr\u00e1gil <\/em>\u00a0y <em>Aunque llueva fuego<\/em>; y <strong>Paskual Kantero<\/strong>, alias \u201c<strong>Muerdo<\/strong>\u201d, con su nueva obra <em>La primera piedra.<\/em><\/p>\n<p><img loading=\"lazy\" decoding=\"async\" class=\"aligncenter size-full wp-image-8095\" src=\"https:\/\/www.turismocaravaca.com\/blog\/wp-content\/uploads\/2019\/05\/beatriz-esteban.jpg\" alt=\"\" width=\"574\" height=\"473\" srcset=\"https:\/\/www.turismocaravaca.com\/blog\/wp-content\/uploads\/2019\/05\/beatriz-esteban.jpg 574w, https:\/\/www.turismocaravaca.com\/blog\/wp-content\/uploads\/2019\/05\/beatriz-esteban-300x247.jpg 300w\" sizes=\"(max-width: 574px) 100vw, 574px\" \/><\/p>\n<p><img loading=\"lazy\" decoding=\"async\" class=\"aligncenter size-full wp-image-8096\" src=\"https:\/\/www.turismocaravaca.com\/blog\/wp-content\/uploads\/2019\/05\/muerdo-759x425.jpg\" alt=\"\" width=\"551\" height=\"280\" srcset=\"https:\/\/www.turismocaravaca.com\/blog\/wp-content\/uploads\/2019\/05\/muerdo-759x425.jpg 551w, https:\/\/www.turismocaravaca.com\/blog\/wp-content\/uploads\/2019\/05\/muerdo-759x425-300x152.jpg 300w\" sizes=\"(max-width: 551px) 100vw, 551px\" \/><\/p>\n<p>&nbsp;<\/p>\n<p><strong>Fuentes:<\/strong><\/p>\n<ul>\n<li><a href=\"http:\/\/www.caravaca.org\/index.php?option=com_content&amp;task=view&amp;id=2900&amp;Itemid=1&amp;fbclid=IwAR2xirplIEoNjIj7lE_hoKSYz1dHhXo48PRWYbyQHv1Y663zwt7NynqHNyo\">http:\/\/www.caravaca.org\/index.php?option=com_content&amp;task=view&amp;id=2900&amp;Itemid=1&amp;fbclid=IwAR2xirplIEoNjIj7lE_hoKSYz1dHhXo48PRWYbyQHv1Y663zwt7NynqHNyo<\/a><\/li>\n<\/ul>\n<p><strong>Fotograf\u00edas de autores:<\/strong><\/p>\n<ul>\n<li><a href=\"https:\/\/ocio.laopiniondemurcia.es\/agenda\/murcia\/libros\/cabezo-torres\/eve-1163295-maraton-firmas-dia-libro.html\">https:\/\/ocio.laopiniondemurcia.es\/agenda\/murcia\/libros\/cabezo-torres\/eve-1163295-maraton-firmas-dia-libro.html<\/a><\/li>\n<li><a href=\"http:\/\/www.pacorabadanaroca.com\/\">http:\/\/www.pacorabadanaroca.com\/<\/a><\/li>\n<li><a href=\"https:\/\/tomasvte.wordpress.com\/\">https:\/\/tomasvte.wordpress.com\/<\/a><\/li>\n<li><a href=\"https:\/\/www.laverdad.es\/murcia\/cartagena\/obra-desnudo-integral-20190217004454-ntvo.html\">https:\/\/www.laverdad.es\/murcia\/cartagena\/obra-desnudo-integral-20190217004454-ntvo.html<\/a><\/li>\n<li><a href=\"https:\/\/www.noudiari.es\/2019\/02\/elegimos-ibiza-para-ambientar-la-saga-de-rose-black-porque-la-isla-nos-daba-mucho-juego\/\">https:\/\/www.noudiari.es\/2019\/02\/elegimos-ibiza-para-ambientar-la-saga-de-rose-black-porque-la-isla-nos-daba-mucho-juego\/<\/a><\/li>\n<li><a href=\"http:\/\/www.edicionesirreverentes.com\/novisima\/Aracil.html\">http:\/\/www.edicionesirreverentes.com\/novisima\/Aracil.html<\/a><\/li>\n<li><a href=\"https:\/\/www.orm.es\/programas\/murycia-libro-de-ana-gil-sobre-maltrato-adolescente\/\">https:\/\/www.laopiniondemurcia.es\/cultura-sociedad\/2019\/04\/01\/ana-gil-quiles-hoy-dia\/1009908.html<\/a><\/li>\n<li><a href=\"https:\/\/monicapelluz.wordpress.com\/2019\/01\/27\/luis-leante-la-vida-eterna-me-parece-un-castigo-mas-que-un-premio\/\">https:\/\/monicapelluz.wordpress.com\/2019\/01\/27\/luis-leante-la-vida-eterna-me-parece-un-castigo-mas-que-un-premio\/<\/a><\/li>\n<li><a href=\"https:\/\/www.elquintolibro.es\/2019\/04\/presentacion-de-las-novelas-pasos-perdidos-y-simun-de-fulgencio-caballero\/\">https:\/\/www.elquintolibro.es\/2019\/04\/presentacion-de-las-novelas-pasos-perdidos-y-simun-de-fulgencio-caballero\/<\/a><\/li>\n<li><a href=\"https:\/\/www.youtube.com\/channel\/UCUkml42FLdgvVnLKx2AlRKw\">https:\/\/www.youtube.com\/channel\/UCUkml42FLdgvVnLKx2AlRKw<\/a><\/li>\n<li><a href=\"https:\/\/www.musicazul.com\/noticias-muerdo-se-estrena-en-el-mundo-editorial-con-el-libro-la-primera-piedra\/\">https:\/\/www.musicazul.com\/noticias-muerdo-se-estrena-en-el-mundo-editorial-con-el-libro-la-primera-piedra\/<\/a><\/li>\n<\/ul>\n<p>&nbsp;<\/p>\n","protected":false},"excerpt":{"rendered":"<p>Desde el pasado s\u00e1bado, 18 de mayo, podemos disfrutar de la Feria del Libro Antiguo y de Ocasi\u00f3n que se celebra en Caravaca de la Cruz hasta el primer domingo del mes de junio. En esta, tendremos una gran cantidad de actividades en torno a la literatura para todas las edades, acompa\u00f1adas de unas casetas [&hellip;]<\/p>\n","protected":false},"author":2,"featured_media":8097,"comment_status":"open","ping_status":"open","sticky":false,"template":"","format":"standard","meta":{"footnotes":""},"categories":[3,2113,2126,14,17,2376,2116],"tags":[2525,619,2523,930,2521,2514,2524,2522],"class_list":["post-8079","post","type-post","status-publish","format-standard","has-post-thumbnail","hentry","category-actividades","category-destacados","category-espanol","category-eventos","category-ferias","category-ninos","category-teatro","tag-casetas","tag-cuenta-cuentos","tag-cuentos","tag-feria-del-libro","tag-firma-de-autores","tag-literatura","tag-narrativa","tag-presentacion"],"_links":{"self":[{"href":"https:\/\/www.turismocaravaca.com\/blog\/wp-json\/wp\/v2\/posts\/8079"}],"collection":[{"href":"https:\/\/www.turismocaravaca.com\/blog\/wp-json\/wp\/v2\/posts"}],"about":[{"href":"https:\/\/www.turismocaravaca.com\/blog\/wp-json\/wp\/v2\/types\/post"}],"author":[{"embeddable":true,"href":"https:\/\/www.turismocaravaca.com\/blog\/wp-json\/wp\/v2\/users\/2"}],"replies":[{"embeddable":true,"href":"https:\/\/www.turismocaravaca.com\/blog\/wp-json\/wp\/v2\/comments?post=8079"}],"version-history":[{"count":1,"href":"https:\/\/www.turismocaravaca.com\/blog\/wp-json\/wp\/v2\/posts\/8079\/revisions"}],"predecessor-version":[{"id":8098,"href":"https:\/\/www.turismocaravaca.com\/blog\/wp-json\/wp\/v2\/posts\/8079\/revisions\/8098"}],"wp:featuredmedia":[{"embeddable":true,"href":"https:\/\/www.turismocaravaca.com\/blog\/wp-json\/wp\/v2\/media\/8097"}],"wp:attachment":[{"href":"https:\/\/www.turismocaravaca.com\/blog\/wp-json\/wp\/v2\/media?parent=8079"}],"wp:term":[{"taxonomy":"category","embeddable":true,"href":"https:\/\/www.turismocaravaca.com\/blog\/wp-json\/wp\/v2\/categories?post=8079"},{"taxonomy":"post_tag","embeddable":true,"href":"https:\/\/www.turismocaravaca.com\/blog\/wp-json\/wp\/v2\/tags?post=8079"}],"curies":[{"name":"wp","href":"https:\/\/api.w.org\/{rel}","templated":true}]}}