{"id":8220,"date":"2019-07-11T11:07:09","date_gmt":"2019-07-11T09:07:09","guid":{"rendered":"http:\/\/www.turismocaravaca.com\/blog\/?p=8220"},"modified":"2019-07-11T11:07:09","modified_gmt":"2019-07-11T09:07:09","slug":"fiestas-del-carmen-solidarias","status":"publish","type":"post","link":"https:\/\/www.turismocaravaca.com\/blog\/fiestas-del-carmen-solidarias\/","title":{"rendered":"Fiestas del Carmen Solidarias"},"content":{"rendered":"<h2><img loading=\"lazy\" decoding=\"async\" class=\"aligncenter  wp-image-8205\" src=\"https:\/\/www.turismocaravaca.com\/blog\/wp-content\/uploads\/2019\/07\/cartelsolmun2019b.jpg\" alt=\"\" width=\"463\" height=\"673\" srcset=\"https:\/\/www.turismocaravaca.com\/blog\/wp-content\/uploads\/2019\/07\/cartelsolmun2019b.jpg 1949w, https:\/\/www.turismocaravaca.com\/blog\/wp-content\/uploads\/2019\/07\/cartelsolmun2019b-206x300.jpg 206w, https:\/\/www.turismocaravaca.com\/blog\/wp-content\/uploads\/2019\/07\/cartelsolmun2019b-768x1117.jpg 768w, https:\/\/www.turismocaravaca.com\/blog\/wp-content\/uploads\/2019\/07\/cartelsolmun2019b-704x1024.jpg 704w\" sizes=\"(max-width: 463px) 100vw, 463px\" \/><\/h2>\n<h2>Actividades gastron\u00f3micas, l\u00fadicas y culturales arropan este fin de semana a las tradicionales Fiestas del Carmen<\/h2>\n<p>&nbsp;<\/p>\n<p><strong>Los actos se celebran en el convento carmelita y en La Corredera y todos ellos tendr\u00e1n como denominador com\u00fan la solidaridad para colaborar con la ONG \u2018Solmun\u2019<\/strong><\/p>\n<p><strong>\u00a0<\/strong><strong>La recaudaci\u00f3n del mercadillo misionero, la t\u00f3mbola y el rinc\u00f3n de tapas gaditanas ir\u00e1n destinados a la Casa Hogar de Costa de Marfil, donde se atiende y se facilita el acceso a la educaci\u00f3n a treinta ni\u00f1as<\/strong><\/p>\n<p><img loading=\"lazy\" decoding=\"async\" class=\"aligncenter size-full wp-image-8221\" src=\"https:\/\/www.turismocaravaca.com\/blog\/wp-content\/uploads\/2019\/07\/PresentacionFiestasDelCarmen01.jpg\" alt=\"\" width=\"4352\" height=\"2904\" srcset=\"https:\/\/www.turismocaravaca.com\/blog\/wp-content\/uploads\/2019\/07\/PresentacionFiestasDelCarmen01.jpg 4352w, https:\/\/www.turismocaravaca.com\/blog\/wp-content\/uploads\/2019\/07\/PresentacionFiestasDelCarmen01-300x200.jpg 300w, https:\/\/www.turismocaravaca.com\/blog\/wp-content\/uploads\/2019\/07\/PresentacionFiestasDelCarmen01-768x512.jpg 768w, https:\/\/www.turismocaravaca.com\/blog\/wp-content\/uploads\/2019\/07\/PresentacionFiestasDelCarmen01-1024x683.jpg 1024w\" sizes=\"(max-width: 4352px) 100vw, 4352px\" \/><\/p>\n<p><strong>\u00a0<\/strong><strong>Del viernes al domingo, tambi\u00e9n habr\u00e1 m\u00fasica en directo con los \u2018mini conciertos\u2019, que abrir\u00e1 el cantaor de copla Manuel de Segura.<\/strong><\/p>\n<p>Actividades para todos los p\u00fablicos de car\u00e1cter gastron\u00f3mico, cultural o l\u00fadico -todas ellas con un sentido solidario- arropan a las tradicionales Fiestas del Carmen. El <strong>\u2018Mercadillo Misionero\u2019, el \u2018Rinc\u00f3n de tapas\u2019 gaditanas, los \u2018mini conciertos\u2019 o los juegos infantiles<\/strong> son algunas de las propuestas que se podr\u00e1n disfrutar en el paseo de La Corredera durante el pr\u00f3ximo fin de semana.<\/p>\n<p><img loading=\"lazy\" decoding=\"async\" class=\"aligncenter size-full wp-image-8223\" src=\"https:\/\/www.turismocaravaca.com\/blog\/wp-content\/uploads\/2019\/07\/PresentacionFiestasDelCarmen02.jpg\" alt=\"\" width=\"4084\" height=\"2807\" srcset=\"https:\/\/www.turismocaravaca.com\/blog\/wp-content\/uploads\/2019\/07\/PresentacionFiestasDelCarmen02.jpg 4084w, https:\/\/www.turismocaravaca.com\/blog\/wp-content\/uploads\/2019\/07\/PresentacionFiestasDelCarmen02-300x206.jpg 300w, https:\/\/www.turismocaravaca.com\/blog\/wp-content\/uploads\/2019\/07\/PresentacionFiestasDelCarmen02-768x528.jpg 768w, https:\/\/www.turismocaravaca.com\/blog\/wp-content\/uploads\/2019\/07\/PresentacionFiestasDelCarmen02-1024x704.jpg 1024w\" sizes=\"(max-width: 4084px) 100vw, 4084px\" \/><\/p>\n<p>El alcalde de Caravaca de la Cruz, Jos\u00e9 Francisco Garc\u00eda Fern\u00e1ndez, y el prior de la Orden de los Carmelitas Descalzos de Caravaca de la Cruz,\u00a0 Pascual Gil Almela, han presentado el programa y han animado a todos los caravaque\u00f1os y visitantes a participar en las actividades programadas, con las que se recaudar\u00e1n fondos para la <strong>\u2018Casa Hogar Betania\u2019<\/strong> de Costa de Marfil, \u00a0donde se atiende a unas treinta ni\u00f1as hu\u00e9rfanas y se les facilita el acceso a la educaci\u00f3n desde los primeros a\u00f1os hasta la universidad.<\/p>\n<p>En la presentaci\u00f3n celebrada en el Convento Hospeder\u00eda del Carmen tambi\u00e9n ha participado la edil de Servicios Sociales, Isabel L\u00f3pez, junto a miembros de la comunidad carmelitana, y la representante de la ONG<strong> \u2018Solmun. Solidarios con el mundo\u2019<\/strong>, Teresa Aranda.<\/p>\n<p><strong>Fuente: Ayto Caravaca de la Cruz<\/strong><\/p>\n","protected":false},"excerpt":{"rendered":"<p>Actividades gastron\u00f3micas, l\u00fadicas y culturales arropan este fin de semana a las tradicionales Fiestas del Carmen &nbsp; Los actos se celebran en el convento carmelita y en La Corredera y todos ellos tendr\u00e1n como denominador com\u00fan la solidaridad para colaborar con la ONG \u2018Solmun\u2019 \u00a0La recaudaci\u00f3n del mercadillo misionero, la t\u00f3mbola y el rinc\u00f3n de [&hellip;]<\/p>\n","protected":false},"author":2,"featured_media":0,"comment_status":"open","ping_status":"open","sticky":false,"template":"","format":"standard","meta":{"footnotes":""},"categories":[3,2126,14,17,2357,19],"tags":[2582,2581],"class_list":["post-8220","post","type-post","status-publish","format-standard","hentry","category-actividades","category-espanol","category-eventos","category-ferias","category-festividad","category-gastronomia-3","tag-carmelitas-caravaca-de-la-cruz-solidario","tag-solmun"],"_links":{"self":[{"href":"https:\/\/www.turismocaravaca.com\/blog\/wp-json\/wp\/v2\/posts\/8220"}],"collection":[{"href":"https:\/\/www.turismocaravaca.com\/blog\/wp-json\/wp\/v2\/posts"}],"about":[{"href":"https:\/\/www.turismocaravaca.com\/blog\/wp-json\/wp\/v2\/types\/post"}],"author":[{"embeddable":true,"href":"https:\/\/www.turismocaravaca.com\/blog\/wp-json\/wp\/v2\/users\/2"}],"replies":[{"embeddable":true,"href":"https:\/\/www.turismocaravaca.com\/blog\/wp-json\/wp\/v2\/comments?post=8220"}],"version-history":[{"count":1,"href":"https:\/\/www.turismocaravaca.com\/blog\/wp-json\/wp\/v2\/posts\/8220\/revisions"}],"predecessor-version":[{"id":8224,"href":"https:\/\/www.turismocaravaca.com\/blog\/wp-json\/wp\/v2\/posts\/8220\/revisions\/8224"}],"wp:attachment":[{"href":"https:\/\/www.turismocaravaca.com\/blog\/wp-json\/wp\/v2\/media?parent=8220"}],"wp:term":[{"taxonomy":"category","embeddable":true,"href":"https:\/\/www.turismocaravaca.com\/blog\/wp-json\/wp\/v2\/categories?post=8220"},{"taxonomy":"post_tag","embeddable":true,"href":"https:\/\/www.turismocaravaca.com\/blog\/wp-json\/wp\/v2\/tags?post=8220"}],"curies":[{"name":"wp","href":"https:\/\/api.w.org\/{rel}","templated":true}]}}