{"id":8228,"date":"2019-07-16T13:27:24","date_gmt":"2019-07-16T11:27:24","guid":{"rendered":"http:\/\/www.turismocaravaca.com\/blog\/?p=8228"},"modified":"2019-07-16T13:27:24","modified_gmt":"2019-07-16T11:27:24","slug":"xxxix-edicion-de-la-semana-de-teatro-caravaquena","status":"publish","type":"post","link":"https:\/\/www.turismocaravaca.com\/blog\/xxxix-edicion-de-la-semana-de-teatro-caravaquena\/","title":{"rendered":"XXXIX Edici\u00f3n de la Semana de Teatro Caravaque\u00f1a"},"content":{"rendered":"<p><img loading=\"lazy\" decoding=\"async\" class=\"aligncenter size-full wp-image-8229\" src=\"https:\/\/www.turismocaravaca.com\/blog\/wp-content\/uploads\/2019\/07\/PresentacionXXXIXSemanaTeatroDeCaravacaDeLaCruz02.jpg\" alt=\"\" width=\"3072\" height=\"2048\" srcset=\"https:\/\/www.turismocaravaca.com\/blog\/wp-content\/uploads\/2019\/07\/PresentacionXXXIXSemanaTeatroDeCaravacaDeLaCruz02.jpg 3072w, https:\/\/www.turismocaravaca.com\/blog\/wp-content\/uploads\/2019\/07\/PresentacionXXXIXSemanaTeatroDeCaravacaDeLaCruz02-300x200.jpg 300w, https:\/\/www.turismocaravaca.com\/blog\/wp-content\/uploads\/2019\/07\/PresentacionXXXIXSemanaTeatroDeCaravacaDeLaCruz02-768x512.jpg 768w, https:\/\/www.turismocaravaca.com\/blog\/wp-content\/uploads\/2019\/07\/PresentacionXXXIXSemanaTeatroDeCaravacaDeLaCruz02-1024x683.jpg 1024w\" sizes=\"(max-width: 3072px) 100vw, 3072px\" \/><\/p>\n<p><strong>Compa\u00f1\u00edas nacionales, murcianas y locales se dan cita en la XXXIX Semana de Teatro de Caravaca del 22 al 28 de julio<\/strong><\/p>\n<p><strong>El Thuillier acoger\u00e1 un total de siete obras, que incluyen g\u00e9neros como la comedia, el mon\u00f3logo o el drama hist\u00f3rico con actores como Beatriz Carvajal, Kiti Manver, Jes\u00fas Mart\u00ednez, Luis Mart\u00ednez, Jes\u00fas Manuel Ruiz, Lola Salcedo o Mar\u00eda Garral\u00f3n<\/strong><\/p>\n<p><strong>El concejal de Cultura, Juan Manuel de Le\u00f3n, ha invitado \u201ca disfrutar de la experiencia personal del teatro, animando a la asistencia a las distintas representaciones que dar\u00e1n comienzo a las 22.30 horas\u201d<\/strong><\/p>\n<p><img loading=\"lazy\" decoding=\"async\" class=\"aligncenter size-full wp-image-8230\" src=\"https:\/\/www.turismocaravaca.com\/blog\/wp-content\/uploads\/2019\/07\/Semna-Teatro-2019.jpg\" alt=\"\" width=\"1920\" height=\"1365\" srcset=\"https:\/\/www.turismocaravaca.com\/blog\/wp-content\/uploads\/2019\/07\/Semna-Teatro-2019.jpg 1920w, https:\/\/www.turismocaravaca.com\/blog\/wp-content\/uploads\/2019\/07\/Semna-Teatro-2019-300x213.jpg 300w, https:\/\/www.turismocaravaca.com\/blog\/wp-content\/uploads\/2019\/07\/Semna-Teatro-2019-768x546.jpg 768w, https:\/\/www.turismocaravaca.com\/blog\/wp-content\/uploads\/2019\/07\/Semna-Teatro-2019-1024x728.jpg 1024w\" sizes=\"(max-width: 1920px) 100vw, 1920px\" \/><\/p>\n<p><strong>\u00a0<\/strong><strong>Dos de los espect\u00e1culos, \u2018Enrique IV\u2019 y \u2018Volvi\u00f3 una noche\u2019, pertenecen al Plan Escena del Gobierno Regional, con el que se busca dotar de mayor programaci\u00f3n a los teatros de los municipios de la Regi\u00f3n<\/strong><\/p>\n<p><strong>\u00a0<\/strong><\/p>\n<p>La Semana de Teatro de Caravaca de la Cruz, que alcanza su XXXIX edici\u00f3n, se celebrar\u00e1 del 22 al 28 de julio con la participaci\u00f3n de diferentes compa\u00f1\u00edas locales, murcianas y del panorama nacional, que pondr\u00e1n en escena espect\u00e1culos de g\u00e9neros como la comedia, el mon\u00f3logo o el drama hist\u00f3rico.<\/p>\n<p>El festival -uno de los m\u00e1s antiguos de la Regi\u00f3n de Murcia y de los de mayor trayectoria de Espa\u00f1a dentro de esta rama de las artes esc\u00e9nicas- ha sido presentado sobre las tablas del escenario del Teatro Thuillier por el concejal de Cultura del Ayuntamiento de Caravaca, Juan Manuel de Le\u00f3n; el coordinador del festival, Jos\u00e9 Antonio L\u00f3pez Navarro \u2018Jata\u2019; la autora del cartel anunciador, Ana Mar\u00eda Vacas, los actores Jes\u00fas Mart\u00ednez, Lola Salcedo y el director Antonio L. Pedraza.<\/p>\n<p>Juan Manuel de Le\u00f3n ha manifestado que la Semana de Teatro es un evento cultural completamente consolidado y una referencia en la programaci\u00f3n cultural de la comarca del Noroeste. \u201cDesde sus primeras ediciones a comienzos de la d\u00e9cada de los a\u00f1os 80 en el claustro del Castillo, esta cita teatral ha ido afianz\u00e1ndose con el paso del tiempo. Por Caravaca han pasado grandes espect\u00e1culos y reputados representantes de la escena espa\u00f1ola\u201d, ha expresado de Le\u00f3n.<\/p>\n<p><img loading=\"lazy\" decoding=\"async\" class=\"aligncenter size-full wp-image-8231\" src=\"https:\/\/www.turismocaravaca.com\/blog\/wp-content\/uploads\/2019\/07\/PresentacionXXXIXSemanaTeatroDeCaravacaDeLaCruz03.jpg\" alt=\"\" width=\"4283\" height=\"2860\" srcset=\"https:\/\/www.turismocaravaca.com\/blog\/wp-content\/uploads\/2019\/07\/PresentacionXXXIXSemanaTeatroDeCaravacaDeLaCruz03.jpg 4283w, https:\/\/www.turismocaravaca.com\/blog\/wp-content\/uploads\/2019\/07\/PresentacionXXXIXSemanaTeatroDeCaravacaDeLaCruz03-300x200.jpg 300w, https:\/\/www.turismocaravaca.com\/blog\/wp-content\/uploads\/2019\/07\/PresentacionXXXIXSemanaTeatroDeCaravacaDeLaCruz03-768x513.jpg 768w, https:\/\/www.turismocaravaca.com\/blog\/wp-content\/uploads\/2019\/07\/PresentacionXXXIXSemanaTeatroDeCaravacaDeLaCruz03-1024x684.jpg 1024w\" sizes=\"(max-width: 4283px) 100vw, 4283px\" \/><\/p>\n<p>De Le\u00f3n ha destacado que \u201cpor las tablas del teatro de la Plaza Nueva actuar\u00e1n actores y actrices consagrados de la escena espa\u00f1ola, como Beatriz Carvajal, Kiti Manver, Mar\u00eda Garral\u00f3n, Jes\u00fas Manuel Ruiz o Mar\u00eda Castro, junto con grandes profesionales que desde la Regi\u00f3n de Murcia apuestan por un teatro de calidad y personal, como Jes\u00fas Mart\u00ednez, Luis Mart\u00ednez o Lola Salcedo\u201d. \u201cAnimo a todos a disfrutar de la experiencia personal del teatro, con la asistencia a las representaciones que dar\u00e1n comienzo a las 22.30 horas\u201d, se\u00f1al\u00f3.<\/p>\n<p>La semana comenzar\u00e1 el lunes 22 de julio con <strong>\u2018Federico Garc\u00eda Lorca, poeta del alma\u2019<\/strong>, una idea original de Juan Antonio C\u00e1novas que hace un recorrido por los \u00faltimos pensamientos del escritor granadino. El montaje est\u00e1 protagonizado por el actor caravaque\u00f1o Jes\u00fas Mart\u00ednez, acompa\u00f1ado al piano por Luis Cant\u00f3, al viol\u00edn por Laura C\u00e1novas y en la danza por la bailarina Remedios Soriano.<\/p>\n<p>El martes 23 de julio ser\u00e1 el turno de <strong>\u2018Juntos\u2019<\/strong>, una comedia de Fabio Marra protagonizada por Kiti Manver, que fue candidata en Francia a varios Premios Moliere 2017, alz\u00e1ndose con el galard\u00f3n de \u2018Mejor Actriz Protagonista\u2019.<\/p>\n<p>El prestigioso dramaturgo italiano Luigi Pirandello, Premio Nobel de Literatura, firma la pieza <strong>\u2018Enrique IV\u2019<\/strong>, que se pondr\u00e1 en escena el mi\u00e9rcoles 24 de julio con el caravaque\u00f1o Luis Mart\u00ednez Arasa en el papel protagonista. \u2018Teatro de la Entrega\u2019 pone en escena esta adaptaci\u00f3n de un texto universal \u00a0que reflexiona sobre las &#8216;m\u00e1scaras&#8217;, la locura y el paso del tiempo.<\/p>\n<p>El murciano C\u00e9sar Oliva dirige <strong>\u2018Volvi\u00f3 una noche\u2019<\/strong>, el espect\u00e1culo protagonizado por Beatriz Carvajal que se representar\u00e1 la noche del jueves 25 de julio. Se trata de una comedia de Eduardo Rovner, cuya primera representaci\u00f3n tuvo lugar en Montevideo, en 1993. La obra es una de las mejores de su autor y de la dramaturgia contempor\u00e1nea escrita en espa\u00f1ol. y plantea temas trascendentales desde el humor, la paradoja y una profunda teatralidad plena de aciertos.<\/p>\n<p>El viernes 26 de julio llegar\u00e1 al teatro Thuillier <strong>\u2018H\u00e1blame\u2019<\/strong>, una producci\u00f3n de la consolidada compa\u00f1\u00eda murciana Alquibla con Mar\u00eda Garral\u00f3n, la m\u00edtica pintora Julia de la serie televisiva \u2018Verano azul\u2019, encabezando el reparto. Escrita por el murciano Fulgencio M. Lax y dirigida por Juan Pedro Campoy, la obra presenta una familia formada por una madre viuda (Isabel), un hijo (Javier) que acusa una carencia afectiva, y una abuela (Adela) que empieza a dar s\u00edntomas de confusi\u00f3n y olvido propios de la vejez, antes de emprender el \u00faltimo viaje. Este aspecto provoca momentos de triste comicidad.<\/p>\n<p>El s\u00e1bado 27 de julio, el polifac\u00e9tico artista ceheginero Jes\u00fas Manuel Ruiz presentar\u00e1 en Caravaca el montaje con el que ha vuelto al teatro despu\u00e9s de 16 a\u00f1os. En <strong>\u2018Casualidades\u2019<\/strong>, acompa\u00f1ado al piano por Pablo Mart\u00ednez Pino, ofrece un recital con matices propios en el que hace un recorrido por diferentes tem\u00e1ticas desde el punto de vista de varios autores y poetas.<\/p>\n<p>La XXXIX Semana de Teatro cerrar\u00e1 el domingo 28 de julio con <strong>\u2018T\u00edtulo censurado<\/strong>. <strong>Historias de-generados\u2019<\/strong>, una creaci\u00f3n de Antonio L. Pedraza y la caravaque\u00f1a Lola Salcedo.<\/p>\n<p>Dos de los espect\u00e1culos, \u2018Enrique IV\u2019 y \u2018Volvi\u00f3 una noche\u2019, pertenecen al Plan Escena de la Consejer\u00eda de Turismo y Cultura, a trav\u00e9s del Instituto de las Industrias Culturales y las Artes, que busca dotar de mayor programaci\u00f3n a los teatros de los municipios de la Regi\u00f3n apoyando la cultura local.<\/p>\n<p>Adem\u00e1s, el domingo 28 el p\u00fablico infantil podr\u00e1 disfrutar, a las 20.00 horas, de un <strong>cuentacuentos<\/strong> simult\u00e1neo en los clubes La Loma, Argos e H\u00edpico, con acceso gratuito.<\/p>\n<p>Todas las representaciones dar\u00e1n comienzo a las <strong>22.30 horas<\/strong>. Las entradas se pueden adquirir de forma anticipada en Nueva Joyer\u00eda y antes de cada representaci\u00f3n, en la taquilla del teatro.<\/p>\n<p><strong>Fuente: Ayuntamiento de Caravaca de la Cruz<\/strong><\/p>\n<p>&nbsp;<\/p>\n<p>&nbsp;<\/p>\n<p>&nbsp;<\/p>\n","protected":false},"excerpt":{"rendered":"<p>Compa\u00f1\u00edas nacionales, murcianas y locales se dan cita en la XXXIX Semana de Teatro de Caravaca del 22 al 28 de julio El Thuillier acoger\u00e1 un total de siete obras, que incluyen g\u00e9neros como la comedia, el mon\u00f3logo o el drama hist\u00f3rico con actores como Beatriz Carvajal, Kiti Manver, Jes\u00fas Mart\u00ednez, Luis Mart\u00ednez, Jes\u00fas Manuel [&hellip;]<\/p>\n","protected":false},"author":2,"featured_media":0,"comment_status":"open","ping_status":"open","sticky":false,"template":"","format":"standard","meta":{"footnotes":""},"categories":[3,2126,14,2116],"tags":[2583],"class_list":["post-8228","post","type-post","status-publish","format-standard","hentry","category-actividades","category-espanol","category-eventos","category-teatro","tag-semana-de-teatro-caravaca-de-la-cruz"],"_links":{"self":[{"href":"https:\/\/www.turismocaravaca.com\/blog\/wp-json\/wp\/v2\/posts\/8228"}],"collection":[{"href":"https:\/\/www.turismocaravaca.com\/blog\/wp-json\/wp\/v2\/posts"}],"about":[{"href":"https:\/\/www.turismocaravaca.com\/blog\/wp-json\/wp\/v2\/types\/post"}],"author":[{"embeddable":true,"href":"https:\/\/www.turismocaravaca.com\/blog\/wp-json\/wp\/v2\/users\/2"}],"replies":[{"embeddable":true,"href":"https:\/\/www.turismocaravaca.com\/blog\/wp-json\/wp\/v2\/comments?post=8228"}],"version-history":[{"count":1,"href":"https:\/\/www.turismocaravaca.com\/blog\/wp-json\/wp\/v2\/posts\/8228\/revisions"}],"predecessor-version":[{"id":8232,"href":"https:\/\/www.turismocaravaca.com\/blog\/wp-json\/wp\/v2\/posts\/8228\/revisions\/8232"}],"wp:attachment":[{"href":"https:\/\/www.turismocaravaca.com\/blog\/wp-json\/wp\/v2\/media?parent=8228"}],"wp:term":[{"taxonomy":"category","embeddable":true,"href":"https:\/\/www.turismocaravaca.com\/blog\/wp-json\/wp\/v2\/categories?post=8228"},{"taxonomy":"post_tag","embeddable":true,"href":"https:\/\/www.turismocaravaca.com\/blog\/wp-json\/wp\/v2\/tags?post=8228"}],"curies":[{"name":"wp","href":"https:\/\/api.w.org\/{rel}","templated":true}]}}