{"id":8234,"date":"2019-07-19T11:32:21","date_gmt":"2019-07-19T09:32:21","guid":{"rendered":"http:\/\/www.turismocaravaca.com\/blog\/?p=8234"},"modified":"2019-07-19T11:32:21","modified_gmt":"2019-07-19T09:32:21","slug":"lunes-22-teatro-federico-garcia-lorca-poeta-del-alma","status":"publish","type":"post","link":"https:\/\/www.turismocaravaca.com\/blog\/lunes-22-teatro-federico-garcia-lorca-poeta-del-alma\/","title":{"rendered":"Lunes 22 Teatro: &#8216;Federico Garc\u00eda Lorca, poeta del alma&#8217;"},"content":{"rendered":"<p><img loading=\"lazy\" decoding=\"async\" class=\"aligncenter  wp-image-8236\" src=\"https:\/\/www.turismocaravaca.com\/blog\/wp-content\/uploads\/2019\/07\/Federico-Garc\u00eda-Lorca.jpg\" alt=\"\" width=\"461\" height=\"659\" srcset=\"https:\/\/www.turismocaravaca.com\/blog\/wp-content\/uploads\/2019\/07\/Federico-Garc\u00eda-Lorca.jpg 1120w, https:\/\/www.turismocaravaca.com\/blog\/wp-content\/uploads\/2019\/07\/Federico-Garc\u00eda-Lorca-210x300.jpg 210w, https:\/\/www.turismocaravaca.com\/blog\/wp-content\/uploads\/2019\/07\/Federico-Garc\u00eda-Lorca-768x1097.jpg 768w, https:\/\/www.turismocaravaca.com\/blog\/wp-content\/uploads\/2019\/07\/Federico-Garc\u00eda-Lorca-717x1024.jpg 717w\" sizes=\"(max-width: 461px) 100vw, 461px\" \/><\/p>\n<p>Coincidiendo con el inicio de la trig\u00e9simo novena Semana de Teatro de Caravaca de la Cruz, que transcurrir\u00e1 entre el 22 y el 28 de julio en el teatro Thuillier de esta localidad, dedicaremos el blog de hoy a conocer un poco m\u00e1s la primera de las representaciones que abre dicha semana: <strong><em>\u201cFederico Garc\u00eda Lorca. El Poeta del Alma\u201d<\/em><\/strong>.<\/p>\n<p>Esta propuesta teatral, dedicada al m\u00e1s universal de los poetas espa\u00f1oles,\u00a0 a\u00fana tres artes esc\u00e9nicas: teatro, m\u00fasica y danza. Al piano estar\u00e1 Luis Cant\u00f3; al viol\u00edn, Laura C\u00e1novas; a la guitarra, Juan Antonio C\u00e1novas; la bailaora ser\u00e1 Remedios Soriano, y en el papel de Federico Garc\u00eda Lorca, el actor Jes\u00fas Mart\u00ednez.<\/p>\n<p><img loading=\"lazy\" decoding=\"async\" class=\"aligncenter size-full wp-image-8237\" src=\"https:\/\/www.turismocaravaca.com\/blog\/wp-content\/uploads\/2019\/07\/Garcia-Lorca.jpg\" alt=\"\" width=\"898\" height=\"464\" srcset=\"https:\/\/www.turismocaravaca.com\/blog\/wp-content\/uploads\/2019\/07\/Garcia-Lorca.jpg 898w, https:\/\/www.turismocaravaca.com\/blog\/wp-content\/uploads\/2019\/07\/Garcia-Lorca-300x155.jpg 300w, https:\/\/www.turismocaravaca.com\/blog\/wp-content\/uploads\/2019\/07\/Garcia-Lorca-768x397.jpg 768w\" sizes=\"(max-width: 898px) 100vw, 898px\" \/><\/p>\n<p>El objeto de la obra es hacer un <strong>relato teatralizado en primera persona<\/strong> de lo que pudiera haber ocurrido en la mente de Federico desde la media tarde del d\u00eda 16 de agosto de 1936 en que lo detuvieron hasta las 04:45 la madrugada del 18 en que fue asesinado y sepultado en una fosa com\u00fan an\u00f3nima de la que, a d\u00eda de hoy, todav\u00eda desconocemos el paradero.<\/p>\n<p>El montaje comienza en la soledad de una peque\u00f1a celda del Gobierno Civil de Granada minutos despu\u00e9s de ser esposado en la casa de la familia Rosales. Durante ese tiempo el poeta recuerda, siente y repasa su vida. La obra nos presenta los <strong>pensamientos m\u00e1s \u00edntimos y personales<\/strong> que debieron cruzar por la cabeza de Federico durante esas angustiosas horas previas a su fusilamiento. M\u00fasica y danza acompa\u00f1an a este \u00edntimo Federico en un espect\u00e1culo que es tambi\u00e9n un <strong>homenaje a su obra.<\/strong><\/p>\n<p>&nbsp;<\/p>\n<p>Fuentes:<\/p>\n<p><a href=\"https:\/\/es.wikipedia.org\/\">https:\/\/es.wikipedia.org\/<\/a><\/p>\n<p><a href=\"https:\/\/www.espoesia.com\/\">https:\/\/www.espoesia.com\/<\/a><\/p>\n<p><a href=\"https:\/\/elnoroestedigital.com\">https:\/\/elnoroestedigital.com<\/a><\/p>\n<p>&nbsp;<\/p>\n","protected":false},"excerpt":{"rendered":"<p>Coincidiendo con el inicio de la trig\u00e9simo novena Semana de Teatro de Caravaca de la Cruz, que transcurrir\u00e1 entre el 22 y el 28 de julio en el teatro Thuillier de esta localidad, dedicaremos el blog de hoy a conocer un poco m\u00e1s la primera de las representaciones que abre dicha semana: \u201cFederico Garc\u00eda Lorca. [&hellip;]<\/p>\n","protected":false},"author":2,"featured_media":0,"comment_status":"open","ping_status":"open","sticky":false,"template":"","format":"standard","meta":{"footnotes":""},"categories":[3,2126,14,2116],"tags":[2584,2583,1918],"class_list":["post-8234","post","type-post","status-publish","format-standard","hentry","category-actividades","category-espanol","category-eventos","category-teatro","tag-federico-garcia-lorca","tag-semana-de-teatro-caravaca-de-la-cruz","tag-teatro-thuillier"],"_links":{"self":[{"href":"https:\/\/www.turismocaravaca.com\/blog\/wp-json\/wp\/v2\/posts\/8234"}],"collection":[{"href":"https:\/\/www.turismocaravaca.com\/blog\/wp-json\/wp\/v2\/posts"}],"about":[{"href":"https:\/\/www.turismocaravaca.com\/blog\/wp-json\/wp\/v2\/types\/post"}],"author":[{"embeddable":true,"href":"https:\/\/www.turismocaravaca.com\/blog\/wp-json\/wp\/v2\/users\/2"}],"replies":[{"embeddable":true,"href":"https:\/\/www.turismocaravaca.com\/blog\/wp-json\/wp\/v2\/comments?post=8234"}],"version-history":[{"count":1,"href":"https:\/\/www.turismocaravaca.com\/blog\/wp-json\/wp\/v2\/posts\/8234\/revisions"}],"predecessor-version":[{"id":8238,"href":"https:\/\/www.turismocaravaca.com\/blog\/wp-json\/wp\/v2\/posts\/8234\/revisions\/8238"}],"wp:attachment":[{"href":"https:\/\/www.turismocaravaca.com\/blog\/wp-json\/wp\/v2\/media?parent=8234"}],"wp:term":[{"taxonomy":"category","embeddable":true,"href":"https:\/\/www.turismocaravaca.com\/blog\/wp-json\/wp\/v2\/categories?post=8234"},{"taxonomy":"post_tag","embeddable":true,"href":"https:\/\/www.turismocaravaca.com\/blog\/wp-json\/wp\/v2\/tags?post=8234"}],"curies":[{"name":"wp","href":"https:\/\/api.w.org\/{rel}","templated":true}]}}