{"id":8260,"date":"2019-08-06T14:15:18","date_gmt":"2019-08-06T12:15:18","guid":{"rendered":"http:\/\/www.turismocaravaca.com\/blog\/?p=8260"},"modified":"2019-08-06T14:16:25","modified_gmt":"2019-08-06T12:16:25","slug":"origen-de-las-novenas-religiosas","status":"publish","type":"post","link":"https:\/\/www.turismocaravaca.com\/blog\/origen-de-las-novenas-religiosas\/","title":{"rendered":"Origen de las novenas religiosas"},"content":{"rendered":"<p>Aprovechando que el d\u00eda 3 de este mes se inici\u00f3 el solemne novenario en honor a Ntra. M. Sta. Clara de As\u00eds que se prolongar\u00e1 hasta el d\u00eda 11 y dado lo acendrado del sentir religioso de este pueblo, dedicamos la entrada de hoy de nuestro blog o conocer qu\u00e9 es una novena y su origen.<\/p>\n<p>Las novenas son unas pr\u00e1cticas devocionales de oraci\u00f3n tanto de preparaci\u00f3n, alabanza y gratitud como de intercesi\u00f3n en el caso de los difuntos.<\/p>\n<p><img loading=\"lazy\" decoding=\"async\" class=\"aligncenter size-full wp-image-8261\" src=\"https:\/\/www.turismocaravaca.com\/blog\/wp-content\/uploads\/2019\/08\/Novenario-Santa-Clara-2019.jpg\" alt=\"\" width=\"3456\" height=\"4608\" srcset=\"https:\/\/www.turismocaravaca.com\/blog\/wp-content\/uploads\/2019\/08\/Novenario-Santa-Clara-2019.jpg 3456w, https:\/\/www.turismocaravaca.com\/blog\/wp-content\/uploads\/2019\/08\/Novenario-Santa-Clara-2019-225x300.jpg 225w, https:\/\/www.turismocaravaca.com\/blog\/wp-content\/uploads\/2019\/08\/Novenario-Santa-Clara-2019-768x1024.jpg 768w\" sizes=\"(max-width: 3456px) 100vw, 3456px\" \/><\/p>\n<p>Las novenas tienen diferentes or\u00edgenes, a saber:<\/p>\n<p>1.- Un origen es la novena hora de oraci\u00f3n para el pueblo de Israel. La novena hora en la sinagoga era una de las horas especiales de oraci\u00f3n, como lo ha sido la hora nona (novena) en la Iglesia. La nona, en la Iglesia cat\u00f3lica, es una de las horas de oraci\u00f3n de la Liturgia de las Horas que se reza a diario a las 3 de la tarde; la hora en que muri\u00f3 Jesucristo. Por esto el n\u00famero nueve indica dolor y sufrimiento.<\/p>\n<p>2.- Rezar durante nueve d\u00edas tiene una base b\u00edblica. Una novena de oraci\u00f3n fue la que hicieron los ap\u00f3stoles como preparaci\u00f3n a la venida del Esp\u00edritu Santo. Se sabe que entre la Resurrecci\u00f3n y la Ascensi\u00f3n hay 40 d\u00edas; y hay nueve d\u00edas entre la Ascensi\u00f3n y Pentecost\u00e9s. \u00bfQu\u00e9 hicieron los ap\u00f3stoles en ese lapso de tiempo? En esos nueve d\u00edas los ap\u00f3stoles hicieron oraci\u00f3n para esperar una gracia muy especial: la venida del Esp\u00edritu Santo. El mismo libro de los Hechos nos dice: \u201c<em>Todos ellos se reun\u00edan siempre para orar con algunas mujeres, con Mar\u00eda, la madre de Jes\u00fas\u2026\u201d<\/em> (Hech 1, 14). Por eso la novena tom\u00f3 un sentido de anticipaci\u00f3n y preparaci\u00f3n a una fiesta.<\/p>\n<p>3.- Los romanos y griegos ofrec\u00edan oraciones a sus dioses por sus difuntos durante nueve d\u00edas. Y aunque los primeros cristianos siguieron la costumbre en cuanto al n\u00famero de d\u00edas, ya no lo hac\u00edan con el mismo \u00e1nimo y de la misma manera de los romanos o griegos sino fundamentados en la fe en Cristo.<\/p>\n<p>4.- En Europa se introdujo la \u201cnovena de preparaci\u00f3n\u201d para la Navidad. Esto para recordar los nueve meses de embarazo de la Virgen. De \u00e9sta novena de preparaci\u00f3n, surgi\u00f3 la costumbre de hacer novenas de preparaci\u00f3n a las fiestas de la Virgen y de los santos por diversas intenciones.<\/p>\n<p>&nbsp;<\/p>\n<p>&nbsp;<\/p>\n<p>&nbsp;<\/p>\n<p>Fuente: <a href=\"https:\/\/es.aleteia.org\">https:\/\/es.aleteia.org<\/a><\/p>\n","protected":false},"excerpt":{"rendered":"<p>Aprovechando que el d\u00eda 3 de este mes se inici\u00f3 el solemne novenario en honor a Ntra. M. Sta. Clara de As\u00eds que se prolongar\u00e1 hasta el d\u00eda 11 y dado lo acendrado del sentir religioso de este pueblo, dedicamos la entrada de hoy de nuestro blog o conocer qu\u00e9 es una novena y su [&hellip;]<\/p>\n","protected":false},"author":2,"featured_media":0,"comment_status":"open","ping_status":"open","sticky":false,"template":"","format":"standard","meta":{"footnotes":""},"categories":[2126,2377,1],"tags":[],"class_list":["post-8260","post","type-post","status-publish","format-standard","hentry","category-espanol","category-religion","category-sin-categoria"],"_links":{"self":[{"href":"https:\/\/www.turismocaravaca.com\/blog\/wp-json\/wp\/v2\/posts\/8260"}],"collection":[{"href":"https:\/\/www.turismocaravaca.com\/blog\/wp-json\/wp\/v2\/posts"}],"about":[{"href":"https:\/\/www.turismocaravaca.com\/blog\/wp-json\/wp\/v2\/types\/post"}],"author":[{"embeddable":true,"href":"https:\/\/www.turismocaravaca.com\/blog\/wp-json\/wp\/v2\/users\/2"}],"replies":[{"embeddable":true,"href":"https:\/\/www.turismocaravaca.com\/blog\/wp-json\/wp\/v2\/comments?post=8260"}],"version-history":[{"count":1,"href":"https:\/\/www.turismocaravaca.com\/blog\/wp-json\/wp\/v2\/posts\/8260\/revisions"}],"predecessor-version":[{"id":8262,"href":"https:\/\/www.turismocaravaca.com\/blog\/wp-json\/wp\/v2\/posts\/8260\/revisions\/8262"}],"wp:attachment":[{"href":"https:\/\/www.turismocaravaca.com\/blog\/wp-json\/wp\/v2\/media?parent=8260"}],"wp:term":[{"taxonomy":"category","embeddable":true,"href":"https:\/\/www.turismocaravaca.com\/blog\/wp-json\/wp\/v2\/categories?post=8260"},{"taxonomy":"post_tag","embeddable":true,"href":"https:\/\/www.turismocaravaca.com\/blog\/wp-json\/wp\/v2\/tags?post=8260"}],"curies":[{"name":"wp","href":"https:\/\/api.w.org\/{rel}","templated":true}]}}