{"id":8309,"date":"2019-09-05T14:06:32","date_gmt":"2019-09-05T12:06:32","guid":{"rendered":"http:\/\/www.turismocaravaca.com\/blog\/?p=8309"},"modified":"2019-09-05T18:11:06","modified_gmt":"2019-09-05T16:11:06","slug":"caravaca-es-de-cine","status":"publish","type":"post","link":"https:\/\/www.turismocaravaca.com\/blog\/caravaca-es-de-cine\/","title":{"rendered":"Caravaca es de Cine"},"content":{"rendered":"\n<p>Vamos\na dedicar hoy nuestro blog de turismo a ahondar m\u00e1s en una noticia que ya\nadelant\u00e1bamos ayer, a saber: el rodaje en la pedan\u00eda caravaque\u00f1a de Benabl\u00f3n de\nla pel\u00edcula \u201cTodas mis avispas\u201d.<\/p>\n\n\n\n<div class=\"wp-block-image\"><figure class=\"aligncenter\"><img loading=\"lazy\" decoding=\"async\" width=\"745\" height=\"382\" src=\"https:\/\/www.turismocaravaca.com\/blog\/wp-content\/uploads\/2019\/09\/verkami_0a7b8575f81e6d28645879810e6f43a9.jpg\" alt=\"\" class=\"wp-image-8316\" srcset=\"https:\/\/www.turismocaravaca.com\/blog\/wp-content\/uploads\/2019\/09\/verkami_0a7b8575f81e6d28645879810e6f43a9.jpg 745w, https:\/\/www.turismocaravaca.com\/blog\/wp-content\/uploads\/2019\/09\/verkami_0a7b8575f81e6d28645879810e6f43a9-300x154.jpg 300w\" sizes=\"(max-width: 745px) 100vw, 745px\" \/><\/figure><\/div>\n\n\n\n<p>&nbsp;&nbsp;&nbsp;&nbsp;&nbsp;&nbsp;&nbsp;&nbsp; Se trata de un cortometraje dirigido por Daria G\u00e1lvez Molteni en el que rinde homenaje a su abuela y a los veranos de su infancia que pas\u00f3 all\u00ed. G\u00e1lvez, al frente de un equipo formado por una veintena de profesionales, j\u00f3venes promesas de la industria cinematogr\u00e1fica, junto a lugare\u00f1os que tambi\u00e9n participan en la grabaci\u00f3n, est\u00e1n llevando a cabo este proyecto seleccionado por la productora \u2018Escacfilms\u2019 para circular durante los pr\u00f3ximos meses en los festivales de autor de cine espa\u00f1ol.<\/p>\n\n\n\n<figure class=\"wp-block-image\"><img loading=\"lazy\" decoding=\"async\" width=\"1024\" height=\"683\" src=\"https:\/\/www.turismocaravaca.com\/blog\/wp-content\/uploads\/2019\/09\/RodajeTodasMis-avispas04-1024x683.jpg\" alt=\"\" class=\"wp-image-8311\" srcset=\"https:\/\/www.turismocaravaca.com\/blog\/wp-content\/uploads\/2019\/09\/RodajeTodasMis-avispas04-1024x683.jpg 1024w, https:\/\/www.turismocaravaca.com\/blog\/wp-content\/uploads\/2019\/09\/RodajeTodasMis-avispas04-300x200.jpg 300w, https:\/\/www.turismocaravaca.com\/blog\/wp-content\/uploads\/2019\/09\/RodajeTodasMis-avispas04-768x512.jpg 768w\" sizes=\"(max-width: 1024px) 100vw, 1024px\" \/><figcaption>El concejal de Cultura con la directora<\/figcaption><\/figure>\n\n\n\n<p> El equipo implicado en el proyecto busca hacer part\u00edcipe a todo aquel que quiera formar parte del mismo a trav\u00e9s de la plataforma \u2018VERKAMI\u2019, una web de mecenazgo que ayuda a cineastas. Actualmente, \u2018Todas mis avispas\u2019 cuenta con el apoyo de la Concejal\u00eda de Cultura del Ayuntamiento de Caravaca, el Grupo Postres Reina y otras entidades y personas que han decidido apoyar.<\/p>\n\n\n\n<div class=\"wp-block-image\"><figure class=\"aligncenter\"><img loading=\"lazy\" decoding=\"async\" width=\"1024\" height=\"612\" src=\"https:\/\/www.turismocaravaca.com\/blog\/wp-content\/uploads\/2019\/09\/RodajeTodasMis-avispas03-1024x612.jpg\" alt=\"\" class=\"wp-image-8312\" srcset=\"https:\/\/www.turismocaravaca.com\/blog\/wp-content\/uploads\/2019\/09\/RodajeTodasMis-avispas03-1024x612.jpg 1024w, https:\/\/www.turismocaravaca.com\/blog\/wp-content\/uploads\/2019\/09\/RodajeTodasMis-avispas03-300x179.jpg 300w, https:\/\/www.turismocaravaca.com\/blog\/wp-content\/uploads\/2019\/09\/RodajeTodasMis-avispas03-768x459.jpg 768w, https:\/\/www.turismocaravaca.com\/blog\/wp-content\/uploads\/2019\/09\/RodajeTodasMis-avispas03.jpg 2009w\" sizes=\"(max-width: 1024px) 100vw, 1024px\" \/><\/figure><\/div>\n\n\n\n<p>Algo a destacar en este rodaje es que est\u00e1 protagonizado\npor la propia abuela de la directora, Amparo Roque, de 86 a\u00f1os, y tambi\u00e9n por\nvecinos caravaque\u00f1os, como modo de plasmar de forma realista el alma del lugar.\n\u201cEl cortometraje narra de la forma m\u00e1s po\u00e9tica y on\u00edrica posible un retrato de\nlos mayores, de la vejez, el abrazar a la muerte, la fe en la Cruz de Caravaca\ny el amor familiar que todo lo puede\u201d, ha se\u00f1alado Daria G\u00e1lvez. <\/p>\n\n\n\n<p>La directora tambi\u00e9n explic\u00f3 que se trata de su proyecto fin de grado en la \u2018Escola Superior de Cinema i Audiovisuals de Catalu\u00f1a\u2019 y que \u00abnace de todos mis veranos en el cortijo de mi abuela Amparo\u00bb. <\/p>\n\n\n\n<p><strong>Breve rese\u00f1a biogr\u00e1fica<\/strong><\/p>\n\n\n\n<p>Daria G\u00e1lvez Molteni naci\u00f3 en 1994 en Italia y es nieta de emigrantes caravaque\u00f1os. Su pasi\u00f3n por el cine naci\u00f3 de su amor hacia la composici\u00f3n de bandas sonoras, impuls\u00e1ndola a formarse a nivel profesional en el sector cinematogr\u00e1fico. <\/p>\n\n\n\n<div class=\"wp-block-image\"><figure class=\"aligncenter\"><img loading=\"lazy\" decoding=\"async\" width=\"745\" height=\"419\" src=\"https:\/\/www.turismocaravaca.com\/blog\/wp-content\/uploads\/2019\/09\/Amparo-carg\u00e1ndome-el-d\u00eda-de-su-64-cumplea\u00f1os-1.jpg\" alt=\"\" class=\"wp-image-8314\" srcset=\"https:\/\/www.turismocaravaca.com\/blog\/wp-content\/uploads\/2019\/09\/Amparo-carg\u00e1ndome-el-d\u00eda-de-su-64-cumplea\u00f1os-1.jpg 745w, https:\/\/www.turismocaravaca.com\/blog\/wp-content\/uploads\/2019\/09\/Amparo-carg\u00e1ndome-el-d\u00eda-de-su-64-cumplea\u00f1os-1-300x169.jpg 300w\" sizes=\"(max-width: 745px) 100vw, 745px\" \/><figcaption>Amparo carg\u00e1ndome el d\u00eda de su 64 cumplea\u00f1os<\/figcaption><\/figure><\/div>\n\n\n\n<p>Daria obtuvo el t\u00edtulo como\nguionista en la Scuola Luchino Visconti, Milano, 2015. Paralelamente continu\u00f3\nsu formaci\u00f3n musical obteniendo la titulaci\u00f3n en Composici\u00f3n de M\u00fasica para la\nImagen en la \u2018Scuola Claudio Abbado\u2019, Milano 2014.&nbsp;Posteriormente,\nfinaliz\u00f3 el grado en direcci\u00f3n cinematogr\u00e1fica en ESCAC, Barcelona. Desde\nentonces ha participado en la realizaci\u00f3n de varios cortometrajes, obras\nteatrales y la direcci\u00f3n de su primer largometraje. A su temprana edad es\nconsiderada una joven promesa en la direcci\u00f3n actoral de nuestro cine.&nbsp;<\/p>\n\n\n\n<p><strong>SOBRE EL CORTOMETRAJE<\/strong><\/p>\n\n\n\n<p><em>Todas mis avispas<\/em> nace de todos\nmis veranos en el cortijo de mi abuela Amparo. De ella, de tal y como es. De\ncuando \u00e9ramos ni\u00f1os y los d\u00edas de verano eran horas y horas a remojo en la\npiscina, los que prefer\u00edan polos de lim\u00f3n a los de naranja, las coreograf\u00edas sobre\nel hit de ese verano, lo sacro que era ver la telenovela de la tarde, las\nexploraciones al atardecer por los campos y los mil fantasmas que conviv\u00edan por\nla noche en la casa. <\/p>\n\n\n\n<p>El tiempo pasa y los veranos cambian. Nos cambian.<\/p>\n\n\n\n<p>A ra\u00edz de un acontecimiento crucial para este cortometraje, tome distancia de la figura de la abuela y empec\u00e9 a interesarme m\u00e1s por la mujer que hab\u00eda detr\u00e1s. Del \u00fanico amor de su vida, mi abuelo a quien no llegu\u00e9 a conocer, sus viajes, sus miedos, sus rezos, sus plantas, de c\u00f3mo rellena las hora del d\u00eda. <br> De la soledad. <\/p>\n\n\n\n<div class=\"wp-block-image\"><figure class=\"aligncenter\"><img loading=\"lazy\" decoding=\"async\" width=\"745\" height=\"567\" src=\"https:\/\/www.turismocaravaca.com\/blog\/wp-content\/uploads\/2019\/09\/Amparo-y-sus-primeros-hijos.jpg\" alt=\"\" class=\"wp-image-8315\" srcset=\"https:\/\/www.turismocaravaca.com\/blog\/wp-content\/uploads\/2019\/09\/Amparo-y-sus-primeros-hijos.jpg 745w, https:\/\/www.turismocaravaca.com\/blog\/wp-content\/uploads\/2019\/09\/Amparo-y-sus-primeros-hijos-300x228.jpg 300w\" sizes=\"(max-width: 745px) 100vw, 745px\" \/><figcaption>Amparo y sus primeros hijos<\/figcaption><\/figure><\/div>\n\n\n\n<p>Es\nun cortometraje que respira de los peque\u00f1os detalles, que bebe de las voces y\nsilencios m\u00e1s realistas de todos mis veranos, los de mi abuela. Destaca de este\nrodaje ser\u00e1 el trabajo no actoral que contar\u00e1 con la mism\u00edsima y aut\u00e9ntica\nAmparo y el resto de la familia.<\/p>\n\n\n\n<p>Fuentes:<\/p>\n\n\n\n<p><a href=\"https:\/\/www.verkami.com\">https:\/\/www.verkami.com<\/a><\/p>\n\n\n\n<p><a href=\"https:\/\/www.murcia.com\/\">https:\/\/www.murcia.com\/<\/a><\/p>\n\n\n\n<p><\/p>\n","protected":false},"excerpt":{"rendered":"<p>Vamos a dedicar hoy nuestro blog de turismo a ahondar m\u00e1s en una noticia que ya adelant\u00e1bamos ayer, a saber: el rodaje en la pedan\u00eda caravaque\u00f1a de Benabl\u00f3n de la pel\u00edcula \u201cTodas mis avispas\u201d. &nbsp;&nbsp;&nbsp;&nbsp;&nbsp;&nbsp;&nbsp;&nbsp; Se trata de un cortometraje dirigido por Daria G\u00e1lvez Molteni en el que rinde homenaje a su abuela y a [&hellip;]<\/p>\n","protected":false},"author":2,"featured_media":8316,"comment_status":"open","ping_status":"open","sticky":false,"template":"","format":"standard","meta":{"footnotes":""},"categories":[2114,2126,1],"tags":[2593],"class_list":["post-8309","post","type-post","status-publish","format-standard","has-post-thumbnail","hentry","category-cine","category-espanol","category-sin-categoria","tag-caravaca-es-de-cine"],"_links":{"self":[{"href":"https:\/\/www.turismocaravaca.com\/blog\/wp-json\/wp\/v2\/posts\/8309"}],"collection":[{"href":"https:\/\/www.turismocaravaca.com\/blog\/wp-json\/wp\/v2\/posts"}],"about":[{"href":"https:\/\/www.turismocaravaca.com\/blog\/wp-json\/wp\/v2\/types\/post"}],"author":[{"embeddable":true,"href":"https:\/\/www.turismocaravaca.com\/blog\/wp-json\/wp\/v2\/users\/2"}],"replies":[{"embeddable":true,"href":"https:\/\/www.turismocaravaca.com\/blog\/wp-json\/wp\/v2\/comments?post=8309"}],"version-history":[{"count":4,"href":"https:\/\/www.turismocaravaca.com\/blog\/wp-json\/wp\/v2\/posts\/8309\/revisions"}],"predecessor-version":[{"id":8320,"href":"https:\/\/www.turismocaravaca.com\/blog\/wp-json\/wp\/v2\/posts\/8309\/revisions\/8320"}],"wp:featuredmedia":[{"embeddable":true,"href":"https:\/\/www.turismocaravaca.com\/blog\/wp-json\/wp\/v2\/media\/8316"}],"wp:attachment":[{"href":"https:\/\/www.turismocaravaca.com\/blog\/wp-json\/wp\/v2\/media?parent=8309"}],"wp:term":[{"taxonomy":"category","embeddable":true,"href":"https:\/\/www.turismocaravaca.com\/blog\/wp-json\/wp\/v2\/categories?post=8309"},{"taxonomy":"post_tag","embeddable":true,"href":"https:\/\/www.turismocaravaca.com\/blog\/wp-json\/wp\/v2\/tags?post=8309"}],"curies":[{"name":"wp","href":"https:\/\/api.w.org\/{rel}","templated":true}]}}