{"id":8332,"date":"2019-09-12T14:25:48","date_gmt":"2019-09-12T12:25:48","guid":{"rendered":"http:\/\/www.turismocaravaca.com\/blog\/?p=8332"},"modified":"2019-09-12T14:25:48","modified_gmt":"2019-09-12T12:25:48","slug":"el-concurso-canino-de-caravaca-cumple-25-anos-arropado-por-actividades-para-fomentar-la-tenencia-responsable-de-animales","status":"publish","type":"post","link":"https:\/\/www.turismocaravaca.com\/blog\/el-concurso-canino-de-caravaca-cumple-25-anos-arropado-por-actividades-para-fomentar-la-tenencia-responsable-de-animales\/","title":{"rendered":"El concurso canino de Caravaca cumple 25 a\u00f1os arropado por actividades para fomentar la tenencia responsable de animales"},"content":{"rendered":"\n<figure class=\"wp-block-image\"><img loading=\"lazy\" decoding=\"async\" width=\"1024\" height=\"793\" src=\"https:\/\/www.turismocaravaca.com\/blog\/wp-content\/uploads\/2019\/09\/expcaninacaravaca2019-1024x793.jpg\" alt=\"\" class=\"wp-image-8333\" srcset=\"https:\/\/www.turismocaravaca.com\/blog\/wp-content\/uploads\/2019\/09\/expcaninacaravaca2019-1024x793.jpg 1024w, https:\/\/www.turismocaravaca.com\/blog\/wp-content\/uploads\/2019\/09\/expcaninacaravaca2019-300x232.jpg 300w, https:\/\/www.turismocaravaca.com\/blog\/wp-content\/uploads\/2019\/09\/expcaninacaravaca2019-768x594.jpg 768w\" sizes=\"(max-width: 1024px) 100vw, 1024px\" \/><\/figure>\n\n\n\n<p><strong>La XV Exposici\u00f3n Canina Nacional e Internacional y el XXV Concurso Canino de Caravaca de la Cruz se celebran los d\u00edas 21 y 22 de septiembre en la Glorieta<\/strong><\/p>\n\n\n\n<p><strong>Unos 300 ejemplares de distintos puntos de la geograf\u00eda espa\u00f1ola participar\u00e1n en el concurso, puntuable para campeonato auton\u00f3mico, nacional e internacional<\/strong><\/p>\n\n\n\n<p>La XV Exposici\u00f3n Canina Nacional e Internacional y\nel XXV Concurso Canino de Caravaca de la Cruz se celebran el fin de semana del\n21 y 22 de septiembre en el paseo de La Corredera, con actividades paralelas\npara todos los p\u00fablicos.<\/p>\n\n\n\n<p>\u00a0\u00a0\u00a0\u00a0\u00a0\u00a0\u00a0\u00a0 La concejal de Medio Ambiente y Bienestar Animal, Ana Bel\u00e9n Mart\u00ednez, present\u00f3 este evento, cuyos or\u00edgenes se remontan al concurso popular que se inici\u00f3 hace 25 a\u00f1os en el antiguo pabell\u00f3n festero la pe\u00f1a Jeque. La edil estuvo acompa\u00f1ada por la presidenta de \u2018Alianz Canine Worldwide\u2019 y de la Asociaci\u00f3n Canina Nacional ACCAM, Mar\u00eda Eugenia Ribelles, as\u00ed como por los representantes de la pe\u00f1a caballista \u2018Jeque\u2019, Gin\u00e9s Mart\u00ednez y Sof\u00eda Mart\u00ednez. <\/p>\n\n\n\n<figure class=\"wp-block-image\"><img loading=\"lazy\" decoding=\"async\" width=\"1024\" height=\"688\" src=\"https:\/\/www.turismocaravaca.com\/blog\/wp-content\/uploads\/2019\/09\/ConcursoYExposicionCaninaCaravaca02-1024x688.jpg\" alt=\"\" class=\"wp-image-8334\" srcset=\"https:\/\/www.turismocaravaca.com\/blog\/wp-content\/uploads\/2019\/09\/ConcursoYExposicionCaninaCaravaca02-1024x688.jpg 1024w, https:\/\/www.turismocaravaca.com\/blog\/wp-content\/uploads\/2019\/09\/ConcursoYExposicionCaninaCaravaca02-300x201.jpg 300w, https:\/\/www.turismocaravaca.com\/blog\/wp-content\/uploads\/2019\/09\/ConcursoYExposicionCaninaCaravaca02-768x516.jpg 768w\" sizes=\"(max-width: 1024px) 100vw, 1024px\" \/><\/figure>\n\n\n\n<p>\u00a0\u00a0\u00a0\u00a0\u00a0\u00a0\u00a0\u00a0 \u201cCon esta actividad, que conseguir\u00e1 reunir a unos 300 ejemplares para competir el concurso puntuable para el Campeonato de Espa\u00f1a, tambi\u00e9n se fomenta la tenencia responsable de animales de compa\u00f1\u00eda con distintas actividades paralelas de concienciaci\u00f3n\u201d, seg\u00fan ha se\u00f1alado la edil Ana Bel\u00e9n Mart\u00ednez. Una de ellas ser\u00e1 la exhibici\u00f3n de adiestramiento sobre obediencia, habilidades y b\u00fasqueda de personas, que estar\u00e1 precedida de una charla-taller centrada en las obligaciones y la educaci\u00f3n urbana para propietarios de mascotas, a cargo de CenterK9Elche. <\/p>\n\n\n\n<figure class=\"wp-block-image\"><img loading=\"lazy\" decoding=\"async\" width=\"1024\" height=\"628\" src=\"https:\/\/www.turismocaravaca.com\/blog\/wp-content\/uploads\/2019\/09\/ExposicionCaninaCaravacaExhibicionCanina-1024x628.jpg\" alt=\"\" class=\"wp-image-8335\" srcset=\"https:\/\/www.turismocaravaca.com\/blog\/wp-content\/uploads\/2019\/09\/ExposicionCaninaCaravacaExhibicionCanina-1024x628.jpg 1024w, https:\/\/www.turismocaravaca.com\/blog\/wp-content\/uploads\/2019\/09\/ExposicionCaninaCaravacaExhibicionCanina-300x184.jpg 300w, https:\/\/www.turismocaravaca.com\/blog\/wp-content\/uploads\/2019\/09\/ExposicionCaninaCaravacaExhibicionCanina-768x471.jpg 768w, https:\/\/www.turismocaravaca.com\/blog\/wp-content\/uploads\/2019\/09\/ExposicionCaninaCaravacaExhibicionCanina.jpg 1512w\" sizes=\"(max-width: 1024px) 100vw, 1024px\" \/><\/figure>\n\n\n\n<p>El s\u00e1bado 21\nde septiembre, a partir de las 17.00 horas, tendr\u00e1n lugar distintas actividades\ndirigidas a los aficionados del mundo del perro, como un espectacular show\ncanino, reconocimientos de raza oficiales para ejemplares sin pedigr\u00ed y un\nconcurso canino popular gratuito, en el que podr\u00e1n participar perros con y sin\npedigree siendo presentados por ni\u00f1os o adultos.<\/p>\n\n\n\n<p>El domingo 22 de septiembre, a partir de las 10.00 horas, se realizar\u00e1 la XV Exposici\u00f3n Canina Nacional e Internacional y XXV Concurso Canino puntuable para el Campeonato Internacional, Campeonato de Espa\u00f1a y Campeonato de la Comunidad Aut\u00f3noma de Murcia, en el que se espera la participaci\u00f3n de unos 300 ejemplares de distintos puntos de la geograf\u00eda espa\u00f1ola.<\/p>\n\n\n\n<figure class=\"wp-block-image\"><img loading=\"lazy\" decoding=\"async\" width=\"1024\" height=\"618\" src=\"https:\/\/www.turismocaravaca.com\/blog\/wp-content\/uploads\/2019\/09\/ConcursoYExposicionCaninaCaravaca01-1024x618.jpg\" alt=\"\" class=\"wp-image-8336\" srcset=\"https:\/\/www.turismocaravaca.com\/blog\/wp-content\/uploads\/2019\/09\/ConcursoYExposicionCaninaCaravaca01-1024x618.jpg 1024w, https:\/\/www.turismocaravaca.com\/blog\/wp-content\/uploads\/2019\/09\/ConcursoYExposicionCaninaCaravaca01-300x181.jpg 300w, https:\/\/www.turismocaravaca.com\/blog\/wp-content\/uploads\/2019\/09\/ConcursoYExposicionCaninaCaravaca01-768x464.jpg 768w\" sizes=\"(max-width: 1024px) 100vw, 1024px\" \/><\/figure>\n\n\n\n<p>Durante el fin de semana los asistentes podr\u00e1n disfrutar de una\ngran exhibici\u00f3n de adiestramiento canino por parte del Club de Adiestramiento\nCMC. Y adem\u00e1s, se realizar\u00e1n reconocimientos de raza oficiales para ejemplares\nque, siendo de pura raza, no est\u00e1n inscritos en el Libro de Or\u00edgenes Canino\nOficial y que, por tanto, no disponen de pedigree.<\/p>\n\n\n\n<p>Los propietarios de perros interesados en formar parte de alguna\nde las secciones de la exposici\u00f3n oficial a\u00fan est\u00e1n a tiempo de participar,\ncursando la inscripci\u00f3n a trav\u00e9s de <a href=\"http:\/\/www.caninanacionalaccam.es\">www.caninanacionalaccam.es<\/a> e <a href=\"mailto:info@caninanacionalccam.es\">info@caninanacionalccam.es<\/a>. Tambi\u00e9n podr\u00e1n realizarse inscripciones el mismo domingo 22 de\nseptiembre en la exposici\u00f3n canina internacional, en el stand de la Asociaci\u00f3n\nCanina de Espa\u00f1a ACCAM. La participaci\u00f3n en el concurso popular, que dio origen\na este evento, es gratuita y no requiere inscripci\u00f3n previa. <\/p>\n\n\n","protected":false},"excerpt":{"rendered":"<p>La XV Exposici\u00f3n Canina Nacional e Internacional y el XXV Concurso Canino de Caravaca de la Cruz se celebran los d\u00edas 21 y 22 de septiembre en la Glorieta Unos 300 ejemplares de distintos puntos de la geograf\u00eda espa\u00f1ola participar\u00e1n en el concurso, puntuable para campeonato auton\u00f3mico, nacional e internacional La XV Exposici\u00f3n Canina Nacional [&hellip;]<\/p>\n","protected":false},"author":2,"featured_media":0,"comment_status":"open","ping_status":"open","sticky":false,"template":"","format":"standard","meta":{"footnotes":""},"categories":[3,11,2117,2126,14,15,16],"tags":[2595],"class_list":["post-8332","post","type-post","status-publish","format-standard","hentry","category-actividades","category-concursos","category-cruz-de-caravaca","category-espanol","category-eventos","category-exhibiciones","category-exposiones","tag-concurso-canino-caravaca"],"_links":{"self":[{"href":"https:\/\/www.turismocaravaca.com\/blog\/wp-json\/wp\/v2\/posts\/8332"}],"collection":[{"href":"https:\/\/www.turismocaravaca.com\/blog\/wp-json\/wp\/v2\/posts"}],"about":[{"href":"https:\/\/www.turismocaravaca.com\/blog\/wp-json\/wp\/v2\/types\/post"}],"author":[{"embeddable":true,"href":"https:\/\/www.turismocaravaca.com\/blog\/wp-json\/wp\/v2\/users\/2"}],"replies":[{"embeddable":true,"href":"https:\/\/www.turismocaravaca.com\/blog\/wp-json\/wp\/v2\/comments?post=8332"}],"version-history":[{"count":1,"href":"https:\/\/www.turismocaravaca.com\/blog\/wp-json\/wp\/v2\/posts\/8332\/revisions"}],"predecessor-version":[{"id":8337,"href":"https:\/\/www.turismocaravaca.com\/blog\/wp-json\/wp\/v2\/posts\/8332\/revisions\/8337"}],"wp:attachment":[{"href":"https:\/\/www.turismocaravaca.com\/blog\/wp-json\/wp\/v2\/media?parent=8332"}],"wp:term":[{"taxonomy":"category","embeddable":true,"href":"https:\/\/www.turismocaravaca.com\/blog\/wp-json\/wp\/v2\/categories?post=8332"},{"taxonomy":"post_tag","embeddable":true,"href":"https:\/\/www.turismocaravaca.com\/blog\/wp-json\/wp\/v2\/tags?post=8332"}],"curies":[{"name":"wp","href":"https:\/\/api.w.org\/{rel}","templated":true}]}}