{"id":8338,"date":"2019-09-17T14:12:32","date_gmt":"2019-09-17T12:12:32","guid":{"rendered":"http:\/\/www.turismocaravaca.com\/blog\/?p=8338"},"modified":"2019-09-17T14:12:32","modified_gmt":"2019-09-17T12:12:32","slug":"46o-certamen-literario-albacara-2019","status":"publish","type":"post","link":"https:\/\/www.turismocaravaca.com\/blog\/46o-certamen-literario-albacara-2019\/","title":{"rendered":"46\u00ba Certamen literario Albacara 2019"},"content":{"rendered":"\n<figure class=\"wp-block-image\"><img loading=\"lazy\" decoding=\"async\" width=\"728\" height=\"1024\" src=\"https:\/\/www.turismocaravaca.com\/blog\/wp-content\/uploads\/2019\/09\/Cartel-Albacara-19.-Calidad-M-728x1024.jpg\" alt=\"\" class=\"wp-image-8339\" srcset=\"https:\/\/www.turismocaravaca.com\/blog\/wp-content\/uploads\/2019\/09\/Cartel-Albacara-19.-Calidad-M-728x1024.jpg 728w, https:\/\/www.turismocaravaca.com\/blog\/wp-content\/uploads\/2019\/09\/Cartel-Albacara-19.-Calidad-M-213x300.jpg 213w, https:\/\/www.turismocaravaca.com\/blog\/wp-content\/uploads\/2019\/09\/Cartel-Albacara-19.-Calidad-M-768x1081.jpg 768w, https:\/\/www.turismocaravaca.com\/blog\/wp-content\/uploads\/2019\/09\/Cartel-Albacara-19.-Calidad-M.jpg 1137w\" sizes=\"(max-width: 728px) 100vw, 728px\" \/><\/figure>\n\n\n\n<p>El Premio Albacara surgi\u00f3 en la ciudad  de Caravaca de la Cruz en el a\u00f1o 1972, al amparo de la figura de San  Juan de la Cruz, con el fin de promover la creaci\u00f3n literaria entre  adolescentes y j\u00f3venes. Desde entonces, han sido muchas las personas  que, habi\u00e9ndose estrenado en este certamen, se acreditan hoy como  reconocidos escritores y poetas en el \u00e1mbito regional, nacional e  incluso internacional.<\/p>\n\n\n\n<p>El premio se gest\u00f3 en el  seno del Club Edith Stein de los Padres Carmelitas Descalzos de la  ciudad. En 1980, la organizaci\u00f3n pas\u00f3 al Ayuntamiento de Caravaca de la  Cruz, continuando hasta el momento actual con la pretensi\u00f3n de animar e  incentivar la pr\u00e1ctica narrativa y premiar a nuevos valores en este  campo.\u00a0<\/p>\n\n\n\n<figure class=\"wp-block-image\"><img loading=\"lazy\" decoding=\"async\" width=\"1024\" height=\"715\" src=\"https:\/\/www.turismocaravaca.com\/blog\/wp-content\/uploads\/2019\/09\/PresentacionCartelAlbacara01-1024x715.jpg\" alt=\"\" class=\"wp-image-8340\" srcset=\"https:\/\/www.turismocaravaca.com\/blog\/wp-content\/uploads\/2019\/09\/PresentacionCartelAlbacara01-1024x715.jpg 1024w, https:\/\/www.turismocaravaca.com\/blog\/wp-content\/uploads\/2019\/09\/PresentacionCartelAlbacara01-300x209.jpg 300w, https:\/\/www.turismocaravaca.com\/blog\/wp-content\/uploads\/2019\/09\/PresentacionCartelAlbacara01-768x536.jpg 768w\" sizes=\"(max-width: 1024px) 100vw, 1024px\" \/><\/figure>\n\n\n\n<p>Al menos en las 17 primeras ediciones,  el certamen literario tuvo un car\u00e1cter nacional. El \u2018Albacara\u2019, que  ahora se ampl\u00eda a poetas y escritores de todas las edades, es uno de los  premios literarios m\u00e1s antiguos de Espa\u00f1a dentro de su categor\u00eda de  j\u00f3venes talentos.<\/p>\n\n\n\n<p><\/p>\n\n\n\n<p>El Ayuntamiento de Caravaca de la Cruz \nconvoca el Certamen Literario \u2018Albacara\u2019, que en su \u00faltima edici\u00f3n pas\u00f3 a\n estar compuesto por el \u2018Premio Escuela de Mandarines\u2019, el \u2018Premio de \nNarrativa Ciudad de la Cruz\u2019 y el \u2018Premio de Poes\u00eda M\u00edstica San Juan de \nla Cruz\u2019, las dos \u00faltimas modalidades ahora adquieren car\u00e1cter \ninternacional, siempre y cuando los trabajos sean originales escritos en\n castellano.<\/p>\n\n\n\n<p>El pasado a\u00f1o la Concejal\u00eda de Cultura  -en colaboraci\u00f3n con los Carmelitas Descalzos, el grupo Postres Reina y  la editorial Gollar\u00edn- relanz\u00f3 este certamen con 46 a\u00f1os de historia y  37 ediciones celebradas, incorporando dos nuevas categor\u00edas de  participaci\u00f3n, adem\u00e1s de los tradicionales premios juveniles e  infantiles. En la \u00faltima edici\u00f3n concurrieron m\u00e1s de 180 obras.<\/p>\n\n\n\n<figure class=\"wp-block-image\"><img loading=\"lazy\" decoding=\"async\" width=\"624\" height=\"385\" src=\"https:\/\/www.turismocaravaca.com\/blog\/wp-content\/uploads\/2019\/09\/ALBACARA-2018-DSC_0395-ku8C-U60189585631143B-624x385@La-Verdad.jpg\" alt=\"\" class=\"wp-image-8341\" srcset=\"https:\/\/www.turismocaravaca.com\/blog\/wp-content\/uploads\/2019\/09\/ALBACARA-2018-DSC_0395-ku8C-U60189585631143B-624x385@La-Verdad.jpg 624w, https:\/\/www.turismocaravaca.com\/blog\/wp-content\/uploads\/2019\/09\/ALBACARA-2018-DSC_0395-ku8C-U60189585631143B-624x385@La-Verdad-300x185.jpg 300w\" sizes=\"(max-width: 624px) 100vw, 624px\" \/><figcaption>Premiados en la edici\u00f3n 2018<\/figcaption><\/figure>\n\n\n\n<p>En esta edici\u00f3n de 2019, el Premio \n\u2018Albacara\u2019 presenta de nuevo la convocatoria tradicional Infantil y \nJuvenil denominada \u201cPremio Escuela de mandarines\u201d, en homenaje a la obra\n del escritor caravaque\u00f1o Miguel Espinosa. Dentro de las bases tambi\u00e9n \nse convoca el II \u201cPremio de Narrativa Ciudad de la Cruz\u201d, sobre tem\u00e1tica\n local, para mayores de 18 a\u00f1os, en reconocimiento al escritor \ncaravaque\u00f1o Gregorio Javier. Y por \u00faltimo, est\u00e1 el II \u201cPremio de Poes\u00eda \nm\u00edstica San Juan de la Cruz\u201d, dirigido a mayores de 18 a\u00f1os de cualquier\n nacionalidad, para homenajear la figura del insigne m\u00edstico patrono de \nlos poetas espa\u00f1oles por su vinculaci\u00f3n hist\u00f3rica con la ciudad de \nCaravaca de la Cruz.&nbsp;<\/p>\n\n\n\n<p>Las bases del Certamen Literario \u2018Albacara\u2019, en sus tres l\u00edneas diferenciadas, se pueden consultar en este enlace: <a href=\"https:\/\/bibliotecadecaravaca.blogspot.com\/2019\/03\/premios-albacara-38-ediciones-en-46-anos.html\">https:\/\/bibliotecadecaravaca.blogspot.com\/2019\/03\/premios-albacara-38-ediciones-en-46-anos.html<\/a>.<\/p>\n\n\n\n<p>El\u00a0<strong>plazo de presentaci\u00f3n de obras<\/strong>, para todos los casos, estar\u00e1 abierto<strong>\u00a0hasta el\u00a031 de octubre\u00a0 a las 21:00h.\u00a0<\/strong>y estas deben enviarse a la Casa de la Cultura \u2018Emilio S\u00e1ez\u2019, ubicada en Plaza del Templete s\/n de Caravaca de la Cruz y, continuando con la tradici\u00f3n de este premio, la\u00a0<strong>entrega de galardones se celebrar\u00e1 el 14 de diciembre<\/strong>\u00a0de  este a\u00f1o, coincidiendo con el d\u00eda de San Juan de la Cruz, patrono de  los poetas en lengua espa\u00f1ola,\u00a0en el sal\u00f3n de plenos\u00a0del ayuntamiento de  Caravaca de la Cruz, o lugar que determine la organizaci\u00f3n.<\/p>\n\n\n\n<p><\/p>\n","protected":false},"excerpt":{"rendered":"<p>El Premio Albacara surgi\u00f3 en la ciudad de Caravaca de la Cruz en el a\u00f1o 1972, al amparo de la figura de San Juan de la Cruz, con el fin de promover la creaci\u00f3n literaria entre adolescentes y j\u00f3venes. Desde entonces, han sido muchas las personas que, habi\u00e9ndose estrenado en este certamen, se acreditan hoy [&hellip;]<\/p>\n","protected":false},"author":2,"featured_media":0,"comment_status":"open","ping_status":"open","sticky":false,"template":"","format":"standard","meta":{"footnotes":""},"categories":[3,2126,14],"tags":[2596,2597],"class_list":["post-8338","post","type-post","status-publish","format-standard","hentry","category-actividades","category-espanol","category-eventos","tag-albacara-2019","tag-certamen-literario"],"_links":{"self":[{"href":"https:\/\/www.turismocaravaca.com\/blog\/wp-json\/wp\/v2\/posts\/8338"}],"collection":[{"href":"https:\/\/www.turismocaravaca.com\/blog\/wp-json\/wp\/v2\/posts"}],"about":[{"href":"https:\/\/www.turismocaravaca.com\/blog\/wp-json\/wp\/v2\/types\/post"}],"author":[{"embeddable":true,"href":"https:\/\/www.turismocaravaca.com\/blog\/wp-json\/wp\/v2\/users\/2"}],"replies":[{"embeddable":true,"href":"https:\/\/www.turismocaravaca.com\/blog\/wp-json\/wp\/v2\/comments?post=8338"}],"version-history":[{"count":1,"href":"https:\/\/www.turismocaravaca.com\/blog\/wp-json\/wp\/v2\/posts\/8338\/revisions"}],"predecessor-version":[{"id":8342,"href":"https:\/\/www.turismocaravaca.com\/blog\/wp-json\/wp\/v2\/posts\/8338\/revisions\/8342"}],"wp:attachment":[{"href":"https:\/\/www.turismocaravaca.com\/blog\/wp-json\/wp\/v2\/media?parent=8338"}],"wp:term":[{"taxonomy":"category","embeddable":true,"href":"https:\/\/www.turismocaravaca.com\/blog\/wp-json\/wp\/v2\/categories?post=8338"},{"taxonomy":"post_tag","embeddable":true,"href":"https:\/\/www.turismocaravaca.com\/blog\/wp-json\/wp\/v2\/tags?post=8338"}],"curies":[{"name":"wp","href":"https:\/\/api.w.org\/{rel}","templated":true}]}}