{"id":8344,"date":"2019-09-24T13:27:03","date_gmt":"2019-09-24T11:27:03","guid":{"rendered":"http:\/\/www.turismocaravaca.com\/blog\/?p=8344"},"modified":"2019-09-24T13:37:47","modified_gmt":"2019-09-24T11:37:47","slug":"homenaje-a-rocio-jurado","status":"publish","type":"post","link":"https:\/\/www.turismocaravaca.com\/blog\/homenaje-a-rocio-jurado\/","title":{"rendered":"Homenaje a Rocio Jurado"},"content":{"rendered":"\n<p style=\"text-align:center\"><strong>Caravaca de la Cruz acoge este s\u00e1bado un concierto homenaje a Roc\u00edo Jurado<\/strong><\/p>\n\n\n\n<figure class=\"wp-block-image\"><img loading=\"lazy\" decoding=\"async\" width=\"649\" height=\"1024\" src=\"https:\/\/www.turismocaravaca.com\/blog\/wp-content\/uploads\/2019\/09\/HOMENAJE-A-ROCIO-JURADO-649x1024.jpg\" alt=\"\" class=\"wp-image-8345\" srcset=\"https:\/\/www.turismocaravaca.com\/blog\/wp-content\/uploads\/2019\/09\/HOMENAJE-A-ROCIO-JURADO.jpg 649w, https:\/\/www.turismocaravaca.com\/blog\/wp-content\/uploads\/2019\/09\/HOMENAJE-A-ROCIO-JURADO-190x300.jpg 190w\" sizes=\"(max-width: 649px) 100vw, 649px\" \/><\/figure>\n\n\n\n<p><strong>Este tributo, organizado por el Consistorio caravaque\u00f1o, ser\u00e1 de acceso gratuito y estar\u00e1 protagonizado por la cantante malague\u00f1a Tamara Jerez<\/strong><\/p>\n\n\n\n<p style=\"text-align:left\">El\npaseo de La Corredera acoge el pr\u00f3ximo s\u00e1bado, 28 de septiembre, el concierto\ncon el que el Ayuntamiento de Caravaca de la Cruz clausura la programaci\u00f3n\ncultural de verano. Este a\u00f1o se rendir\u00e1 homenaje a la cantante Roc\u00edo Jurado con\nla voz de la malague\u00f1a <strong>Tamara\nJerez. <\/strong><strong><\/strong><\/p>\n\n\n\n<p style=\"text-align:left\">&nbsp;&nbsp;&nbsp;&nbsp;&nbsp;&nbsp;&nbsp;&nbsp; El concierto, de acceso gratuito, dar\u00e1 comienzo a las 22.00 horas. El Consistorio caravaque\u00f1o facilitar\u00e1 el transporte de los vecinos de las pedan\u00edas, a trav\u00e9s de las siete asociaciones de mujeres que hay constituidas en los n\u00facleos rurales del t\u00e9rmino municipal.<\/p>\n\n\n\n<figure class=\"wp-block-image\"><img loading=\"lazy\" decoding=\"async\" width=\"1024\" height=\"683\" src=\"https:\/\/www.turismocaravaca.com\/blog\/wp-content\/uploads\/2019\/09\/tamaradejerez-1024x683.jpg\" alt=\"\" class=\"wp-image-8346\" srcset=\"https:\/\/www.turismocaravaca.com\/blog\/wp-content\/uploads\/2019\/09\/tamaradejerez.jpg 1024w, https:\/\/www.turismocaravaca.com\/blog\/wp-content\/uploads\/2019\/09\/tamaradejerez-300x200.jpg 300w, https:\/\/www.turismocaravaca.com\/blog\/wp-content\/uploads\/2019\/09\/tamaradejerez-768x512.jpg 768w\" sizes=\"(max-width: 1024px) 100vw, 1024px\" \/><\/figure>\n\n\n\n<p style=\"text-align:left\">&nbsp;&nbsp;&nbsp;&nbsp;&nbsp;&nbsp;&nbsp;&nbsp; <strong>Tamara\nJerez protagonizar\u00e1 espect\u00e1culo \u2018Se\u00f1ora\u2019, con m\u00fasica y voces en directo, en el\nque se realiza un completo repaso por los <\/strong>grandes \u00e9xitos de la artista\nchipionera universal. <\/p>\n\n\n\n<p>\u00a0\u00a0\u00a0\u00a0\u00a0\u00a0\u00a0\u00a0 Tamara de Jerez es actualmente una de las voces que mejor recuerdan a Roc\u00edo Jurado. Ha ganado diversos programas de televisi\u00f3n y siempre le ha marcado su forma de interpretar las canciones que inmortaliz\u00f3 la Jurado. Fue finalista en &#8216;Lluvia de Estrellas&#8217; de TVE; ganadora en &#8216;Nacidas para cantar&#8217; de Canal Sur TV (programa que buscaba a la sucesora de la de Chipiona, y que tuvo como presentadoras a la hija, Roc\u00edo Carrasco, y a Mar\u00eda Teresa Campos), y tambi\u00e9n ha sido segunda en la final del programa &#8216;Original y Copla&#8217; de Canal Sur TV. Tamara de Jerez tiene una amplia trayectoria en el mundo de la copla, siendo ganadora de diversos cert\u00e1menes. <\/p>\n\n\n\n<figure class=\"wp-block-embed-youtube wp-block-embed is-type-video is-provider-youtube wp-embed-aspect-16-9 wp-has-aspect-ratio\"><div class=\"wp-block-embed__wrapper\">\n<iframe loading=\"lazy\" title=\"Tamara Jerez imita a Roc\u00edo Jurado - Tu Cara No Me Suena Todav\u00eda\" width=\"768\" height=\"432\" src=\"https:\/\/www.youtube.com\/embed\/s0818mubkak?feature=oembed\" frameborder=\"0\" allow=\"accelerometer; autoplay; encrypted-media; gyroscope; picture-in-picture\" allowfullscreen><\/iframe>\n<\/div><\/figure>\n","protected":false},"excerpt":{"rendered":"<p>Caravaca de la Cruz acoge este s\u00e1bado un concierto homenaje a Roc\u00edo Jurado Este tributo, organizado por el Consistorio caravaque\u00f1o, ser\u00e1 de acceso gratuito y estar\u00e1 protagonizado por la cantante malague\u00f1a Tamara Jerez El paseo de La Corredera acoge el pr\u00f3ximo s\u00e1bado, 28 de septiembre, el concierto con el que el Ayuntamiento de Caravaca de [&hellip;]<\/p>\n","protected":false},"author":2,"featured_media":0,"comment_status":"open","ping_status":"open","sticky":false,"template":"","format":"standard","meta":{"footnotes":""},"categories":[3,10,2117,2126,14,2138],"tags":[2598],"class_list":["post-8344","post","type-post","status-publish","format-standard","hentry","category-actividades","category-conciertos-2","category-cruz-de-caravaca","category-espanol","category-eventos","category-musica","tag-tamara-jerez-caravaca"],"_links":{"self":[{"href":"https:\/\/www.turismocaravaca.com\/blog\/wp-json\/wp\/v2\/posts\/8344"}],"collection":[{"href":"https:\/\/www.turismocaravaca.com\/blog\/wp-json\/wp\/v2\/posts"}],"about":[{"href":"https:\/\/www.turismocaravaca.com\/blog\/wp-json\/wp\/v2\/types\/post"}],"author":[{"embeddable":true,"href":"https:\/\/www.turismocaravaca.com\/blog\/wp-json\/wp\/v2\/users\/2"}],"replies":[{"embeddable":true,"href":"https:\/\/www.turismocaravaca.com\/blog\/wp-json\/wp\/v2\/comments?post=8344"}],"version-history":[{"count":2,"href":"https:\/\/www.turismocaravaca.com\/blog\/wp-json\/wp\/v2\/posts\/8344\/revisions"}],"predecessor-version":[{"id":8348,"href":"https:\/\/www.turismocaravaca.com\/blog\/wp-json\/wp\/v2\/posts\/8344\/revisions\/8348"}],"wp:attachment":[{"href":"https:\/\/www.turismocaravaca.com\/blog\/wp-json\/wp\/v2\/media?parent=8344"}],"wp:term":[{"taxonomy":"category","embeddable":true,"href":"https:\/\/www.turismocaravaca.com\/blog\/wp-json\/wp\/v2\/categories?post=8344"},{"taxonomy":"post_tag","embeddable":true,"href":"https:\/\/www.turismocaravaca.com\/blog\/wp-json\/wp\/v2\/tags?post=8344"}],"curies":[{"name":"wp","href":"https:\/\/api.w.org\/{rel}","templated":true}]}}