{"id":8349,"date":"2019-09-26T18:53:49","date_gmt":"2019-09-26T16:53:49","guid":{"rendered":"http:\/\/www.turismocaravaca.com\/blog\/?p=8349"},"modified":"2019-09-26T18:53:49","modified_gmt":"2019-09-26T16:53:49","slug":"dia-internacional-del-turismo-en-caravaca-de-la-cruz","status":"publish","type":"post","link":"https:\/\/www.turismocaravaca.com\/blog\/dia-internacional-del-turismo-en-caravaca-de-la-cruz\/","title":{"rendered":"Dia Internacional del Turismo en Caravaca de la Cruz"},"content":{"rendered":"\n<p><\/p>\n\n\n\n<p>Programa de actividades con motivo del D\u00eda Internacional del Turismo en Caravaca de la Cruz<\/p>\n\n\n\n<figure class=\"wp-block-image\"><img loading=\"lazy\" decoding=\"async\" width=\"675\" height=\"960\" src=\"https:\/\/www.turismocaravaca.com\/blog\/wp-content\/uploads\/2019\/09\/70723603_2661936990530439_3064248192607453184_n.jpg\" alt=\"\" class=\"wp-image-8350\" srcset=\"https:\/\/www.turismocaravaca.com\/blog\/wp-content\/uploads\/2019\/09\/70723603_2661936990530439_3064248192607453184_n.jpg 675w, https:\/\/www.turismocaravaca.com\/blog\/wp-content\/uploads\/2019\/09\/70723603_2661936990530439_3064248192607453184_n-211x300.jpg 211w\" sizes=\"(max-width: 675px) 100vw, 675px\" \/><\/figure>\n\n\n\n<figure class=\"wp-block-embed-facebook wp-block-embed is-type-video is-provider-facebook\"><div class=\"wp-block-embed__wrapper\">\n<div id=\"fb-root\"><\/div><script async=\"1\" defer=\"1\" crossorigin=\"anonymous\" src=\"https:\/\/connect.facebook.net\/de_DE\/sdk.js#xfbml=1&amp;version=v4.0\"><\/script><div class=\"fb-video\" data-href=\"https:\/\/www.facebook.com\/ayuntamientodecaravacadelacruz\/videos\/497130727794329\/?t=5\" data-width=\"768\"><blockquote cite=\"https:\/\/www.facebook.com\/ayuntamientodecaravacadelacruz\/videos\/497130727794329\/\" class=\"fb-xfbml-parse-ignore\"><a href=\"https:\/\/www.facebook.com\/ayuntamientodecaravacadelacruz\/videos\/497130727794329\/\"><\/a><p>Este fin de semana en #Caravaca celebramos el &#039;D\u00eda Mundial del #Turismo&#039; con una programaci\u00f3n para todos los p\u00fablicos, que hace especial hincapi\u00e9 en las actividades infantiles para que los ni\u00f1os se acerquen a nuestra historia y a los museos.El concejal de Turismo, Jos\u00e9 Carlos G\u00f3mez, explica todo lo que se hay preparado y os anima a participar.\u2795 informaci\u00f3n e  inscripciones gratuitas en:\u27a1\ufe0f Oficina Municipal de Turismo (968 70 24 24, oficinadeturismo&#064;caravacadelacruz.es ). Turismo Caravaca<\/p>Gepostet von <a href=\"https:\/\/www.facebook.com\/ayuntamientodecaravacadelacruz\/\">Ayuntamiento de Caravaca de la Cruz<\/a> am Dienstag, 24. September 2019<\/blockquote><\/div>\n<\/div><\/figure>\n\n\n\n<figure class=\"wp-block-image\"><img decoding=\"async\" src=\"https:\/\/www.turismocaravaca.com\/blog\/wp-content\/uploads\/2019\/09\/Dia-internacional-turismo.mp4\" alt=\"\" class=\"wp-image-8352\"\/><\/figure>\n\n\n\n<p><\/p>\n\n\n\n<p> <\/p>\n","protected":false},"excerpt":{"rendered":"<p>Programa de actividades con motivo del D\u00eda Internacional del Turismo en Caravaca de la Cruz<\/p>\n","protected":false},"author":2,"featured_media":0,"comment_status":"open","ping_status":"open","sticky":false,"template":"","format":"standard","meta":{"footnotes":""},"categories":[3,2302,10,2117,2126,14,15,24,25,2138,1],"tags":[2599],"class_list":["post-8349","post","type-post","status-publish","format-standard","hentry","category-actividades","category-caballos-del-vino","category-conciertos-2","category-cruz-de-caravaca","category-espanol","category-eventos","category-exhibiciones","category-monumentos-2","category-museos-3","category-musica","category-sin-categoria","tag-dia-internacional-del-turismo-caravaca-de-la-cruz"],"_links":{"self":[{"href":"https:\/\/www.turismocaravaca.com\/blog\/wp-json\/wp\/v2\/posts\/8349"}],"collection":[{"href":"https:\/\/www.turismocaravaca.com\/blog\/wp-json\/wp\/v2\/posts"}],"about":[{"href":"https:\/\/www.turismocaravaca.com\/blog\/wp-json\/wp\/v2\/types\/post"}],"author":[{"embeddable":true,"href":"https:\/\/www.turismocaravaca.com\/blog\/wp-json\/wp\/v2\/users\/2"}],"replies":[{"embeddable":true,"href":"https:\/\/www.turismocaravaca.com\/blog\/wp-json\/wp\/v2\/comments?post=8349"}],"version-history":[{"count":2,"href":"https:\/\/www.turismocaravaca.com\/blog\/wp-json\/wp\/v2\/posts\/8349\/revisions"}],"predecessor-version":[{"id":8353,"href":"https:\/\/www.turismocaravaca.com\/blog\/wp-json\/wp\/v2\/posts\/8349\/revisions\/8353"}],"wp:attachment":[{"href":"https:\/\/www.turismocaravaca.com\/blog\/wp-json\/wp\/v2\/media?parent=8349"}],"wp:term":[{"taxonomy":"category","embeddable":true,"href":"https:\/\/www.turismocaravaca.com\/blog\/wp-json\/wp\/v2\/categories?post=8349"},{"taxonomy":"post_tag","embeddable":true,"href":"https:\/\/www.turismocaravaca.com\/blog\/wp-json\/wp\/v2\/tags?post=8349"}],"curies":[{"name":"wp","href":"https:\/\/api.w.org\/{rel}","templated":true}]}}