{"id":8360,"date":"2019-10-03T11:59:21","date_gmt":"2019-10-03T09:59:21","guid":{"rendered":"http:\/\/www.turismocaravaca.com\/blog\/?p=8360"},"modified":"2019-10-03T11:59:21","modified_gmt":"2019-10-03T09:59:21","slug":"iv-ciclo-teresiano-de-caravaca-de-la-cruz","status":"publish","type":"post","link":"https:\/\/www.turismocaravaca.com\/blog\/iv-ciclo-teresiano-de-caravaca-de-la-cruz\/","title":{"rendered":"IV Ciclo Teresiano de Caravaca de la Cruz"},"content":{"rendered":"\n<figure class=\"wp-block-image\"><img loading=\"lazy\" decoding=\"async\" width=\"724\" height=\"1024\" src=\"https:\/\/www.turismocaravaca.com\/blog\/wp-content\/uploads\/2019\/10\/CartelCicloTeresianoCaravaca2019-724x1024.jpg\" alt=\"\" class=\"wp-image-8361\" srcset=\"https:\/\/www.turismocaravaca.com\/blog\/wp-content\/uploads\/2019\/10\/CartelCicloTeresianoCaravaca2019.jpg 724w, https:\/\/www.turismocaravaca.com\/blog\/wp-content\/uploads\/2019\/10\/CartelCicloTeresianoCaravaca2019-212x300.jpg 212w\" sizes=\"(max-width: 724px) 100vw, 724px\" \/><\/figure>\n\n\n\n<p><strong>El\nciclo tendr\u00e1 lugar los d\u00edas 3, 10, 16 y 24 de octubre en la iglesia de San Jos\u00e9\ndel antiguo convento de las Carmelitas Descalzas<\/strong><\/p>\n\n\n\n<p><strong>El\nprofesor y carmelita Secundino Castro, catedr\u00e1tico de la Universidad de\nComillas, ofrecer\u00e1 la conferencia \u2018Teresa de Jes\u00fas, maestra y disc\u00edpula de la\nPalabra\u2019<\/strong><\/p>\n\n\n\n<p><strong>El\ncomisario art\u00edstico y galerista Nacho Ruiz hablar\u00e1 sobre \u2018M\u00edsticos:\narquitectura y razones de un proyecto\u2019, la exposici\u00f3n que se celebr\u00f3 en\nCaravaca entre septiembre de 2018 y enero de 2019<\/strong><\/p>\n\n\n\n<p><strong>Un concierto de m\u00fasica del Renacimiento espa\u00f1ol y una lectura compartida de obras de Santa Teresa a cargo de j\u00f3venes estudiantes de Bachillerato y miembros del Club de Lectura de la Biblioteca Municipal completan el programa<\/strong><\/p>\n\n\n\n<p>El IV Ciclo Teresiano de Caravaca de la Cruz,\norganizado conjuntamente por la Concejal\u00eda de Cultura del Ayuntamiento y la\ncomunidad de Carmelitas Descalzos, se celebrar\u00e1 los d\u00edas 3, 10, 16 y 24 de\noctubre en la iglesia de San Jos\u00e9 del antiguo convento de las Carmelitas\nDescalzas, en la calle Mayor.<\/p>\n\n\n\n<p>El ciclo, seg\u00fan ha explicado el concejal Juan Manuel de Le\u00f3n, tiene como objetivo profundizar en el conocimiento de Teresa de Jes\u00fas, Santa, escritora y reformadora de la Orden del Carmen universalmente conocida, cuya vinculaci\u00f3n con Caravaca viene a trav\u00e9s del convento de clausura que fund\u00f3 en 1576. \u201cA ra\u00edz de la celebraci\u00f3n del V centenario del Nacimiento de Santa Teresa, en 2015, y la entrada de Caravaca en la Red de Ciudades Teresianas, comenz\u00f3 a ponerse en valor de forma m\u00e1s notoria la relaci\u00f3n de la santa con nuestra ciudad y a organizarse actividades, que profundizan en diferentes aspectos de la santa y de la cultura del siglo XVI\u201d, ha declarado de Le\u00f3n.<\/p>\n\n\n\n<figure class=\"wp-block-image\"><img loading=\"lazy\" decoding=\"async\" width=\"644\" height=\"427\" src=\"https:\/\/www.turismocaravaca.com\/blog\/wp-content\/uploads\/2019\/10\/B5BA8F56-FECD-35F3-BE34855BA75C9376.jpg\" alt=\"\" class=\"wp-image-8362\" srcset=\"https:\/\/www.turismocaravaca.com\/blog\/wp-content\/uploads\/2019\/10\/B5BA8F56-FECD-35F3-BE34855BA75C9376.jpg 644w, https:\/\/www.turismocaravaca.com\/blog\/wp-content\/uploads\/2019\/10\/B5BA8F56-FECD-35F3-BE34855BA75C9376-300x199.jpg 300w\" sizes=\"(max-width: 644px) 100vw, 644px\" \/><figcaption>Fundaciones de Santa Teresa en Espa\u00f1a<\/figcaption><\/figure>\n\n\n\n<p>El profesor y carmelita\ndescalzo Secundino Castro, catedr\u00e1tico em\u00e9rito de la Universidad Pontificia de\nComillas, inaugurar\u00e1 el ciclo con la conferencia \u2018Teresa de Jes\u00fas, maestra y\ndisc\u00edpula de la Palabra\u2019, el jueves 3 de octubre, a las 20.30 horas. El prior\nde los Carmelitas de Caravaca, fray Pascual Gil, ha explicado que Castro es uno\nde los mejores especialistas en la vida y la obra de Santa Teresa y tambi\u00e9n de\nSan Juan de la Cruz.<\/p>\n\n\n\n<p>El jueves 10 de octubre, tambi\u00e9n en la iglesia de San Jos\u00e9, se llevar\u00e1 a cabo una lectura de fragmentos de obra en prosa y tambi\u00e9n en poes\u00eda de Santa Teresa a cargo de componentes del taller de lectura y escritura de la Biblioteca Municipal y de estudiantes de Bachillerato.<\/p>\n\n\n\n<figure class=\"wp-block-image\"><img loading=\"lazy\" decoding=\"async\" width=\"742\" height=\"1024\" src=\"https:\/\/www.turismocaravaca.com\/blog\/wp-content\/uploads\/2019\/10\/santa-teresa-y-la-cruz-742x1024.jpg\" alt=\"\" class=\"wp-image-8363\" srcset=\"https:\/\/www.turismocaravaca.com\/blog\/wp-content\/uploads\/2019\/10\/santa-teresa-y-la-cruz-742x1024.jpg 742w, https:\/\/www.turismocaravaca.com\/blog\/wp-content\/uploads\/2019\/10\/santa-teresa-y-la-cruz-217x300.jpg 217w, https:\/\/www.turismocaravaca.com\/blog\/wp-content\/uploads\/2019\/10\/santa-teresa-y-la-cruz-768x1060.jpg 768w, https:\/\/www.turismocaravaca.com\/blog\/wp-content\/uploads\/2019\/10\/santa-teresa-y-la-cruz.jpg 1159w\" sizes=\"(max-width: 742px) 100vw, 742px\" \/><\/figure>\n\n\n\n<p>El concierto \u2018Glosas y\ndanzas. Ret\u00f3rica en la m\u00fasica en di\u00e1logo entre flauta y sacabuche\u2019 se celebrar\u00e1\nel mi\u00e9rcoles 16 de octubre, con un repertorio basado en la m\u00fasica espa\u00f1ola e\nitaliana del Renacimiento y barroco temprano. La formaci\u00f3n musical \u2018Concierto\nIb\u00e9rico\u2019, fundada en 2017, est\u00e1 compuesta en la actualidad por los m\u00fasicos Olga\nRod\u00f3n, Juan Gonz\u00e1lez y Lea Suter, ser\u00e1 la encargada de ofrecer este recital.<\/p>\n\n\n\n<p>El IV Ciclo Teresiano\nser\u00e1 clausurado el 24 de octubre por el comisario de la exposici\u00f3n \u2018M\u00edsticos\u2019 y\ndoctor en Historia del Arte Nacho Ruiz, quien acercar\u00e1 a los asistentes la\ng\u00e9nesis, la materializaci\u00f3n y los ecos posteriores de la exposici\u00f3n que,\ndedicada al mundo de la m\u00edstica con especial \u00e9nfasis en la relaci\u00f3n de Caravaca\ncon San Juan de la Cruz y Santa Teresa de Jes\u00fas, se celebr\u00f3 en la antigua\niglesia de la Compa\u00f1\u00eda de Jes\u00fas entre los meses de septiembre de 2018 y enero\nde 2019. Casi 40.000 personas visitaron esta exposici\u00f3n.<\/p>\n\n\n\n<p>&nbsp;&nbsp;&nbsp;&nbsp;&nbsp;&nbsp;&nbsp;&nbsp; Todas\nlas actividades programadas por la Concejal\u00eda de Cultura del Ayuntamiento de\nCaravaca y los Carmelitas Descalzos dentro de este Ciclo Teresiano dar\u00e1n\ncomienzo a las 20.30 horas, en la iglesia de San Jos\u00e9 de la calle Mayor, con\nentrada libre. <\/p>\n","protected":false},"excerpt":{"rendered":"<p>El ciclo tendr\u00e1 lugar los d\u00edas 3, 10, 16 y 24 de octubre en la iglesia de San Jos\u00e9 del antiguo convento de las Carmelitas Descalzas El profesor y carmelita Secundino Castro, catedr\u00e1tico de la Universidad de Comillas, ofrecer\u00e1 la conferencia \u2018Teresa de Jes\u00fas, maestra y disc\u00edpula de la Palabra\u2019 El comisario art\u00edstico y galerista [&hellip;]<\/p>\n","protected":false},"author":2,"featured_media":0,"comment_status":"open","ping_status":"open","sticky":false,"template":"","format":"standard","meta":{"footnotes":""},"categories":[3,10,2117,2126,14,2377],"tags":[364,2600,1816],"class_list":["post-8360","post","type-post","status-publish","format-standard","hentry","category-actividades","category-conciertos-2","category-cruz-de-caravaca","category-espanol","category-eventos","category-religion","tag-caravaca-de-la-cruz","tag-ciclo-teresiano","tag-santa-teresa-de-jesus"],"_links":{"self":[{"href":"https:\/\/www.turismocaravaca.com\/blog\/wp-json\/wp\/v2\/posts\/8360"}],"collection":[{"href":"https:\/\/www.turismocaravaca.com\/blog\/wp-json\/wp\/v2\/posts"}],"about":[{"href":"https:\/\/www.turismocaravaca.com\/blog\/wp-json\/wp\/v2\/types\/post"}],"author":[{"embeddable":true,"href":"https:\/\/www.turismocaravaca.com\/blog\/wp-json\/wp\/v2\/users\/2"}],"replies":[{"embeddable":true,"href":"https:\/\/www.turismocaravaca.com\/blog\/wp-json\/wp\/v2\/comments?post=8360"}],"version-history":[{"count":1,"href":"https:\/\/www.turismocaravaca.com\/blog\/wp-json\/wp\/v2\/posts\/8360\/revisions"}],"predecessor-version":[{"id":8364,"href":"https:\/\/www.turismocaravaca.com\/blog\/wp-json\/wp\/v2\/posts\/8360\/revisions\/8364"}],"wp:attachment":[{"href":"https:\/\/www.turismocaravaca.com\/blog\/wp-json\/wp\/v2\/media?parent=8360"}],"wp:term":[{"taxonomy":"category","embeddable":true,"href":"https:\/\/www.turismocaravaca.com\/blog\/wp-json\/wp\/v2\/categories?post=8360"},{"taxonomy":"post_tag","embeddable":true,"href":"https:\/\/www.turismocaravaca.com\/blog\/wp-json\/wp\/v2\/tags?post=8360"}],"curies":[{"name":"wp","href":"https:\/\/api.w.org\/{rel}","templated":true}]}}