{"id":8400,"date":"2019-10-17T13:18:18","date_gmt":"2019-10-17T11:18:18","guid":{"rendered":"http:\/\/www.turismocaravaca.com\/blog\/?p=8400"},"modified":"2019-10-17T13:18:18","modified_gmt":"2019-10-17T11:18:18","slug":"feria-de-caravaca-de-la-cruz-2019","status":"publish","type":"post","link":"https:\/\/www.turismocaravaca.com\/blog\/feria-de-caravaca-de-la-cruz-2019\/","title":{"rendered":"Feria de Caravaca de la Cruz 2019"},"content":{"rendered":"\n<figure class=\"wp-block-image\"><img loading=\"lazy\" decoding=\"async\" width=\"726\" height=\"1024\" src=\"https:\/\/www.turismocaravaca.com\/blog\/wp-content\/uploads\/2019\/10\/FERIADECARAVACA2019b-726x1024.jpg\" alt=\"\" class=\"wp-image-8401\" srcset=\"https:\/\/www.turismocaravaca.com\/blog\/wp-content\/uploads\/2019\/10\/FERIADECARAVACA2019b-726x1024.jpg 726w, https:\/\/www.turismocaravaca.com\/blog\/wp-content\/uploads\/2019\/10\/FERIADECARAVACA2019b-213x300.jpg 213w, https:\/\/www.turismocaravaca.com\/blog\/wp-content\/uploads\/2019\/10\/FERIADECARAVACA2019b-768x1083.jpg 768w, https:\/\/www.turismocaravaca.com\/blog\/wp-content\/uploads\/2019\/10\/FERIADECARAVACA2019b.jpg 1203w\" sizes=\"(max-width: 726px) 100vw, 726px\" \/><\/figure>\n\n\n\n<p><strong>M\u00e1s de 20 empresas y 300 veh\u00edculos estar\u00e1n presentes la Feria de Caravaca, que se celebra los d\u00edas 18, 19 y 20 de octubre<\/strong><\/p>\n\n\n\n<p><strong>El evento,\nque muestra el potencial comercial y empresarial del municipio, llega arropado\npor actividades culturales y gastron\u00f3micas para todos los p\u00fablicos<\/strong><\/p>\n\n\n\n<p><strong>Una de las principales novedades ser\u00e1n los conciertos gratuitos del s\u00e1bado noche, con las actuaciones en el recinto festero del grupo \u2018Bombai\u2019 y la DJ Carrie Palmer<\/strong><\/p>\n\n\n\n<figure class=\"wp-block-image is-resized\"><img loading=\"lazy\" decoding=\"async\" src=\"https:\/\/www.turismocaravaca.com\/blog\/wp-content\/uploads\/2019\/10\/programacionFeriaCaravaca2019-1024x728.jpg\" alt=\"\" class=\"wp-image-8402\" width=\"430\" height=\"306\" srcset=\"https:\/\/www.turismocaravaca.com\/blog\/wp-content\/uploads\/2019\/10\/programacionFeriaCaravaca2019.jpg 1024w, https:\/\/www.turismocaravaca.com\/blog\/wp-content\/uploads\/2019\/10\/programacionFeriaCaravaca2019-300x213.jpg 300w, https:\/\/www.turismocaravaca.com\/blog\/wp-content\/uploads\/2019\/10\/programacionFeriaCaravaca2019-768x546.jpg 768w\" sizes=\"(max-width: 430px) 100vw, 430px\" \/><\/figure>\n\n\n\n<p><\/p>\n\n\n\n<p><strong>\u2018Las Cocinas del Jubileo\u2019, el Mercado de Antig\u00fcedades y una exhibici\u00f3n de coches antiguos forman parte del programa de la feria, entre otras actividades<\/strong><\/p>\n\n\n\n<p>Exposici\u00f3n y venta de veh\u00edculos y maquinaria agr\u00edcola de la mano de m\u00e1s de 20 empresas y lo mejor de la gastronom\u00eda y de la artesan\u00eda de la tierra se dar\u00e1n cita en la Feria de Caravaca, que se celebra los d\u00edas 18, 19 y 20 de octubre, arropada por un completo y variado programa de actividades. <\/p>\n\n\n\n<figure class=\"wp-block-image\"><img loading=\"lazy\" decoding=\"async\" width=\"1024\" height=\"683\" src=\"https:\/\/www.turismocaravaca.com\/blog\/wp-content\/uploads\/2019\/10\/PresentacionFeriaDeCaravaca19-07-1024x683.jpg\" alt=\"\" class=\"wp-image-8403\" srcset=\"https:\/\/www.turismocaravaca.com\/blog\/wp-content\/uploads\/2019\/10\/PresentacionFeriaDeCaravaca19-07-1024x683.jpg 1024w, https:\/\/www.turismocaravaca.com\/blog\/wp-content\/uploads\/2019\/10\/PresentacionFeriaDeCaravaca19-07-300x200.jpg 300w, https:\/\/www.turismocaravaca.com\/blog\/wp-content\/uploads\/2019\/10\/PresentacionFeriaDeCaravaca19-07-768x512.jpg 768w\" sizes=\"(max-width: 1024px) 100vw, 1024px\" \/><\/figure>\n\n\n\n<p>&nbsp;&nbsp;&nbsp;&nbsp;&nbsp;&nbsp;&nbsp;&nbsp; El\nalcalde, Jos\u00e9 Francisco Garc\u00eda, y la concejal responsable de Comercio, Ana Bel\u00e9n\nMart\u00ednez, han presentado este evento, junto a representantes de los distintos colectivos\ny asociaciones implicados en su organizaci\u00f3n, entre los que destaca la nueva\nasociaci\u00f3n local del sector de la automoci\u00f3n \u2018Asacar\u2019, &nbsp;la asociaci\u00f3n comarcal para la promoci\u00f3n de la\nhosteler\u00eda y la gastronom\u00eda \u2018Asprocomur\u2019 y el Bando de los Caballos del Vino. <\/p>\n\n\n\n<p>&nbsp;&nbsp;&nbsp;&nbsp;&nbsp;&nbsp;&nbsp;&nbsp; \u201cLa\nuni\u00f3n hace la fuerza y hemos realizado un esfuerzo para aunar voluntades,\ntrabajar en equipo y adaptar esta feria de larga tradici\u00f3n a los nuevos\ntiempos\u201d, expres\u00f3 Jos\u00e9 Francisco Garc\u00eda, quien hizo referencia a la historia y\npotencial comercial y empresarial de Caravaca de la Cruz como cabecera de la\nComarca del Noroeste y zona de influencia para numerosos n\u00facleos de poblaci\u00f3n de\nprovincias lim\u00edtrofes \u201cpor lo que esta feria, cuyas primeras referencias\nescritas se remontan al 1500, sigue teniendo mucho sentido\u201d. <\/p>\n\n\n\n<p>&nbsp;&nbsp;&nbsp;&nbsp;&nbsp;&nbsp;&nbsp;&nbsp; Por su\nparte, desde la asociaci\u00f3n Asacar destacaron su satisfacci\u00f3n por el empuje que\nexperimenta en esta edici\u00f3n la feria, \u201ccon la participaci\u00f3n directa de una\nveintena de empresas del sector, que generan cerca de 300 empleos estables\ndirectos y que van a sacar a la calle unos 300 de coches y maquinaria agr\u00edcola\npara visibilizar que es un sector muy vivo y clave para la econ\u00f3mica local\u201d, en\npalabras del empresario Jos\u00e9 de la Cruz L\u00f3pez.<\/p>\n\n\n\n<p>&nbsp;&nbsp;&nbsp;&nbsp;&nbsp;&nbsp;&nbsp;&nbsp; La edil\nde Comercio tuvo palabras de agradecimiento para todas las personas implicadas en\nla organizaci\u00f3n \u201cpor la buena sinton\u00eda y predisposici\u00f3n a trabajar en este\nevento que va en beneficio del sector comercial y empresarial de Caravaca\u201d.  <\/p>\n\n\n\n<p><strong>Programa de actividades<\/strong><\/p>\n\n\n\n<p><strong>\u00a0\u00a0\u00a0\u00a0\u00a0\u00a0\u00a0 <\/strong>La Feria de Caravaca 2019 arrancar\u00e1 el viernes, 18 de octubre y finalizar\u00e1 el domingo. 20 octubre. Dentro del programa de actividades, se encuentra la Feria de Maquinaria Agr\u00edcola y Automoci\u00f3n, el evento gastron\u00f3mico \u2018Las cocinas del jubileo\u2019 que patrocina la Fundaci\u00f3n Camino de la Cruz, el Mercado de Antig\u00fcedades, Coleccionismo y Segunda Mano, la exhibici\u00f3n de veh\u00edculos cl\u00e1sicos, el concurso ecuestre de doma socia y las atracciones infantiles. <\/p>\n\n\n\n<figure class=\"wp-block-image\"><img loading=\"lazy\" decoding=\"async\" width=\"702\" height=\"1024\" src=\"https:\/\/www.turismocaravaca.com\/blog\/wp-content\/uploads\/2019\/10\/cartel-antiguedades-2019-702x1024.jpg\" alt=\"\" class=\"wp-image-8404\" srcset=\"https:\/\/www.turismocaravaca.com\/blog\/wp-content\/uploads\/2019\/10\/cartel-antiguedades-2019-702x1024.jpg 702w, https:\/\/www.turismocaravaca.com\/blog\/wp-content\/uploads\/2019\/10\/cartel-antiguedades-2019-206x300.jpg 206w, https:\/\/www.turismocaravaca.com\/blog\/wp-content\/uploads\/2019\/10\/cartel-antiguedades-2019-768x1120.jpg 768w\" sizes=\"(max-width: 702px) 100vw, 702px\" \/><\/figure>\n\n\n\n<p>\u00a0\u00a0\u00a0\u00a0\u00a0\u00a0\u00a0\u00a0 Por primera vez en el programa de la Feria de Caravaca se integran los actos de la Romer\u00eda del Bando de los Caballos del Vino y los conciertos del recinto festero con grupo \u2018Bombay\u2019 y la DJ Carrie Palmer, que actuar\u00e1n el s\u00e1bado, 19 de octubre, a las 23.00 horas, con acceso gratuito.<\/p>\n\n\n\n<figure class=\"wp-block-image\"><img loading=\"lazy\" decoding=\"async\" width=\"679\" height=\"960\" src=\"https:\/\/www.turismocaravaca.com\/blog\/wp-content\/uploads\/2019\/10\/cocinas-del-jubileo-OK-1.jpg\" alt=\"\" class=\"wp-image-8405\" srcset=\"https:\/\/www.turismocaravaca.com\/blog\/wp-content\/uploads\/2019\/10\/cocinas-del-jubileo-OK-1.jpg 679w, https:\/\/www.turismocaravaca.com\/blog\/wp-content\/uploads\/2019\/10\/cocinas-del-jubileo-OK-1-212x300.jpg 212w\" sizes=\"(max-width: 679px) 100vw, 679px\" \/><\/figure>\n\n\n\n<p> <\/p>\n\n\n\n<p><strong>ASACAR-<\/strong><strong>Asociaci\u00f3n Sector Automoci\u00f3n \u2013 Caravaca<\/strong><\/p>\n\n\n\n<p>&nbsp;&nbsp;&nbsp;&nbsp;&nbsp;&nbsp;&nbsp;&nbsp; La presentaci\u00f3n Feria de Caravaca 2019\nfue tambi\u00e9n la puesta de largo para Asacar, que agrupa a las empresas\ncaravaque\u00f1as del sector de la automoci\u00f3n. <\/p>\n\n\n\n<p>Hay m\u00e1s de 20 empresas entre concesionarios y compra-ventas, adem\u00e1s de otro n\u00famero importante de talleres mec\u00e1nicos independientes que dan trabajo directo a m\u00e1s de 300 personas (empleo fijo y estable) e indirectamente a otro buen n\u00famero de personas. En la zona hay un potencial de mercado de unos 1.000 veh\u00edculos nuevos y unos 1.500 veh\u00edculos usados, todo ello supone una facturaci\u00f3n aproximada de 40.000.000 Euros.<\/p>\n\n\n\n<figure class=\"wp-block-image\"><img loading=\"lazy\" decoding=\"async\" width=\"1024\" height=\"566\" src=\"https:\/\/www.turismocaravaca.com\/blog\/wp-content\/uploads\/2019\/10\/PresentacionFeriaDeCaravaca19-01-1024x566.jpg\" alt=\"\" class=\"wp-image-8407\" srcset=\"https:\/\/www.turismocaravaca.com\/blog\/wp-content\/uploads\/2019\/10\/PresentacionFeriaDeCaravaca19-01-1024x566.jpg 1024w, https:\/\/www.turismocaravaca.com\/blog\/wp-content\/uploads\/2019\/10\/PresentacionFeriaDeCaravaca19-01-300x166.jpg 300w, https:\/\/www.turismocaravaca.com\/blog\/wp-content\/uploads\/2019\/10\/PresentacionFeriaDeCaravaca19-01-768x424.jpg 768w\" sizes=\"(max-width: 1024px) 100vw, 1024px\" \/><\/figure>\n\n\n\n<p>\u201cHist\u00f3ricamente el comercio de Caravaca de la Cruz ha sido referente en nuestra comarca y zonas lim\u00edtrofes y es conveniente crear este gran escaparate y recordar a la ciudadan\u00eda nuestra presencia y cercan\u00eda. Tenemos producto, tenemos equipos de hombres y mujeres cualificados y ofrecemos confianza y garant\u00eda para satisfacer todas las necesidades comerciales\u201d, destacan desde la asociaci\u00f3n. <\/p>\n\n\n\n<p>Asimismo subrayan que con esta nueva asociaci\u00f3n se quiere potenciar la venta y reparaci\u00f3n de veh\u00edculos, tanto nuevos como usados, con todo tipo de facilidades, tanto en la venta como en reparaciones o mantenimiento, ofreciendo distintos tipos de financiaci\u00f3n. \u201cBuscamos una continua mejora de nuestros procesos internos que repercute en calidad y satisfacci\u00f3n de nuestros clientes\u201d, apuntan. <\/p>\n\n\n\n<p><strong>Fuente: Ayuntamiento de Caravaca de laCruz<\/strong><\/p>\n","protected":false},"excerpt":{"rendered":"<p>M\u00e1s de 20 empresas y 300 veh\u00edculos estar\u00e1n presentes la Feria de Caravaca, que se celebra los d\u00edas 18, 19 y 20 de octubre El evento, que muestra el potencial comercial y empresarial del municipio, llega arropado por actividades culturales y gastron\u00f3micas para todos los p\u00fablicos Una de las principales novedades ser\u00e1n los conciertos gratuitos [&hellip;]<\/p>\n","protected":false},"author":2,"featured_media":0,"comment_status":"open","ping_status":"open","sticky":false,"template":"","format":"standard","meta":{"footnotes":""},"categories":[3,10,11,2117,2126,14,15,16,17,20],"tags":[],"class_list":["post-8400","post","type-post","status-publish","format-standard","hentry","category-actividades","category-conciertos-2","category-concursos","category-cruz-de-caravaca","category-espanol","category-eventos","category-exhibiciones","category-exposiones","category-ferias","category-horarios-2"],"_links":{"self":[{"href":"https:\/\/www.turismocaravaca.com\/blog\/wp-json\/wp\/v2\/posts\/8400"}],"collection":[{"href":"https:\/\/www.turismocaravaca.com\/blog\/wp-json\/wp\/v2\/posts"}],"about":[{"href":"https:\/\/www.turismocaravaca.com\/blog\/wp-json\/wp\/v2\/types\/post"}],"author":[{"embeddable":true,"href":"https:\/\/www.turismocaravaca.com\/blog\/wp-json\/wp\/v2\/users\/2"}],"replies":[{"embeddable":true,"href":"https:\/\/www.turismocaravaca.com\/blog\/wp-json\/wp\/v2\/comments?post=8400"}],"version-history":[{"count":1,"href":"https:\/\/www.turismocaravaca.com\/blog\/wp-json\/wp\/v2\/posts\/8400\/revisions"}],"predecessor-version":[{"id":8408,"href":"https:\/\/www.turismocaravaca.com\/blog\/wp-json\/wp\/v2\/posts\/8400\/revisions\/8408"}],"wp:attachment":[{"href":"https:\/\/www.turismocaravaca.com\/blog\/wp-json\/wp\/v2\/media?parent=8400"}],"wp:term":[{"taxonomy":"category","embeddable":true,"href":"https:\/\/www.turismocaravaca.com\/blog\/wp-json\/wp\/v2\/categories?post=8400"},{"taxonomy":"post_tag","embeddable":true,"href":"https:\/\/www.turismocaravaca.com\/blog\/wp-json\/wp\/v2\/tags?post=8400"}],"curies":[{"name":"wp","href":"https:\/\/api.w.org\/{rel}","templated":true}]}}