{"id":8409,"date":"2019-10-22T10:36:18","date_gmt":"2019-10-22T08:36:18","guid":{"rendered":"http:\/\/www.turismocaravaca.com\/blog\/?p=8409"},"modified":"2019-10-22T10:36:18","modified_gmt":"2019-10-22T08:36:18","slug":"noemi-yepes-arte-y-naturaleza","status":"publish","type":"post","link":"https:\/\/www.turismocaravaca.com\/blog\/noemi-yepes-arte-y-naturaleza\/","title":{"rendered":"Noem\u00ed Yepes, Arte y Naturaleza"},"content":{"rendered":"\n<p>El blog de hoy de turismo\nlo vamos a dedicar a la exposici\u00f3n titulada\n\u2018Mawu. La madre de la luna y el universo\u2019 que en breve cerrar\u00e1 sus puertas.<\/p>\n\n\n\n<p>Esta muestra estar\u00e1 abierta al p\u00fablico hasta el 25 de octubre en el Centro Cultural Iglesia de la Compa\u00f1\u00eda, de lunes a viernes, entre las18.000 y las 21.00 horas, y forma parte del Plan de Espacios Expositivos de la Regi\u00f3n de Murcia impulsado por el Gobierno Aut\u00f3nomo en colaboraci\u00f3n con distintos ayuntamientos.<\/p>\n\n\n\n<div class=\"wp-block-image\"><figure class=\"aligncenter\"><img loading=\"lazy\" decoding=\"async\" width=\"734\" height=\"1024\" src=\"https:\/\/www.turismocaravaca.com\/blog\/wp-content\/uploads\/2019\/10\/CARTELNoem\u00ed-yepes-en-Caravaca-imprenta-734x1024.jpg\" alt=\"\" class=\"wp-image-8410\" srcset=\"https:\/\/www.turismocaravaca.com\/blog\/wp-content\/uploads\/2019\/10\/CARTELNoem\u00ed-yepes-en-Caravaca-imprenta-734x1024.jpg 734w, https:\/\/www.turismocaravaca.com\/blog\/wp-content\/uploads\/2019\/10\/CARTELNoem\u00ed-yepes-en-Caravaca-imprenta-215x300.jpg 215w, https:\/\/www.turismocaravaca.com\/blog\/wp-content\/uploads\/2019\/10\/CARTELNoem\u00ed-yepes-en-Caravaca-imprenta-768x1071.jpg 768w\" sizes=\"(max-width: 734px) 100vw, 734px\" \/><\/figure><\/div>\n\n\n\n<p>El Plan de Espacios Expositivos es una iniciativa de la Comunidad Aut\u00f3noma que busca promocionar a artistas residentes en la Regi\u00f3n de Murcia con el fin de enriquecer la oferta cultural de los municipios. Con un presupuesto de 100.000 euros del Instituto de las Industrias Culturales y las Artes, este a\u00f1o cuenta con 59 exposiciones en las que muestran su trabajo 67 artistas. El Ayuntamiento de Caravaca es uno de los consistorios que colaboran con este plan. <\/p>\n\n\n\n<p>La obra expuesta es de la artista murciana Noem\u00ed Yepes Mi\u00f1ano (Blanca, 1994), graduada en Bellas Artes. Desde 2015 ha realizado una quincena de exposiciones individuales y colectivas en distintas ciudades espa\u00f1olas. Su producci\u00f3n art\u00edstica est\u00e1 centrada en las construcciones escult\u00f3ricas.<\/p>\n\n\n\n<div class=\"wp-block-image\"><figure class=\"aligncenter\"><img loading=\"lazy\" decoding=\"async\" width=\"1024\" height=\"722\" src=\"https:\/\/www.turismocaravaca.com\/blog\/wp-content\/uploads\/2019\/10\/ExposicionNoemiYepes02-1024x722.jpg\" alt=\"\" class=\"wp-image-8412\" srcset=\"https:\/\/www.turismocaravaca.com\/blog\/wp-content\/uploads\/2019\/10\/ExposicionNoemiYepes02-1024x722.jpg 1024w, https:\/\/www.turismocaravaca.com\/blog\/wp-content\/uploads\/2019\/10\/ExposicionNoemiYepes02-300x211.jpg 300w, https:\/\/www.turismocaravaca.com\/blog\/wp-content\/uploads\/2019\/10\/ExposicionNoemiYepes02-768x541.jpg 768w\" sizes=\"(max-width: 1024px) 100vw, 1024px\" \/><\/figure><\/div>\n\n\n\n<p>Explica la propia autora que, al igual que en las anteriores exposiciones<em>, \u00abse basa en la naturaleza, as\u00ed como en la continuaci\u00f3n de la vida a trav\u00e9s de los materiales naturales y reciclados\u00bb<\/em>.\u00a0Yepes\u00a0busca con sus trabajos calar en el espectador la importancia de la protecci\u00f3n y cuidado de la naturaleza: \u00ab<em>Es necesario que cuidemos la naturaleza y todo nuestro entorno, para llegar a un conocimiento extremo<\/em>\u00ab.<\/p>\n\n\n\n<div class=\"wp-block-image\"><figure class=\"aligncenter\"><img loading=\"lazy\" decoding=\"async\" width=\"1024\" height=\"683\" src=\"https:\/\/www.turismocaravaca.com\/blog\/wp-content\/uploads\/2019\/10\/ExposicionNoemiYepes03-1024x683.jpg\" alt=\"\" class=\"wp-image-8411\" srcset=\"https:\/\/www.turismocaravaca.com\/blog\/wp-content\/uploads\/2019\/10\/ExposicionNoemiYepes03-1024x683.jpg 1024w, https:\/\/www.turismocaravaca.com\/blog\/wp-content\/uploads\/2019\/10\/ExposicionNoemiYepes03-300x200.jpg 300w, https:\/\/www.turismocaravaca.com\/blog\/wp-content\/uploads\/2019\/10\/ExposicionNoemiYepes03-768x512.jpg 768w\" sizes=\"(max-width: 1024px) 100vw, 1024px\" \/><\/figure><\/div>\n\n\n\n<p><\/p>\n\n\n\n<p>La parte central de la exposici\u00f3n son figuras femeninas, que se caracterizan por su esbeltez y abstracto, aunque tambi\u00e9n hay alguna figura hiperrealista. \u00abTrato de que se vea un poco la s\u00edntesis de la mujer y sobre todo el nacimiento: la protecci\u00f3n de la madre a la hija\u00bb, incide la autora, quien explica que la parte masculina est\u00e1 representada \u00aba trav\u00e9s de las espirales y la continuaci\u00f3n de la vida\u00bb.<\/p>\n\n\n\n<div class=\"wp-block-image\"><figure class=\"aligncenter\"><img loading=\"lazy\" decoding=\"async\" width=\"876\" height=\"1024\" src=\"https:\/\/www.turismocaravaca.com\/blog\/wp-content\/uploads\/2019\/10\/img_1129-876x1024.jpg\" alt=\"\" class=\"wp-image-8413\" srcset=\"https:\/\/www.turismocaravaca.com\/blog\/wp-content\/uploads\/2019\/10\/img_1129-876x1024.jpg 876w, https:\/\/www.turismocaravaca.com\/blog\/wp-content\/uploads\/2019\/10\/img_1129-257x300.jpg 257w, https:\/\/www.turismocaravaca.com\/blog\/wp-content\/uploads\/2019\/10\/img_1129-768x897.jpg 768w\" sizes=\"(max-width: 876px) 100vw, 876px\" \/><\/figure><\/div>\n\n\n\n<p>Noem\u00ed\ntrabaja con diferentes materiales, pero el m\u00e1s usado es el ESPARTO del cual\nconfiesa que \u00absiempre es la parte central de mis exposiciones, llegu\u00e9 a\nello porque vengo de familia espartera, mis dos abuelas trabajaron toda la vida\nel esparto\u00bb. Tambi\u00e9n recuerda que \u00abpara m\u00ed es muy importante\npotenciar ese material que se est\u00e1 perdiendo, es como darle otro giro, y m\u00e1s\nsiendo tan natural y de la tierra\u00bb.&nbsp;&nbsp;&nbsp;&nbsp;&nbsp;&nbsp;&nbsp;&nbsp; <\/p>\n\n\n\n<p>Fuentes:\n<\/p>\n\n\n\n<p>Ayuntamiento\nde Caravaca de la Cruz<\/p>\n\n\n\n<p><a href=\"https:\/\/www.laopiniondemurcia.es\">https:\/\/www.laopiniondemurcia.es<\/a><\/p>\n","protected":false},"excerpt":{"rendered":"<p>El blog de hoy de turismo lo vamos a dedicar a la exposici\u00f3n titulada \u2018Mawu. La madre de la luna y el universo\u2019 que en breve cerrar\u00e1 sus puertas. Esta muestra estar\u00e1 abierta al p\u00fablico hasta el 25 de octubre en el Centro Cultural Iglesia de la Compa\u00f1\u00eda, de lunes a viernes, entre las18.000 y [&hellip;]<\/p>\n","protected":false},"author":2,"featured_media":8411,"comment_status":"open","ping_status":"open","sticky":false,"template":"","format":"standard","meta":{"footnotes":""},"categories":[4,13,2126,16],"tags":[],"class_list":["post-8409","post","type-post","status-publish","format-standard","has-post-thumbnail","hentry","category-arte","category-escultura-2","category-espanol","category-exposiones"],"_links":{"self":[{"href":"https:\/\/www.turismocaravaca.com\/blog\/wp-json\/wp\/v2\/posts\/8409"}],"collection":[{"href":"https:\/\/www.turismocaravaca.com\/blog\/wp-json\/wp\/v2\/posts"}],"about":[{"href":"https:\/\/www.turismocaravaca.com\/blog\/wp-json\/wp\/v2\/types\/post"}],"author":[{"embeddable":true,"href":"https:\/\/www.turismocaravaca.com\/blog\/wp-json\/wp\/v2\/users\/2"}],"replies":[{"embeddable":true,"href":"https:\/\/www.turismocaravaca.com\/blog\/wp-json\/wp\/v2\/comments?post=8409"}],"version-history":[{"count":1,"href":"https:\/\/www.turismocaravaca.com\/blog\/wp-json\/wp\/v2\/posts\/8409\/revisions"}],"predecessor-version":[{"id":8414,"href":"https:\/\/www.turismocaravaca.com\/blog\/wp-json\/wp\/v2\/posts\/8409\/revisions\/8414"}],"wp:featuredmedia":[{"embeddable":true,"href":"https:\/\/www.turismocaravaca.com\/blog\/wp-json\/wp\/v2\/media\/8411"}],"wp:attachment":[{"href":"https:\/\/www.turismocaravaca.com\/blog\/wp-json\/wp\/v2\/media?parent=8409"}],"wp:term":[{"taxonomy":"category","embeddable":true,"href":"https:\/\/www.turismocaravaca.com\/blog\/wp-json\/wp\/v2\/categories?post=8409"},{"taxonomy":"post_tag","embeddable":true,"href":"https:\/\/www.turismocaravaca.com\/blog\/wp-json\/wp\/v2\/tags?post=8409"}],"curies":[{"name":"wp","href":"https:\/\/api.w.org\/{rel}","templated":true}]}}